{"id":1315,"date":"2026-08-24T11:43:55","date_gmt":"2026-08-24T09:43:55","guid":{"rendered":"https:\/\/mathriders.pl\/warszawa-wesola\/?p=1315"},"modified":"2026-08-24T11:48:38","modified_gmt":"2026-08-24T09:48:38","slug":"zbliza-sie-dzien-otwarty-w-mathriders","status":"publish","type":"post","link":"https:\/\/mathriders.pl\/warszawa-wesola\/aktualnosci\/zbliza-sie-dzien-otwarty-w-mathriders\/","title":{"rendered":"Zbli\u017ca si\u0119 Dzie\u0144 Otwarty w MathRiders!"},"content":{"rendered":"<style>.kb-countdown-container-1315_17b61e-83{border-top-left-radius:0px;border-top-right-radius:0px;border-bottom-right-radius:0px;border-bottom-left-radius:0px;border-top-width:0px;border-right-width:0px;border-bottom-width:0px;border-left-width:0px;}.kb-countdown-container-1315_17b61e-83 .kb-countdown-date-item:not( .kb-countdown-divider-item ){border-top-left-radius:0px;border-top-right-radius:0px;border-bottom-right-radius:0px;border-bottom-left-radius:0px;}<\/style>\n<div class=\"wp-block-kadence-countdown kb-countdown-container kb-countdown-container-1315_17b61e-83 kb-countdown-timer-layout-block kb-countdown-has-timer kb-countdown-align-right\" data-id=\"1315_17b61e-83\">\n<div class=\"wp-block-kadence-countdown-timer kb-countdown-timer-1315_a5916e-c7 kb-countdown-timer\"><div class=\"kb-countdown-item kb-countdown-date-item\"><span class=\"kb-countdown-number\">\u00a0<\/span><span class=\"kb-countdown-label\">\u00a0<\/span><\/div><\/div>\n<\/div>\n\n\n<style>.kb-row-layout-id1315_615574-10 > .kt-row-column-wrap{align-content:start;}:where(.kb-row-layout-id1315_615574-10 > .kt-row-column-wrap) > .wp-block-kadence-column{justify-content:start;}.kb-row-layout-id1315_615574-10 > .kt-row-column-wrap{column-gap:var(--global-kb-gap-md, 2rem);row-gap:var(--global-kb-gap-md, 2rem);padding-bottom:var(--global-kb-spacing-sm, 1.5rem);grid-template-columns:minmax(0, 1fr);}.kb-row-layout-id1315_615574-10 > .kt-row-layout-overlay{opacity:0.30;}@media all and (max-width: 1024px){.kb-row-layout-id1315_615574-10 > .kt-row-column-wrap{grid-template-columns:minmax(0, 1fr);}}@media all and (max-width: 767px){.kb-row-layout-id1315_615574-10 > .kt-row-column-wrap{grid-template-columns:minmax(0, 1fr);}}<\/style><div class=\"kb-row-layout-wrap kb-row-layout-id1315_615574-10 alignnone wp-block-kadence-rowlayout\"><div class=\"kt-row-column-wrap kt-has-1-columns kt-row-layout-equal kt-tab-layout-inherit kt-mobile-layout-row kt-row-valign-top\">\n<style>.kadence-column1315_26aba4-43 > .kt-inside-inner-col,.kadence-column1315_26aba4-43 > .kt-inside-inner-col:before{border-top-left-radius:0px;border-top-right-radius:0px;border-bottom-right-radius:0px;border-bottom-left-radius:0px;}.kadence-column1315_26aba4-43 > .kt-inside-inner-col{column-gap:var(--global-kb-gap-sm, 1rem);}.kadence-column1315_26aba4-43 > .kt-inside-inner-col{flex-direction:column;}.kadence-column1315_26aba4-43 > .kt-inside-inner-col > .aligncenter{width:100%;}.kadence-column1315_26aba4-43 > .kt-inside-inner-col:before{opacity:0.3;}.kadence-column1315_26aba4-43{position:relative;}@media all and (max-width: 1024px){.kadence-column1315_26aba4-43 > .kt-inside-inner-col{flex-direction:column;justify-content:center;}}@media all and (max-width: 767px){.kadence-column1315_26aba4-43 > .kt-inside-inner-col{flex-direction:column;justify-content:center;}}<\/style>\n<div class=\"wp-block-kadence-column kadence-column1315_26aba4-43\"><div class=\"kt-inside-inner-col\"><style>.kb-row-layout-id1315_a2a826-12 > .kt-row-column-wrap{align-content:start;}:where(.kb-row-layout-id1315_a2a826-12 > .kt-row-column-wrap) > .wp-block-kadence-column{justify-content:start;}.kb-row-layout-id1315_a2a826-12 > .kt-row-column-wrap{column-gap:var(--global-kb-gap-md, 2rem);row-gap:var(--global-kb-gap-md, 2rem);grid-template-columns:minmax(0, 1fr);}.kb-row-layout-id1315_a2a826-12 > .kt-row-layout-overlay{opacity:0.30;}@media all and (max-width: 1024px){.kb-row-layout-id1315_a2a826-12 > .kt-row-column-wrap{grid-template-columns:minmax(0, 1fr);}}@media all and (max-width: 767px){.kb-row-layout-id1315_a2a826-12 > .kt-row-column-wrap{grid-template-columns:minmax(0, 1fr);}}<\/style><div class=\"kb-row-layout-wrap kb-row-layout-id1315_a2a826-12 alignnone wp-block-kadence-rowlayout\"><div class=\"kt-row-column-wrap kt-has-1-columns kt-row-layout-equal kt-tab-layout-inherit kt-mobile-layout-row kt-row-valign-top\">\n<style>.kadence-column1315_6e60dd-19 > .kt-inside-inner-col,.kadence-column1315_6e60dd-19 > .kt-inside-inner-col:before{border-top-left-radius:0px;border-top-right-radius:0px;border-bottom-right-radius:0px;border-bottom-left-radius:0px;}.kadence-column1315_6e60dd-19 > .kt-inside-inner-col{column-gap:var(--global-kb-gap-sm, 1rem);}.kadence-column1315_6e60dd-19 > .kt-inside-inner-col{flex-direction:column;}.kadence-column1315_6e60dd-19 > .kt-inside-inner-col > .aligncenter{width:100%;}.kadence-column1315_6e60dd-19 > .kt-inside-inner-col:before{opacity:0.3;}.kadence-column1315_6e60dd-19{position:relative;}@media all and (max-width: 1024px){.kadence-column1315_6e60dd-19 > .kt-inside-inner-col{flex-direction:column;justify-content:center;}}@media all and (max-width: 767px){.kadence-column1315_6e60dd-19 > .kt-inside-inner-col{flex-direction:column;justify-content:center;}}<\/style>\n<div class=\"wp-block-kadence-column kadence-column1315_6e60dd-19\"><div class=\"kt-inside-inner-col\"><style>.kb-row-layout-id1315_47815c-80 > .kt-row-column-wrap{align-content:start;}:where(.kb-row-layout-id1315_47815c-80 > .kt-row-column-wrap) > .wp-block-kadence-column{justify-content:start;}.kb-row-layout-id1315_47815c-80 > .kt-row-column-wrap{column-gap:var(--global-kb-gap-md, 2rem);row-gap:var(--global-kb-gap-md, 2rem);padding-top:var(--global-kb-spacing-sm, 1.5rem);grid-template-columns:minmax(0, calc(65% - ((var(--global-kb-gap-md, 2rem) * 1 )\/2)))minmax(0, calc(35% - ((var(--global-kb-gap-md, 2rem) * 1 )\/2)));}.kb-row-layout-id1315_47815c-80 > .kt-row-layout-overlay{opacity:0.30;}@media all and (max-width: 1024px){.kb-row-layout-id1315_47815c-80 > .kt-row-column-wrap{grid-template-columns:minmax(0, 2fr) minmax(0, 1fr);}}@media all and (max-width: 767px){.kb-row-layout-id1315_47815c-80 > .kt-row-column-wrap{grid-template-columns:minmax(0, 1fr);}}<\/style><div class=\"kb-row-layout-wrap kb-row-layout-id1315_47815c-80 alignnone wp-block-kadence-rowlayout\"><div class=\"kt-row-column-wrap kt-has-2-columns kt-row-layout-left-golden kt-tab-layout-inherit kt-mobile-layout-row kt-row-valign-top\">\n<style>.kadence-column1315_5e9634-4d > .kt-inside-inner-col,.kadence-column1315_5e9634-4d > .kt-inside-inner-col:before{border-top-left-radius:0px;border-top-right-radius:0px;border-bottom-right-radius:0px;border-bottom-left-radius:0px;}.kadence-column1315_5e9634-4d > .kt-inside-inner-col{column-gap:var(--global-kb-gap-sm, 1rem);}.kadence-column1315_5e9634-4d > .kt-inside-inner-col{flex-direction:column;}.kadence-column1315_5e9634-4d > .kt-inside-inner-col > .aligncenter{width:100%;}.kadence-column1315_5e9634-4d > .kt-inside-inner-col:before{opacity:0.3;}.kadence-column1315_5e9634-4d{position:relative;}@media all and (max-width: 1024px){.kadence-column1315_5e9634-4d > .kt-inside-inner-col{flex-direction:column;justify-content:center;}}@media all and (max-width: 767px){.kadence-column1315_5e9634-4d > .kt-inside-inner-col{flex-direction:column;justify-content:center;}}<\/style>\n<div class=\"wp-block-kadence-column kadence-column1315_5e9634-4d\"><div class=\"kt-inside-inner-col\">\n<h2 class=\"wp-block-heading\">Dzie\u0144 Otwarty!<\/h2>\n\n\n\n<p class=\"wp-block-paragraph\">Ju\u017c za dwa tygodnie, 5 wrze\u015bnia 2026, odb\u0119dzie si\u0119 dzie\u0144 otwarty w naszej plac\u00f3wce w Warszawie Weso\u0142a, ul. Kameliowa 23. <\/p>\n\n\n\n<p class=\"wp-block-paragraph\">Z wielk\u0105 ch\u0119ci\u0105 zapraszamy wszystkich od 12 do 16, aby razem z nami bawi\u0107 si\u0119 i odkrywa\u0107 niesamowity \u015bwiat matematyki!<\/p>\n\n\n\n<p class=\"wp-block-paragraph\">Podczas dnia otwartego b\u0119dzie mo\u017cna wzi\u0105\u0107 udzia\u0142 w naszych zabawnych aktywno\u015bciach, przygotowanych specjalnie dla dzieci w r\u00f3\u017cnym wieku oraz uczestniczy\u0107 w ciekawych lekcjach pokazowych. B\u0119dziemy r\u00f3wnie\u017c do Waszej dyspozycji my: nauczyciele, kt\u00f3rzy bardzo ch\u0119tnie odpowiedz\u0105 na wszystkie pytania.<\/p>\n\n\n\n<p class=\"wp-block-paragraph\">Sp\u0119d\u017acie sobot\u0119 razem z nami  i bawcie si\u0119 dobrze!<\/p>\n\n\n\n<p class=\"wp-block-paragraph\">Team MathRiders Weso\u0142a<\/p>\n<\/div><\/div>\n\n\n<style>.kadence-column1315_e8a35d-c4 > .kt-inside-inner-col,.kadence-column1315_e8a35d-c4 > .kt-inside-inner-col:before{border-top-left-radius:0px;border-top-right-radius:0px;border-bottom-right-radius:0px;border-bottom-left-radius:0px;}.kadence-column1315_e8a35d-c4 > .kt-inside-inner-col{column-gap:var(--global-kb-gap-sm, 1rem);}.kadence-column1315_e8a35d-c4 > .kt-inside-inner-col{flex-direction:column;}.kadence-column1315_e8a35d-c4 > .kt-inside-inner-col > .aligncenter{width:100%;}.kadence-column1315_e8a35d-c4 > .kt-inside-inner-col:before{opacity:0.3;}.kadence-column1315_e8a35d-c4{position:relative;}@media all and (max-width: 1024px){.kadence-column1315_e8a35d-c4 > .kt-inside-inner-col{flex-direction:column;justify-content:center;}}@media all and (max-width: 767px){.kadence-column1315_e8a35d-c4 > .kt-inside-inner-col{flex-direction:column;justify-content:center;}}<\/style>\n<div class=\"wp-block-kadence-column kadence-column1315_e8a35d-c4\"><div class=\"kt-inside-inner-col\">\n<div class=\"wp-block-cover\"><img loading=\"lazy\" decoding=\"async\" width=\"683\" height=\"1024\" class=\"wp-block-cover__image-background wp-image-1116\" alt=\"\" src=\"https:\/\/mathriders.pl\/warszawa-wesola\/wp-content\/uploads\/sites\/29\/2025\/09\/dzien-otwarty-mr-2025-39-683x1024.jpg\" data-object-fit=\"cover\" srcset=\"https:\/\/mathriders.pl\/warszawa-wesola\/wp-content\/uploads\/sites\/29\/2025\/09\/dzien-otwarty-mr-2025-39-683x1024.jpg 683w, https:\/\/mathriders.pl\/warszawa-wesola\/wp-content\/uploads\/sites\/29\/2025\/09\/dzien-otwarty-mr-2025-39-200x300.jpg 200w, https:\/\/mathriders.pl\/warszawa-wesola\/wp-content\/uploads\/sites\/29\/2025\/09\/dzien-otwarty-mr-2025-39-768x1152.jpg 768w, https:\/\/mathriders.pl\/warszawa-wesola\/wp-content\/uploads\/sites\/29\/2025\/09\/dzien-otwarty-mr-2025-39.jpg 1000w\" sizes=\"auto, (max-width: 683px) 100vw, 683px\" \/><span aria-hidden=\"true\" class=\"wp-block-cover__background has-background-dim\"><\/span><div class=\"wp-block-cover__inner-container is-layout-flow wp-block-cover-is-layout-flow\">\n<p class=\"has-text-align-center has-large-font-size wp-block-paragraph\"><\/p>\n<\/div><\/div>\n<\/div><\/div>\n\n<\/div><\/div><\/div><\/div>\n\n<\/div><\/div><\/div><\/div>\n\n<\/div><\/div>\n\n\n<p class=\"has-text-align-center wp-block-paragraph\">Planowane godziny lekcji pokazowych:<\/p>\n\n\n<style>.kadence-column1315_dee136-29 > .kt-inside-inner-col,.kadence-column1315_dee136-29 > .kt-inside-inner-col:before{border-top-left-radius:0px;border-top-right-radius:0px;border-bottom-right-radius:0px;border-bottom-left-radius:0px;}.kadence-column1315_dee136-29 > .kt-inside-inner-col{column-gap:var(--global-kb-gap-sm, 1rem);}.kadence-column1315_dee136-29 > .kt-inside-inner-col{flex-direction:column;}.kadence-column1315_dee136-29 > .kt-inside-inner-col > .aligncenter{width:100%;}.kadence-column1315_dee136-29 > .kt-inside-inner-col:before{opacity:0.3;}.kadence-column1315_dee136-29{position:relative;}@media all and (max-width: 1024px){.kadence-column1315_dee136-29 > .kt-inside-inner-col{flex-direction:column;justify-content:center;}}@media all and (max-width: 767px){.kadence-column1315_dee136-29 > .kt-inside-inner-col{flex-direction:column;justify-content:center;}}<\/style>\n<div class=\"wp-block-kadence-column kadence-column1315_dee136-29\"><div class=\"kt-inside-inner-col\">\n<div class=\"wp-block-group\"><div class=\"wp-block-group__inner-container is-layout-constrained wp-block-group-is-layout-constrained\">\n<div class=\"wp-block-columns is-layout-flex wp-container-core-columns-is-layout-8f761849 wp-block-columns-is-layout-flex\">\n<div class=\"wp-block-column is-layout-flow wp-block-column-is-layout-flow\" style=\"flex-basis:100%\"><style>.kb-table-container1315_8e0a8b-2c{overflow-x:auto;}.kb-table-container .kb-table1315_8e0a8b-2c th{padding-top:var(--global-kb-spacing-xxs, 0.5rem);padding-right:var(--global-kb-spacing-xxs, 0.5rem);padding-bottom:var(--global-kb-spacing-xxs, 0.5rem);padding-left:var(--global-kb-spacing-xxs, 0.5rem);text-align:center;}.kb-table-container .kb-table1315_8e0a8b-2c caption{text-align:center;}.kb-table-container .kb-table1315_8e0a8b-2c td{padding-top:var(--global-kb-spacing-xxs, 0.5rem);padding-right:var(--global-kb-spacing-xxs, 0.5rem);padding-bottom:var(--global-kb-spacing-xxs, 0.5rem);padding-left:var(--global-kb-spacing-xxs, 0.5rem);text-align:left;}<\/style><div class=\"kb-table-container kb-table-container1315_8e0a8b-2c wp-block-kadence-table\"><table class=\"kb-table kb-table1315_8e0a8b-2c\">\n<tr class=\"kb-table-row kb-table-row1315_67c636-11\">\n<td  class=\"kb-table-data kb-table-data1315_c1ba14-02\">\n\n<p class=\"has-text-align-center has-background wp-block-paragraph\" style=\"background-color:#d2dad2\">12:15<\/p>\n\n<\/td>\n\n<td  class=\"kb-table-data kb-table-data1315_68d3b5-28\">\n\n<p class=\"has-text-align-center has-background wp-block-paragraph\" style=\"background-color:#d2dad2\">13:15<\/p>\n\n<\/td>\n\n<td  class=\"kb-table-data kb-table-data1315_c366df-df\">\n\n<p class=\"has-text-align-center has-background wp-block-paragraph\" style=\"background-color:#d2dad2\">14:15<\/p>\n\n<\/td>\n\n<td  class=\"kb-table-data kb-table-data1315_bc5c8f-e1\">\n\n<p class=\"has-text-align-center has-background wp-block-paragraph\" style=\"background-color:#d2dad2\">15:15<\/p>\n\n<\/td>\n<\/tr>\n\n<tr class=\"kb-table-row kb-table-row1315_69cf6a-47\">\n<td  class=\"kb-table-data kb-table-data1315_1c7cea-fe\">\n\n<p class=\"has-text-align-center has-background wp-block-paragraph\" style=\"background-color:#77f177\">Dzieci <br>3-5 lat<\/p>\n\n<\/td>\n\n<td  class=\"kb-table-data kb-table-data1315_62d4ab-57\">\n\n<p class=\"has-text-align-center has-background wp-block-paragraph\" style=\"background-color:#6ae06a\">Dzieci <br>6-8 lat<\/p>\n\n<\/td>\n\n<td  class=\"kb-table-data kb-table-data1315_c6baff-e0\">\n\n<p class=\"has-text-align-center has-background wp-block-paragraph\" style=\"background-color:#56cd56\">Dzieci <br>9-11 lat<\/p>\n\n<\/td>\n\n<td  class=\"kb-table-data kb-table-data1315_e1d897-95\">\n\n<p class=\"has-text-align-center has-background wp-block-paragraph\" style=\"background-color:#4fae4f\">Klasa<br>6-8<\/p>\n\n<\/td>\n<\/tr>\n<\/table><\/div><\/div>\n<\/div>\n<\/div><\/div>\n<\/div><\/div>\n","protected":false},"excerpt":{"rendered":"<p>Dzie\u0144 Otwarty! Ju\u017c za dwa tygodnie, 5 wrze\u015bnia 2026, odb\u0119dzie si\u0119 dzie\u0144 otwarty w naszej plac\u00f3wce w Warszawie Weso\u0142a, ul. Kameliowa 23. Z wielk\u0105 ch\u0119ci\u0105 zapraszamy wszystkich od 12 do 16, aby razem z nami bawi\u0107 si\u0119 i odkrywa\u0107 niesamowity \u015bwiat matematyki! Podczas dnia otwartego b\u0119dzie mo\u017cna wzi\u0105\u0107 udzia\u0142 w naszych zabawnych aktywno\u015bciach, przygotowanych specjalnie&#8230;<\/p>\n","protected":false},"author":34,"featured_media":697,"comment_status":"open","ping_status":"closed","sticky":false,"template":"","format":"standard","meta":{"_acf_changed":false,"_kad_blocks_custom_css":"","_kad_blocks_head_custom_js":"","_kad_blocks_body_custom_js":"","_kad_blocks_footer_custom_js":"","_kad_post_transparent":"","_kad_post_title":"","_kad_post_layout":"","_kad_post_sidebar_id":"","_kad_post_content_style":"","_kad_post_vertical_padding":"","_kad_post_feature":"","_kad_post_feature_position":"","_kad_post_header":false,"_kad_post_footer":false,"_kad_post_classname":"","footnotes":""},"categories":[1],"tags":[],"class_list":["post-1315","post","type-post","status-publish","format-standard","has-post-thumbnail","hentry","category-aktualnosci"],"acf":[],"yoast_head":"<!-- This site is optimized with the Yoast SEO plugin v28.3 - https:\/\/yoast.com\/product\/yoast-seo-wordpress\/ -->\n<title>Zbli\u017ca si\u0119 Dzie\u0144 Otwarty w MathRiders! - Warszawa Weso\u0142a<\/title>\n<meta name=\"robots\" content=\"index, follow, max-snippet:-1, max-image-preview:large, max-video-preview:-1\" \/>\n<link rel=\"canonical\" href=\"https:\/\/mathriders.pl\/warszawa-wesola\/aktualnosci\/zbliza-sie-dzien-otwarty-w-mathriders\/\" \/>\n<meta property=\"og:locale\" content=\"pl_PL\" \/>\n<meta property=\"og:type\" content=\"article\" \/>\n<meta property=\"og:title\" content=\"Zbli\u017ca si\u0119 Dzie\u0144 Otwarty w MathRiders! - Warszawa Weso\u0142a\" \/>\n<meta property=\"og:description\" content=\"Dzie\u0144 Otwarty! Ju\u017c za dwa tygodnie, 5 wrze\u015bnia 2026, odb\u0119dzie si\u0119 dzie\u0144 otwarty w naszej plac\u00f3wce w Warszawie Weso\u0142a, ul. Kameliowa 23. Z wielk\u0105 ch\u0119ci\u0105 zapraszamy wszystkich od 12 do 16, aby razem z nami bawi\u0107 si\u0119 i odkrywa\u0107 niesamowity \u015bwiat matematyki! Podczas dnia otwartego b\u0119dzie mo\u017cna wzi\u0105\u0107 udzia\u0142 w naszych zabawnych aktywno\u015bciach, przygotowanych specjalnie...\" \/>\n<meta property=\"og:url\" content=\"https:\/\/mathriders.pl\/warszawa-wesola\/aktualnosci\/zbliza-sie-dzien-otwarty-w-mathriders\/\" \/>\n<meta property=\"og:site_name\" content=\"Warszawa Weso\u0142a\" \/>\n<meta property=\"article:published_time\" content=\"2026-08-24T09:43:55+00:00\" \/>\n<meta property=\"article:modified_time\" content=\"2026-08-24T09:48:38+00:00\" \/>\n<meta property=\"og:image\" content=\"https:\/\/mathriders.pl\/warszawa-wesola\/wp-content\/uploads\/sites\/29\/2024\/08\/7-wrzesnia-a4-orientacja-pozioma-1024x724.png\" \/>\n\t<meta property=\"og:image:width\" content=\"1024\" \/>\n\t<meta property=\"og:image:height\" content=\"724\" \/>\n\t<meta property=\"og:image:type\" content=\"image\/png\" \/>\n<meta name=\"author\" content=\"wesola\" \/>\n<meta name=\"twitter:card\" content=\"summary_large_image\" \/>\n<meta name=\"twitter:label1\" content=\"Napisane przez\" \/>\n\t<meta name=\"twitter:data1\" content=\"wesola\" \/>\n\t<meta name=\"twitter:label2\" content=\"Szacowany czas czytania\" \/>\n\t<meta name=\"twitter:data2\" content=\"2 minuty\" \/>\n<script type=\"application\/ld+json\" class=\"yoast-schema-graph\">{\"@context\":\"https:\\\/\\\/schema.org\",\"@graph\":[{\"@type\":\"Article\",\"@id\":\"https:\\\/\\\/mathriders.pl\\\/warszawa-wesola\\\/aktualnosci\\\/zbliza-sie-dzien-otwarty-w-mathriders\\\/#article\",\"isPartOf\":{\"@id\":\"https:\\\/\\\/mathriders.pl\\\/warszawa-wesola\\\/aktualnosci\\\/zbliza-sie-dzien-otwarty-w-mathriders\\\/\"},\"author\":{\"name\":\"wesola\",\"@id\":\"https:\\\/\\\/mathriders.pl\\\/warszawa-wesola\\\/#\\\/schema\\\/person\\\/f58545c81eae1d5e3238ffc0f6cf6d58\"},\"headline\":\"Zbli\u017ca si\u0119 Dzie\u0144 Otwarty w MathRiders!\",\"datePublished\":\"2026-08-24T09:43:55+00:00\",\"dateModified\":\"2026-08-24T09:48:38+00:00\",\"mainEntityOfPage\":{\"@id\":\"https:\\\/\\\/mathriders.pl\\\/warszawa-wesola\\\/aktualnosci\\\/zbliza-sie-dzien-otwarty-w-mathriders\\\/\"},\"wordCount\":125,\"commentCount\":0,\"publisher\":{\"@id\":\"https:\\\/\\\/mathriders.pl\\\/warszawa-wesola\\\/#organization\"},\"image\":{\"@id\":\"https:\\\/\\\/mathriders.pl\\\/warszawa-wesola\\\/aktualnosci\\\/zbliza-sie-dzien-otwarty-w-mathriders\\\/#primaryimage\"},\"thumbnailUrl\":\"https:\\\/\\\/mathriders.pl\\\/warszawa-wesola\\\/wp-content\\\/uploads\\\/sites\\\/29\\\/2024\\\/08\\\/7-wrzesnia-a4-orientacja-pozioma.png\",\"articleSection\":[\"Aktualno\u015bci\"],\"inLanguage\":\"pl-PL\",\"potentialAction\":[{\"@type\":\"CommentAction\",\"name\":\"Comment\",\"target\":[\"https:\\\/\\\/mathriders.pl\\\/warszawa-wesola\\\/aktualnosci\\\/zbliza-sie-dzien-otwarty-w-mathriders\\\/#respond\"]}]},{\"@type\":\"WebPage\",\"@id\":\"https:\\\/\\\/mathriders.pl\\\/warszawa-wesola\\\/aktualnosci\\\/zbliza-sie-dzien-otwarty-w-mathriders\\\/\",\"url\":\"https:\\\/\\\/mathriders.pl\\\/warszawa-wesola\\\/aktualnosci\\\/zbliza-sie-dzien-otwarty-w-mathriders\\\/\",\"name\":\"Zbli\u017ca si\u0119 Dzie\u0144 Otwarty w MathRiders! - Warszawa Weso\u0142a\",\"isPartOf\":{\"@id\":\"https:\\\/\\\/mathriders.pl\\\/warszawa-wesola\\\/#website\"},\"primaryImageOfPage\":{\"@id\":\"https:\\\/\\\/mathriders.pl\\\/warszawa-wesola\\\/aktualnosci\\\/zbliza-sie-dzien-otwarty-w-mathriders\\\/#primaryimage\"},\"image\":{\"@id\":\"https:\\\/\\\/mathriders.pl\\\/warszawa-wesola\\\/aktualnosci\\\/zbliza-sie-dzien-otwarty-w-mathriders\\\/#primaryimage\"},\"thumbnailUrl\":\"https:\\\/\\\/mathriders.pl\\\/warszawa-wesola\\\/wp-content\\\/uploads\\\/sites\\\/29\\\/2024\\\/08\\\/7-wrzesnia-a4-orientacja-pozioma.png\",\"datePublished\":\"2026-08-24T09:43:55+00:00\",\"dateModified\":\"2026-08-24T09:48:38+00:00\",\"breadcrumb\":{\"@id\":\"https:\\\/\\\/mathriders.pl\\\/warszawa-wesola\\\/aktualnosci\\\/zbliza-sie-dzien-otwarty-w-mathriders\\\/#breadcrumb\"},\"inLanguage\":\"pl-PL\",\"potentialAction\":[{\"@type\":\"ReadAction\",\"target\":[\"https:\\\/\\\/mathriders.pl\\\/warszawa-wesola\\\/aktualnosci\\\/zbliza-sie-dzien-otwarty-w-mathriders\\\/\"]}]},{\"@type\":\"ImageObject\",\"inLanguage\":\"pl-PL\",\"@id\":\"https:\\\/\\\/mathriders.pl\\\/warszawa-wesola\\\/aktualnosci\\\/zbliza-sie-dzien-otwarty-w-mathriders\\\/#primaryimage\",\"url\":\"https:\\\/\\\/mathriders.pl\\\/warszawa-wesola\\\/wp-content\\\/uploads\\\/sites\\\/29\\\/2024\\\/08\\\/7-wrzesnia-a4-orientacja-pozioma.png\",\"contentUrl\":\"https:\\\/\\\/mathriders.pl\\\/warszawa-wesola\\\/wp-content\\\/uploads\\\/sites\\\/29\\\/2024\\\/08\\\/7-wrzesnia-a4-orientacja-pozioma.png\",\"width\":2000,\"height\":1414},{\"@type\":\"BreadcrumbList\",\"@id\":\"https:\\\/\\\/mathriders.pl\\\/warszawa-wesola\\\/aktualnosci\\\/zbliza-sie-dzien-otwarty-w-mathriders\\\/#breadcrumb\",\"itemListElement\":[{\"@type\":\"ListItem\",\"position\":1,\"name\":\"Strona g\u0142\u00f3wna\",\"item\":\"https:\\\/\\\/mathriders.pl\\\/warszawa-wesola\\\/\"},{\"@type\":\"ListItem\",\"position\":2,\"name\":\"Zbli\u017ca si\u0119 Dzie\u0144 Otwarty w MathRiders!\"}]},{\"@type\":\"WebSite\",\"@id\":\"https:\\\/\\\/mathriders.pl\\\/warszawa-wesola\\\/#website\",\"url\":\"https:\\\/\\\/mathriders.pl\\\/warszawa-wesola\\\/\",\"name\":\"Warszawa Weso\u0142a\",\"description\":\"\",\"publisher\":{\"@id\":\"https:\\\/\\\/mathriders.pl\\\/warszawa-wesola\\\/#organization\"},\"potentialAction\":[{\"@type\":\"SearchAction\",\"target\":{\"@type\":\"EntryPoint\",\"urlTemplate\":\"https:\\\/\\\/mathriders.pl\\\/warszawa-wesola\\\/?s={search_term_string}\"},\"query-input\":{\"@type\":\"PropertyValueSpecification\",\"valueRequired\":true,\"valueName\":\"search_term_string\"}}],\"inLanguage\":\"pl-PL\"},{\"@type\":\"Organization\",\"@id\":\"https:\\\/\\\/mathriders.pl\\\/warszawa-wesola\\\/#organization\",\"name\":\"Warszawa Weso\u0142a\",\"url\":\"https:\\\/\\\/mathriders.pl\\\/warszawa-wesola\\\/\",\"logo\":{\"@type\":\"ImageObject\",\"inLanguage\":\"pl-PL\",\"@id\":\"https:\\\/\\\/mathriders.pl\\\/warszawa-wesola\\\/#\\\/schema\\\/logo\\\/image\\\/\",\"url\":\"https:\\\/\\\/mathriders.pl\\\/warszawa-wesola\\\/wp-content\\\/uploads\\\/sites\\\/29\\\/2023\\\/11\\\/logo.webp\",\"contentUrl\":\"https:\\\/\\\/mathriders.pl\\\/warszawa-wesola\\\/wp-content\\\/uploads\\\/sites\\\/29\\\/2023\\\/11\\\/logo.webp\",\"width\":157,\"height\":82,\"caption\":\"Warszawa Weso\u0142a\"},\"image\":{\"@id\":\"https:\\\/\\\/mathriders.pl\\\/warszawa-wesola\\\/#\\\/schema\\\/logo\\\/image\\\/\"}},{\"@type\":\"Person\",\"@id\":\"https:\\\/\\\/mathriders.pl\\\/warszawa-wesola\\\/#\\\/schema\\\/person\\\/f58545c81eae1d5e3238ffc0f6cf6d58\",\"name\":\"wesola\",\"image\":{\"@type\":\"ImageObject\",\"inLanguage\":\"pl-PL\",\"@id\":\"https:\\\/\\\/secure.gravatar.com\\\/avatar\\\/b8f8d4f9c6fb895d4ddd2f6362010147a96f10b6cd4f5fdff606526b2aaf7bd4?s=96&d=mm&r=g\",\"url\":\"https:\\\/\\\/secure.gravatar.com\\\/avatar\\\/b8f8d4f9c6fb895d4ddd2f6362010147a96f10b6cd4f5fdff606526b2aaf7bd4?s=96&d=mm&r=g\",\"contentUrl\":\"https:\\\/\\\/secure.gravatar.com\\\/avatar\\\/b8f8d4f9c6fb895d4ddd2f6362010147a96f10b6cd4f5fdff606526b2aaf7bd4?s=96&d=mm&r=g\",\"caption\":\"wesola\"},\"url\":\"https:\\\/\\\/mathriders.pl\\\/warszawa-wesola\\\/aktualnosci\\\/author\\\/wesola\\\/\"}]}<\/script>\n<!-- \/ Yoast SEO plugin. -->","yoast_head_json":{"title":"Zbli\u017ca si\u0119 Dzie\u0144 Otwarty w MathRiders! - Warszawa Weso\u0142a","robots":{"index":"index","follow":"follow","max-snippet":"max-snippet:-1","max-image-preview":"max-image-preview:large","max-video-preview":"max-video-preview:-1"},"canonical":"https:\/\/mathriders.pl\/warszawa-wesola\/aktualnosci\/zbliza-sie-dzien-otwarty-w-mathriders\/","og_locale":"pl_PL","og_type":"article","og_title":"Zbli\u017ca si\u0119 Dzie\u0144 Otwarty w MathRiders! - Warszawa Weso\u0142a","og_description":"Dzie\u0144 Otwarty! Ju\u017c za dwa tygodnie, 5 wrze\u015bnia 2026, odb\u0119dzie si\u0119 dzie\u0144 otwarty w naszej plac\u00f3wce w Warszawie Weso\u0142a, ul. Kameliowa 23. Z wielk\u0105 ch\u0119ci\u0105 zapraszamy wszystkich od 12 do 16, aby razem z nami bawi\u0107 si\u0119 i odkrywa\u0107 niesamowity \u015bwiat matematyki! Podczas dnia otwartego b\u0119dzie mo\u017cna wzi\u0105\u0107 udzia\u0142 w naszych zabawnych aktywno\u015bciach, przygotowanych specjalnie...","og_url":"https:\/\/mathriders.pl\/warszawa-wesola\/aktualnosci\/zbliza-sie-dzien-otwarty-w-mathriders\/","og_site_name":"Warszawa Weso\u0142a","article_published_time":"2026-08-24T09:43:55+00:00","article_modified_time":"2026-08-24T09:48:38+00:00","og_image":[{"width":1024,"height":724,"url":"https:\/\/mathriders.pl\/warszawa-wesola\/wp-content\/uploads\/sites\/29\/2024\/08\/7-wrzesnia-a4-orientacja-pozioma-1024x724.png","type":"image\/png"}],"author":"wesola","twitter_card":"summary_large_image","twitter_misc":{"Napisane przez":"wesola","Szacowany czas czytania":"2 minuty"},"schema":{"@context":"https:\/\/schema.org","@graph":[{"@type":"Article","@id":"https:\/\/mathriders.pl\/warszawa-wesola\/aktualnosci\/zbliza-sie-dzien-otwarty-w-mathriders\/#article","isPartOf":{"@id":"https:\/\/mathriders.pl\/warszawa-wesola\/aktualnosci\/zbliza-sie-dzien-otwarty-w-mathriders\/"},"author":{"name":"wesola","@id":"https:\/\/mathriders.pl\/warszawa-wesola\/#\/schema\/person\/f58545c81eae1d5e3238ffc0f6cf6d58"},"headline":"Zbli\u017ca si\u0119 Dzie\u0144 Otwarty w MathRiders!","datePublished":"2026-08-24T09:43:55+00:00","dateModified":"2026-08-24T09:48:38+00:00","mainEntityOfPage":{"@id":"https:\/\/mathriders.pl\/warszawa-wesola\/aktualnosci\/zbliza-sie-dzien-otwarty-w-mathriders\/"},"wordCount":125,"commentCount":0,"publisher":{"@id":"https:\/\/mathriders.pl\/warszawa-wesola\/#organization"},"image":{"@id":"https:\/\/mathriders.pl\/warszawa-wesola\/aktualnosci\/zbliza-sie-dzien-otwarty-w-mathriders\/#primaryimage"},"thumbnailUrl":"https:\/\/mathriders.pl\/warszawa-wesola\/wp-content\/uploads\/sites\/29\/2024\/08\/7-wrzesnia-a4-orientacja-pozioma.png","articleSection":["Aktualno\u015bci"],"inLanguage":"pl-PL","potentialAction":[{"@type":"CommentAction","name":"Comment","target":["https:\/\/mathriders.pl\/warszawa-wesola\/aktualnosci\/zbliza-sie-dzien-otwarty-w-mathriders\/#respond"]}]},{"@type":"WebPage","@id":"https:\/\/mathriders.pl\/warszawa-wesola\/aktualnosci\/zbliza-sie-dzien-otwarty-w-mathriders\/","url":"https:\/\/mathriders.pl\/warszawa-wesola\/aktualnosci\/zbliza-sie-dzien-otwarty-w-mathriders\/","name":"Zbli\u017ca si\u0119 Dzie\u0144 Otwarty w MathRiders! - Warszawa Weso\u0142a","isPartOf":{"@id":"https:\/\/mathriders.pl\/warszawa-wesola\/#website"},"primaryImageOfPage":{"@id":"https:\/\/mathriders.pl\/warszawa-wesola\/aktualnosci\/zbliza-sie-dzien-otwarty-w-mathriders\/#primaryimage"},"image":{"@id":"https:\/\/mathriders.pl\/warszawa-wesola\/aktualnosci\/zbliza-sie-dzien-otwarty-w-mathriders\/#primaryimage"},"thumbnailUrl":"https:\/\/mathriders.pl\/warszawa-wesola\/wp-content\/uploads\/sites\/29\/2024\/08\/7-wrzesnia-a4-orientacja-pozioma.png","datePublished":"2026-08-24T09:43:55+00:00","dateModified":"2026-08-24T09:48:38+00:00","breadcrumb":{"@id":"https:\/\/mathriders.pl\/warszawa-wesola\/aktualnosci\/zbliza-sie-dzien-otwarty-w-mathriders\/#breadcrumb"},"inLanguage":"pl-PL","potentialAction":[{"@type":"ReadAction","target":["https:\/\/mathriders.pl\/warszawa-wesola\/aktualnosci\/zbliza-sie-dzien-otwarty-w-mathriders\/"]}]},{"@type":"ImageObject","inLanguage":"pl-PL","@id":"https:\/\/mathriders.pl\/warszawa-wesola\/aktualnosci\/zbliza-sie-dzien-otwarty-w-mathriders\/#primaryimage","url":"https:\/\/mathriders.pl\/warszawa-wesola\/wp-content\/uploads\/sites\/29\/2024\/08\/7-wrzesnia-a4-orientacja-pozioma.png","contentUrl":"https:\/\/mathriders.pl\/warszawa-wesola\/wp-content\/uploads\/sites\/29\/2024\/08\/7-wrzesnia-a4-orientacja-pozioma.png","width":2000,"height":1414},{"@type":"BreadcrumbList","@id":"https:\/\/mathriders.pl\/warszawa-wesola\/aktualnosci\/zbliza-sie-dzien-otwarty-w-mathriders\/#breadcrumb","itemListElement":[{"@type":"ListItem","position":1,"name":"Strona g\u0142\u00f3wna","item":"https:\/\/mathriders.pl\/warszawa-wesola\/"},{"@type":"ListItem","position":2,"name":"Zbli\u017ca si\u0119 Dzie\u0144 Otwarty w MathRiders!"}]},{"@type":"WebSite","@id":"https:\/\/mathriders.pl\/warszawa-wesola\/#website","url":"https:\/\/mathriders.pl\/warszawa-wesola\/","name":"Warszawa Weso\u0142a","description":"","publisher":{"@id":"https:\/\/mathriders.pl\/warszawa-wesola\/#organization"},"potentialAction":[{"@type":"SearchAction","target":{"@type":"EntryPoint","urlTemplate":"https:\/\/mathriders.pl\/warszawa-wesola\/?s={search_term_string}"},"query-input":{"@type":"PropertyValueSpecification","valueRequired":true,"valueName":"search_term_string"}}],"inLanguage":"pl-PL"},{"@type":"Organization","@id":"https:\/\/mathriders.pl\/warszawa-wesola\/#organization","name":"Warszawa Weso\u0142a","url":"https:\/\/mathriders.pl\/warszawa-wesola\/","logo":{"@type":"ImageObject","inLanguage":"pl-PL","@id":"https:\/\/mathriders.pl\/warszawa-wesola\/#\/schema\/logo\/image\/","url":"https:\/\/mathriders.pl\/warszawa-wesola\/wp-content\/uploads\/sites\/29\/2023\/11\/logo.webp","contentUrl":"https:\/\/mathriders.pl\/warszawa-wesola\/wp-content\/uploads\/sites\/29\/2023\/11\/logo.webp","width":157,"height":82,"caption":"Warszawa Weso\u0142a"},"image":{"@id":"https:\/\/mathriders.pl\/warszawa-wesola\/#\/schema\/logo\/image\/"}},{"@type":"Person","@id":"https:\/\/mathriders.pl\/warszawa-wesola\/#\/schema\/person\/f58545c81eae1d5e3238ffc0f6cf6d58","name":"wesola","image":{"@type":"ImageObject","inLanguage":"pl-PL","@id":"https:\/\/secure.gravatar.com\/avatar\/b8f8d4f9c6fb895d4ddd2f6362010147a96f10b6cd4f5fdff606526b2aaf7bd4?s=96&d=mm&r=g","url":"https:\/\/secure.gravatar.com\/avatar\/b8f8d4f9c6fb895d4ddd2f6362010147a96f10b6cd4f5fdff606526b2aaf7bd4?s=96&d=mm&r=g","contentUrl":"https:\/\/secure.gravatar.com\/avatar\/b8f8d4f9c6fb895d4ddd2f6362010147a96f10b6cd4f5fdff606526b2aaf7bd4?s=96&d=mm&r=g","caption":"wesola"},"url":"https:\/\/mathriders.pl\/warszawa-wesola\/aktualnosci\/author\/wesola\/"}]}},"taxonomy_info":{"category":[{"value":1,"label":"Aktualno\u015bci"}]},"featured_image_src_large":["https:\/\/mathriders.pl\/warszawa-wesola\/wp-content\/uploads\/sites\/29\/2024\/08\/7-wrzesnia-a4-orientacja-pozioma-1024x724.png",1024,724,true],"author_info":{"display_name":"wesola","author_link":"https:\/\/mathriders.pl\/warszawa-wesola\/aktualnosci\/author\/wesola\/"},"comment_info":0,"category_info":[{"term_id":1,"name":"Aktualno\u015bci","slug":"aktualnosci","term_group":0,"term_taxonomy_id":1,"taxonomy":"category","description":"","parent":0,"count":50,"filter":"raw","cat_ID":1,"category_count":50,"category_description":"","cat_name":"Aktualno\u015bci","category_nicename":"aktualnosci","category_parent":0}],"tag_info":false,"_links":{"self":[{"href":"https:\/\/mathriders.pl\/warszawa-wesola\/wp-json\/wp\/v2\/posts\/1315","targetHints":{"allow":["GET"]}}],"collection":[{"href":"https:\/\/mathriders.pl\/warszawa-wesola\/wp-json\/wp\/v2\/posts"}],"about":[{"href":"https:\/\/mathriders.pl\/warszawa-wesola\/wp-json\/wp\/v2\/types\/post"}],"author":[{"embeddable":true,"href":"https:\/\/mathriders.pl\/warszawa-wesola\/wp-json\/wp\/v2\/users\/34"}],"replies":[{"embeddable":true,"href":"https:\/\/mathriders.pl\/warszawa-wesola\/wp-json\/wp\/v2\/comments?post=1315"}],"version-history":[{"count":8,"href":"https:\/\/mathriders.pl\/warszawa-wesola\/wp-json\/wp\/v2\/posts\/1315\/revisions"}],"predecessor-version":[{"id":1323,"href":"https:\/\/mathriders.pl\/warszawa-wesola\/wp-json\/wp\/v2\/posts\/1315\/revisions\/1323"}],"wp:featuredmedia":[{"embeddable":true,"href":"https:\/\/mathriders.pl\/warszawa-wesola\/wp-json\/wp\/v2\/media\/697"}],"wp:attachment":[{"href":"https:\/\/mathriders.pl\/warszawa-wesola\/wp-json\/wp\/v2\/media?parent=1315"}],"wp:term":[{"taxonomy":"category","embeddable":true,"href":"https:\/\/mathriders.pl\/warszawa-wesola\/wp-json\/wp\/v2\/categories?post=1315"},{"taxonomy":"post_tag","embeddable":true,"href":"https:\/\/mathriders.pl\/warszawa-wesola\/wp-json\/wp\/v2\/tags?post=1315"}],"curies":[{"name":"wp","href":"https:\/\/api.w.org\/{rel}","templated":true}]}}