{"id":1748,"date":"2025-07-07T20:04:13","date_gmt":"2025-07-07T18:04:13","guid":{"rendered":"https:\/\/mathriders.pl\/warszawa-bialoleka\/?p=1748"},"modified":"2025-07-07T20:17:00","modified_gmt":"2025-07-07T18:17:00","slug":"egzamin-osmoklasisty","status":"publish","type":"post","link":"https:\/\/mathriders.pl\/warszawa-bialoleka\/aktualnosci\/egzamin-osmoklasisty\/","title":{"rendered":"Egzamin \u00f3smoklasisty"},"content":{"rendered":"\n<p><\/p>\n\n\n\n<p>\ud83d\udcca Egzamin \u00f3smoklasisty 2025: Co m\u00f3wi\u0105 wyniki z matematyki \u2013 i co z nich wynika?<\/p>\n\n\n\n<p><strong>Je\u015bli chcesz, \u017ceby Twoje dziecko nie znalaz\u0142o si\u0119 po tej \u201eniew\u0142a\u015bciwej stronie wykresu\u201d \u2013 warto przeczyta\u0107 ten tekst do ko\u0144ca.<br>Na ko\u0144cu czeka bezp\u0142atny poradnik dla rodzic\u00f3w \u2013 nie tylko \u00f3smoklasist\u00f3w.<\/strong><\/p>\n\n\n\n<hr class=\"wp-block-separator has-alpha-channel-opacity\" \/>\n\n\n\n<h3 class=\"wp-block-heading\">\ud83d\udd0e Oficjalne dane, kt\u00f3re trudno zignorowa\u0107<\/h3>\n\n\n\n<p>Centralna Komisja Egzaminacyjna opublikowa\u0142a wyniki tegorocznego egzaminu \u00f3smoklasisty z matematyki.<br>Niestety \u2013 zn\u00f3w nie s\u0105 one optymistyczne.<br>Potwierdzaj\u0105 to, co od lat obserwujemy w pracy z dzie\u0107mi: wielu uczni\u00f3w ma trudno\u015b\u0107 z opanowaniem podstaw programowych.<\/p>\n\n\n\n<h4 class=\"wp-block-heading\">\ud83d\udcc9 Dane z 2025 roku:<\/h4>\n\n\n\n<ul class=\"wp-block-list\">\n<li><strong>\u015aredni wynik:<\/strong>&nbsp;50%<\/li>\n\n\n\n<li><strong>Mediana:<\/strong>&nbsp;47%<\/li>\n\n\n\n<li><strong>Dominanta (najcz\u0119stszy wynik):<\/strong>&nbsp;17%<\/li>\n\n\n\n<li><strong>Ponad 36% uczni\u00f3w nie przekroczy\u0142o progu 30% punkt\u00f3w<\/strong><\/li>\n<\/ul>\n\n\n\n<p>Gdyby to by\u0142a matura \u2013 co trzeci ucze\u0144 po prostu by jej nie zda\u0142.<br>A przecie\u017c to tylko egzamin z materia\u0142u obowi\u0105zkowego w szkole podstawowej.<\/p>\n\n\n\n<hr class=\"wp-block-separator has-alpha-channel-opacity\" \/>\n\n\n\n<h3 class=\"wp-block-heading\">\ud83d\udd0d Co sprawia najwi\u0119ksze trudno\u015bci?<\/h3>\n\n\n\n<p>W tym roku wyj\u0105tkowo problematyczne okaza\u0142o si\u0119 zadanie z geometrii, w kt\u00f3rym nale\u017ca\u0142o obliczy\u0107 pole nieregularnej figury \u2013 rozk\u0142adaj\u0105c j\u0105 na prostsze elementy lub uzupe\u0142niaj\u0105c.<\/p>\n\n\n\n<p><strong>Tylko 26% uczni\u00f3w zdoby\u0142o za to zadanie maksymaln\u0105 liczb\u0119 punkt\u00f3w.<\/strong><br>To nie by\u0142a zaawansowana matematyka.<br>To by\u0142 test rozumienia, my\u015blenia przestrzennego i umiej\u0119tno\u015bci analizowania.<\/p>\n\n\n\n<p>Najcz\u0119stsze trudno\u015bci uczni\u00f3w dotycz\u0105:<\/p>\n\n\n\n<ul class=\"wp-block-list\">\n<li>u\u0142amk\u00f3w i procent\u00f3w,<\/li>\n\n\n\n<li>zada\u0144 geometrycznych,<\/li>\n\n\n\n<li>czytania i rozumienia polece\u0144,<\/li>\n\n\n\n<li>dzielenia zadania na etapy.<\/li>\n<\/ul>\n\n\n\n<hr class=\"wp-block-separator has-alpha-channel-opacity\" \/>\n\n\n\n<h3 class=\"wp-block-heading\">\ud83d\udcca A jak na tle poprzednich lat?<\/h3>\n\n\n\n<p>W por\u00f3wnaniu z rokiem 2024:<\/p>\n\n\n\n<ul class=\"wp-block-list\">\n<li>wyniki s\u0105 jeszcze ni\u017csze,<\/li>\n\n\n\n<li>coraz wi\u0119cej uczni\u00f3w uzyskuje bardzo s\u0142abe noty,<\/li>\n\n\n\n<li>najlepsi radz\u0105 sobie r\u00f3wnie dobrze \u2013 ale przepa\u015b\u0107 ro\u015bnie.<\/li>\n<\/ul>\n\n\n\n<p>To nie efekt jednego roku.<br>To konsekwencja&nbsp;<strong>braku realnego zrozumienia<\/strong>&nbsp;matematyki \u2013 cz\u0119sto od najwcze\u015bniejszych lat nauki.<\/p>\n\n\n\n<hr class=\"wp-block-separator has-alpha-channel-opacity\" \/>\n\n\n\n<h3 class=\"wp-block-heading\">\ud83e\udde9 Co z tym zrobi\u0107?<\/h3>\n\n\n\n<p>Najlepszy moment, \u017ceby zadba\u0107 o matematyczne fundamenty?<br><strong>Zdecydowanie wcze\u015bniej ni\u017c w \u00f3smej klasie.<\/strong><\/p>\n\n\n\n<p>Nie chodzi o szybkie korepetycje czy \u201ezaliczanie zada\u0144\u201d.<br>Chodzi o&nbsp;<strong>systematyczne budowanie rozumienia<\/strong>&nbsp;\u2013 w tempie dziecka, z przestrzeni\u0105 na pytania \u201edlaczego?\u201d, a nie tylko \u201ejak to si\u0119 liczy?\u201d.<\/p>\n\n\n\n<p>Rodzice mog\u0105 oczywi\u015bcie wspiera\u0107 ten proces samodzielnie \u2013 w domu.<br>Ale je\u015bli czujesz, \u017ce potrzebujecie w tym wsparcia \u2013 jeste\u015bmy tu.<\/p>\n\n\n\n<p>W MathRiders Bia\u0142o\u0142\u0119ka codziennie pomagamy dzieciom zrozumie\u0107 matematyk\u0119 naprawd\u0119 \u2013 od przedszkolaka, kt\u00f3ry uczy si\u0119 przez zabaw\u0119,<br>po \u00f3smoklasist\u0119, kt\u00f3ry szykuje si\u0119 do egzaminu.<\/p>\n\n\n\n<hr class=\"wp-block-separator has-alpha-channel-opacity\" \/>\n\n\n\n<h3 class=\"wp-block-heading\">\ud83d\udce5 Bezp\u0142atny poradnik dla rodzic\u00f3w<\/h3>\n\n\n\n<p>Na zako\u0144czenie \u2013 co\u015b, co pomo\u017ce Ci zacz\u0105\u0107 od razu.<br><strong>Przygotowali\u015bmy kr\u00f3tki przewodnik dla rodzic\u00f3w, kt\u00f3rzy chc\u0105 wspiera\u0107 dziecko z g\u0142ow\u0105 \u2013 nie tylko przed egzaminem.<\/strong><\/p>\n\n\n\n<p>Dowiesz si\u0119 z niego:<\/p>\n\n\n\n<ul class=\"wp-block-list\">\n<li>co naprawd\u0119 pomaga, a co mo\u017ce przeszkadza\u0107 w nauce matematyki,<\/li>\n\n\n\n<li>jak wspiera\u0107 dziecko \u2013 bez presji, ale skutecznie,<\/li>\n\n\n\n<li>na co warto zwr\u00f3ci\u0107 uwag\u0119 w codziennym uczeniu si\u0119.<\/li>\n<\/ul>\n\n\n\n<p>\ud83d\udc49&nbsp;<strong>Pobierz poradnik tutaj:<\/strong>&nbsp;<a class=\"\" href=\"https:\/\/bit.ly\/Poradnik25\">https:\/\/bit.ly\/Poradnik25<\/a><\/p>\n\n\n\n<h3 class=\"wp-block-heading\">Masz pytania?<\/h3>\n\n\n\n<p>Skontaktuj si\u0119 z nami, ch\u0119tnie pomo\u017cemy!<br>\ud83d\udce9 E-mail:&nbsp;<a>bialoleka@mathriders.pl<\/a><\/p>\n\n\n<style>.wp-block-kadence-advancedbtn.kb-btns1748_003cc2-61{gap:var(--global-kb-gap-xs, 0.5rem );justify-content:center;align-items:center;}.kt-btns1748_003cc2-61 .kt-button{font-weight:normal;font-style:normal;}.kt-btns1748_003cc2-61 .kt-btn-wrap-0{margin-right:5px;}.wp-block-kadence-advancedbtn.kt-btns1748_003cc2-61 .kt-btn-wrap-0 .kt-button{color:#555555;border-color:#555555;}.wp-block-kadence-advancedbtn.kt-btns1748_003cc2-61 .kt-btn-wrap-0 .kt-button:hover, .wp-block-kadence-advancedbtn.kt-btns1748_003cc2-61 .kt-btn-wrap-0 .kt-button:focus{color:#ffffff;border-color:#444444;}.wp-block-kadence-advancedbtn.kt-btns1748_003cc2-61 .kt-btn-wrap-0 .kt-button::before{display:none;}.wp-block-kadence-advancedbtn.kt-btns1748_003cc2-61 .kt-btn-wrap-0 .kt-button:hover, .wp-block-kadence-advancedbtn.kt-btns1748_003cc2-61 .kt-btn-wrap-0 .kt-button:focus{background:#444444;}<\/style>\n<div class=\"wp-block-kadence-advancedbtn kb-buttons-wrap kb-btns1748_003cc2-61\"><style>ul.menu .wp-block-kadence-advancedbtn .kb-btn1748_602a6f-22.kb-button{width:initial;}<\/style><a class=\"kb-button kt-button button kb-btn1748_602a6f-22 kt-btn-size-xlarge kt-btn-width-type-auto kb-btn-global-fill  kt-btn-has-text-true kt-btn-has-svg-false  wp-block-kadence-singlebtn\" href=\"https:\/\/mathriders.pl\/warszawa-bialoleka\/wp-content\/uploads\/sites\/25\/2025\/07\/poradnik-dla-rodzicow-nie-tylko-8-klasy-14.pdf\"><span class=\"kt-btn-inner-text\">POBIERZ PORADNIK RODZICA<\/span><\/a><\/div>\n\n\n<style>.kb-row-layout-id1748_608fde-b7 > .kt-row-column-wrap{align-content:start;}:where(.kb-row-layout-id1748_608fde-b7 > .kt-row-column-wrap) > .wp-block-kadence-column{justify-content:start;}.kb-row-layout-id1748_608fde-b7 > .kt-row-column-wrap{column-gap:var(--global-kb-gap-md, 2rem);row-gap:var(--global-kb-gap-md, 2rem);padding-top:var(--global-kb-spacing-sm, 1.5rem);padding-bottom:var(--global-kb-spacing-sm, 1.5rem);grid-template-columns:repeat(2, minmax(0, 1fr));}.kb-row-layout-id1748_608fde-b7 > .kt-row-layout-overlay{opacity:0.30;}@media all and (max-width: 1024px){.kb-row-layout-id1748_608fde-b7 > .kt-row-column-wrap{grid-template-columns:repeat(2, minmax(0, 1fr));}}@media all and (max-width: 767px){.kb-row-layout-id1748_608fde-b7 > .kt-row-column-wrap{grid-template-columns:minmax(0, 1fr);}}<\/style><div class=\"kb-row-layout-wrap kb-row-layout-id1748_608fde-b7 alignnone wp-block-kadence-rowlayout\"><div class=\"kt-row-column-wrap kt-has-2-columns kt-row-layout-equal kt-tab-layout-inherit kt-mobile-layout-row kt-row-valign-top\">\n\n<div class=\"wp-block-kadence-column\"><div class=\"kt-inside-inner-col\"><\/div><\/div>\n\n\n\n<div class=\"wp-block-kadence-column\"><div class=\"kt-inside-inner-col\"><\/div><\/div>\n\n<\/div><\/div>\n\n\n<p><br><br>Rozk\u0142ad wynik\u00f3w podany przez CKE:<\/p>\n\n\n<style>.kb-image1748_1ee67d-c7 .kb-image-has-overlay:after{opacity:0.3;}<\/style>\n<figure class=\"wp-block-kadence-image kb-image1748_1ee67d-c7 size-large\"><img loading=\"lazy\" decoding=\"async\" width=\"1024\" height=\"668\" src=\"https:\/\/mathriders.pl\/warszawa-bialoleka\/wp-content\/uploads\/sites\/25\/2025\/07\/zrzut-ekranu-2025-07-7-o-20.09.27-1024x668.png\" alt=\"\" class=\"kb-img wp-image-1751\" srcset=\"https:\/\/mathriders.pl\/warszawa-bialoleka\/wp-content\/uploads\/sites\/25\/2025\/07\/zrzut-ekranu-2025-07-7-o-20.09.27-1024x668.png 1024w, https:\/\/mathriders.pl\/warszawa-bialoleka\/wp-content\/uploads\/sites\/25\/2025\/07\/zrzut-ekranu-2025-07-7-o-20.09.27-300x196.png 300w, https:\/\/mathriders.pl\/warszawa-bialoleka\/wp-content\/uploads\/sites\/25\/2025\/07\/zrzut-ekranu-2025-07-7-o-20.09.27-768x501.png 768w, https:\/\/mathriders.pl\/warszawa-bialoleka\/wp-content\/uploads\/sites\/25\/2025\/07\/zrzut-ekranu-2025-07-7-o-20.09.27-1536x1002.png 1536w, https:\/\/mathriders.pl\/warszawa-bialoleka\/wp-content\/uploads\/sites\/25\/2025\/07\/zrzut-ekranu-2025-07-7-o-20.09.27-2048x1336.png 2048w\" sizes=\"auto, (max-width: 1024px) 100vw, 1024px\" \/><\/figure>\n\n\n<style>.kadence-column1748_653e11-a3 > .kt-inside-inner-col,.kadence-column1748_653e11-a3 > .kt-inside-inner-col:before{border-top-left-radius:0px;border-top-right-radius:0px;border-bottom-right-radius:0px;border-bottom-left-radius:0px;}.kadence-column1748_653e11-a3 > .kt-inside-inner-col{column-gap:var(--global-kb-gap-sm, 1rem);}.kadence-column1748_653e11-a3 > .kt-inside-inner-col{flex-direction:column;}.kadence-column1748_653e11-a3 > .kt-inside-inner-col > .aligncenter{width:100%;}.kadence-column1748_653e11-a3 > .kt-inside-inner-col:before{opacity:0.3;}.kadence-column1748_653e11-a3{position:relative;}@media all and (max-width: 1024px){.kadence-column1748_653e11-a3 > .kt-inside-inner-col{flex-direction:column;justify-content:center;}}@media all and (max-width: 767px){.kadence-column1748_653e11-a3 > .kt-inside-inner-col{flex-direction:column;justify-content:center;}}<\/style>\n<div class=\"wp-block-kadence-column kadence-column1748_653e11-a3\"><div class=\"kt-inside-inner-col\"><style>.wp-block-kadence-advancedgallery .kb-gallery-type-masonry.kb-gallery-id-1748_af64ec-94{margin:-5px;}.kb-gallery-type-masonry.kb-gallery-id-1748_af64ec-94 .kadence-blocks-gallery-item{padding:5px;}.kb-gallery-id-1748_af64ec-94 .kadence-blocks-gallery-item .kb-gal-image-radius, .kb-gallery-id-1748_af64ec-94 .kb-slide-item .kb-gal-image-radius img{border-radius:0px 0px 0px 0px;;}<\/style><\/div><\/div>\n\n\n<style>.kb-image1748_206bb5-a2 .kb-image-has-overlay:after{opacity:0.3;}<\/style>\n<figure class=\"wp-block-kadence-image kb-image1748_206bb5-a2\"><img alt=\"\" class=\"kb-img\" \/><\/figure>\n","protected":false},"excerpt":{"rendered":"<p>\ud83d\udcca Egzamin \u00f3smoklasisty 2025: Co m\u00f3wi\u0105 wyniki z matematyki \u2013 i co z nich wynika? Je\u015bli chcesz, \u017ceby Twoje dziecko nie znalaz\u0142o si\u0119 po tej \u201eniew\u0142a\u015bciwej stronie wykresu\u201d \u2013 warto przeczyta\u0107 ten tekst do ko\u0144ca.Na ko\u0144cu czeka bezp\u0142atny poradnik dla rodzic\u00f3w \u2013 nie tylko \u00f3smoklasist\u00f3w. \ud83d\udd0e Oficjalne dane, kt\u00f3re trudno zignorowa\u0107 Centralna Komisja Egzaminacyjna opublikowa\u0142a&#8230;<\/p>\n","protected":false},"author":27,"featured_media":1750,"comment_status":"open","ping_status":"closed","sticky":false,"template":"","format":"standard","meta":{"_acf_changed":false,"_kad_blocks_custom_css":"","_kad_blocks_head_custom_js":"","_kad_blocks_body_custom_js":"","_kad_blocks_footer_custom_js":"","_kad_post_transparent":"","_kad_post_title":"","_kad_post_layout":"","_kad_post_sidebar_id":"","_kad_post_content_style":"","_kad_post_vertical_padding":"","_kad_post_feature":"","_kad_post_feature_position":"","_kad_post_header":false,"_kad_post_footer":false,"_kad_post_classname":"","footnotes":""},"categories":[1],"tags":[],"class_list":["post-1748","post","type-post","status-publish","format-standard","has-post-thumbnail","hentry","category-aktualnosci"],"acf":[],"yoast_head":"<!-- This site is optimized with the Yoast SEO plugin v27.0 - https:\/\/yoast.com\/product\/yoast-seo-wordpress\/ -->\n<title>Egzamin \u00f3smoklasisty - Warszawa Bia\u0142o\u0142\u0119ka<\/title>\n<meta name=\"robots\" content=\"index, follow, max-snippet:-1, max-image-preview:large, max-video-preview:-1\" \/>\n<link rel=\"canonical\" href=\"https:\/\/mathriders.pl\/warszawa-bialoleka\/aktualnosci\/egzamin-osmoklasisty\/\" \/>\n<meta property=\"og:locale\" content=\"pl_PL\" \/>\n<meta property=\"og:type\" content=\"article\" \/>\n<meta property=\"og:title\" content=\"Egzamin \u00f3smoklasisty - Warszawa Bia\u0142o\u0142\u0119ka\" \/>\n<meta property=\"og:description\" content=\"\ud83d\udcca Egzamin \u00f3smoklasisty 2025: Co m\u00f3wi\u0105 wyniki z matematyki \u2013 i co z nich wynika? Je\u015bli chcesz, \u017ceby Twoje dziecko nie znalaz\u0142o si\u0119 po tej \u201eniew\u0142a\u015bciwej stronie wykresu\u201d \u2013 warto przeczyta\u0107 ten tekst do ko\u0144ca.Na ko\u0144cu czeka bezp\u0142atny poradnik dla rodzic\u00f3w \u2013 nie tylko \u00f3smoklasist\u00f3w. \ud83d\udd0e Oficjalne dane, kt\u00f3re trudno zignorowa\u0107 Centralna Komisja Egzaminacyjna opublikowa\u0142a...\" \/>\n<meta property=\"og:url\" content=\"https:\/\/mathriders.pl\/warszawa-bialoleka\/aktualnosci\/egzamin-osmoklasisty\/\" \/>\n<meta property=\"og:site_name\" content=\"Warszawa Bia\u0142o\u0142\u0119ka\" \/>\n<meta property=\"article:published_time\" content=\"2025-07-07T18:04:13+00:00\" \/>\n<meta property=\"article:modified_time\" content=\"2025-07-07T18:17:00+00:00\" \/>\n<meta property=\"og:image\" content=\"https:\/\/mathriders.pl\/warszawa-bialoleka\/wp-content\/uploads\/sites\/25\/2025\/07\/warsztaty-10.png\" \/>\n\t<meta property=\"og:image:width\" content=\"1600\" \/>\n\t<meta property=\"og:image:height\" content=\"400\" \/>\n\t<meta property=\"og:image:type\" content=\"image\/png\" \/>\n<meta name=\"author\" content=\"bialoleka\" \/>\n<meta name=\"twitter:card\" content=\"summary_large_image\" \/>\n<meta name=\"twitter:label1\" content=\"Napisane przez\" \/>\n\t<meta name=\"twitter:data1\" content=\"bialoleka\" \/>\n\t<meta name=\"twitter:label2\" content=\"Szacowany czas czytania\" \/>\n\t<meta name=\"twitter:data2\" content=\"4 minuty\" \/>\n<script type=\"application\/ld+json\" class=\"yoast-schema-graph\">{\"@context\":\"https:\/\/schema.org\",\"@graph\":[{\"@type\":\"Article\",\"@id\":\"https:\/\/mathriders.pl\/warszawa-bialoleka\/aktualnosci\/egzamin-osmoklasisty\/#article\",\"isPartOf\":{\"@id\":\"https:\/\/mathriders.pl\/warszawa-bialoleka\/aktualnosci\/egzamin-osmoklasisty\/\"},\"author\":{\"name\":\"bialoleka\",\"@id\":\"https:\/\/mathriders.pl\/warszawa-bialoleka\/#\/schema\/person\/b2ed12f4e8c52586195b3c8395191c8f\"},\"headline\":\"Egzamin \u00f3smoklasisty\",\"datePublished\":\"2025-07-07T18:04:13+00:00\",\"dateModified\":\"2025-07-07T18:17:00+00:00\",\"mainEntityOfPage\":{\"@id\":\"https:\/\/mathriders.pl\/warszawa-bialoleka\/aktualnosci\/egzamin-osmoklasisty\/\"},\"wordCount\":491,\"commentCount\":0,\"publisher\":{\"@id\":\"https:\/\/mathriders.pl\/warszawa-bialoleka\/#organization\"},\"image\":{\"@id\":\"https:\/\/mathriders.pl\/warszawa-bialoleka\/aktualnosci\/egzamin-osmoklasisty\/#primaryimage\"},\"thumbnailUrl\":\"https:\/\/mathriders.pl\/warszawa-bialoleka\/wp-content\/uploads\/sites\/25\/2025\/07\/warsztaty-10.png\",\"articleSection\":[\"Aktualno\u015bci\"],\"inLanguage\":\"pl-PL\",\"potentialAction\":[{\"@type\":\"CommentAction\",\"name\":\"Comment\",\"target\":[\"https:\/\/mathriders.pl\/warszawa-bialoleka\/aktualnosci\/egzamin-osmoklasisty\/#respond\"]}]},{\"@type\":\"WebPage\",\"@id\":\"https:\/\/mathriders.pl\/warszawa-bialoleka\/aktualnosci\/egzamin-osmoklasisty\/\",\"url\":\"https:\/\/mathriders.pl\/warszawa-bialoleka\/aktualnosci\/egzamin-osmoklasisty\/\",\"name\":\"Egzamin \u00f3smoklasisty - Warszawa Bia\u0142o\u0142\u0119ka\",\"isPartOf\":{\"@id\":\"https:\/\/mathriders.pl\/warszawa-bialoleka\/#website\"},\"primaryImageOfPage\":{\"@id\":\"https:\/\/mathriders.pl\/warszawa-bialoleka\/aktualnosci\/egzamin-osmoklasisty\/#primaryimage\"},\"image\":{\"@id\":\"https:\/\/mathriders.pl\/warszawa-bialoleka\/aktualnosci\/egzamin-osmoklasisty\/#primaryimage\"},\"thumbnailUrl\":\"https:\/\/mathriders.pl\/warszawa-bialoleka\/wp-content\/uploads\/sites\/25\/2025\/07\/warsztaty-10.png\",\"datePublished\":\"2025-07-07T18:04:13+00:00\",\"dateModified\":\"2025-07-07T18:17:00+00:00\",\"breadcrumb\":{\"@id\":\"https:\/\/mathriders.pl\/warszawa-bialoleka\/aktualnosci\/egzamin-osmoklasisty\/#breadcrumb\"},\"inLanguage\":\"pl-PL\",\"potentialAction\":[{\"@type\":\"ReadAction\",\"target\":[\"https:\/\/mathriders.pl\/warszawa-bialoleka\/aktualnosci\/egzamin-osmoklasisty\/\"]}]},{\"@type\":\"ImageObject\",\"inLanguage\":\"pl-PL\",\"@id\":\"https:\/\/mathriders.pl\/warszawa-bialoleka\/aktualnosci\/egzamin-osmoklasisty\/#primaryimage\",\"url\":\"https:\/\/mathriders.pl\/warszawa-bialoleka\/wp-content\/uploads\/sites\/25\/2025\/07\/warsztaty-10.png\",\"contentUrl\":\"https:\/\/mathriders.pl\/warszawa-bialoleka\/wp-content\/uploads\/sites\/25\/2025\/07\/warsztaty-10.png\",\"width\":1600,\"height\":400},{\"@type\":\"BreadcrumbList\",\"@id\":\"https:\/\/mathriders.pl\/warszawa-bialoleka\/aktualnosci\/egzamin-osmoklasisty\/#breadcrumb\",\"itemListElement\":[{\"@type\":\"ListItem\",\"position\":1,\"name\":\"Strona g\u0142\u00f3wna\",\"item\":\"https:\/\/mathriders.pl\/warszawa-bialoleka\/\"},{\"@type\":\"ListItem\",\"position\":2,\"name\":\"Egzamin \u00f3smoklasisty\"}]},{\"@type\":\"WebSite\",\"@id\":\"https:\/\/mathriders.pl\/warszawa-bialoleka\/#website\",\"url\":\"https:\/\/mathriders.pl\/warszawa-bialoleka\/\",\"name\":\"Warszawa Bia\u0142o\u0142\u0119ka\",\"description\":\"\",\"publisher\":{\"@id\":\"https:\/\/mathriders.pl\/warszawa-bialoleka\/#organization\"},\"potentialAction\":[{\"@type\":\"SearchAction\",\"target\":{\"@type\":\"EntryPoint\",\"urlTemplate\":\"https:\/\/mathriders.pl\/warszawa-bialoleka\/?s={search_term_string}\"},\"query-input\":{\"@type\":\"PropertyValueSpecification\",\"valueRequired\":true,\"valueName\":\"search_term_string\"}}],\"inLanguage\":\"pl-PL\"},{\"@type\":\"Organization\",\"@id\":\"https:\/\/mathriders.pl\/warszawa-bialoleka\/#organization\",\"name\":\"Warszawa Bia\u0142o\u0142\u0119ka\",\"url\":\"https:\/\/mathriders.pl\/warszawa-bialoleka\/\",\"logo\":{\"@type\":\"ImageObject\",\"inLanguage\":\"pl-PL\",\"@id\":\"https:\/\/mathriders.pl\/warszawa-bialoleka\/#\/schema\/logo\/image\/\",\"url\":\"https:\/\/mathriders.pl\/warszawa-bialoleka\/wp-content\/uploads\/sites\/25\/2023\/11\/logo.webp\",\"contentUrl\":\"https:\/\/mathriders.pl\/warszawa-bialoleka\/wp-content\/uploads\/sites\/25\/2023\/11\/logo.webp\",\"width\":157,\"height\":82,\"caption\":\"Warszawa Bia\u0142o\u0142\u0119ka\"},\"image\":{\"@id\":\"https:\/\/mathriders.pl\/warszawa-bialoleka\/#\/schema\/logo\/image\/\"}},{\"@type\":\"Person\",\"@id\":\"https:\/\/mathriders.pl\/warszawa-bialoleka\/#\/schema\/person\/b2ed12f4e8c52586195b3c8395191c8f\",\"name\":\"bialoleka\",\"image\":{\"@type\":\"ImageObject\",\"inLanguage\":\"pl-PL\",\"@id\":\"https:\/\/mathriders.pl\/warszawa-bialoleka\/#\/schema\/person\/image\/\",\"url\":\"https:\/\/secure.gravatar.com\/avatar\/5721cbe6e967b15b6e2581b4917c3303eaff998fb3e17db1d05a7a4e97f83d84?s=96&d=mm&r=g\",\"contentUrl\":\"https:\/\/secure.gravatar.com\/avatar\/5721cbe6e967b15b6e2581b4917c3303eaff998fb3e17db1d05a7a4e97f83d84?s=96&d=mm&r=g\",\"caption\":\"bialoleka\"},\"url\":\"https:\/\/mathriders.pl\/warszawa-bialoleka\/aktualnosci\/author\/bialoleka\/\"}]}<\/script>\n<!-- \/ Yoast SEO plugin. -->","yoast_head_json":{"title":"Egzamin \u00f3smoklasisty - Warszawa Bia\u0142o\u0142\u0119ka","robots":{"index":"index","follow":"follow","max-snippet":"max-snippet:-1","max-image-preview":"max-image-preview:large","max-video-preview":"max-video-preview:-1"},"canonical":"https:\/\/mathriders.pl\/warszawa-bialoleka\/aktualnosci\/egzamin-osmoklasisty\/","og_locale":"pl_PL","og_type":"article","og_title":"Egzamin \u00f3smoklasisty - Warszawa Bia\u0142o\u0142\u0119ka","og_description":"\ud83d\udcca Egzamin \u00f3smoklasisty 2025: Co m\u00f3wi\u0105 wyniki z matematyki \u2013 i co z nich wynika? Je\u015bli chcesz, \u017ceby Twoje dziecko nie znalaz\u0142o si\u0119 po tej \u201eniew\u0142a\u015bciwej stronie wykresu\u201d \u2013 warto przeczyta\u0107 ten tekst do ko\u0144ca.Na ko\u0144cu czeka bezp\u0142atny poradnik dla rodzic\u00f3w \u2013 nie tylko \u00f3smoklasist\u00f3w. \ud83d\udd0e Oficjalne dane, kt\u00f3re trudno zignorowa\u0107 Centralna Komisja Egzaminacyjna opublikowa\u0142a...","og_url":"https:\/\/mathriders.pl\/warszawa-bialoleka\/aktualnosci\/egzamin-osmoklasisty\/","og_site_name":"Warszawa Bia\u0142o\u0142\u0119ka","article_published_time":"2025-07-07T18:04:13+00:00","article_modified_time":"2025-07-07T18:17:00+00:00","og_image":[{"width":1600,"height":400,"url":"https:\/\/mathriders.pl\/warszawa-bialoleka\/wp-content\/uploads\/sites\/25\/2025\/07\/warsztaty-10.png","type":"image\/png"}],"author":"bialoleka","twitter_card":"summary_large_image","twitter_misc":{"Napisane przez":"bialoleka","Szacowany czas czytania":"4 minuty"},"schema":{"@context":"https:\/\/schema.org","@graph":[{"@type":"Article","@id":"https:\/\/mathriders.pl\/warszawa-bialoleka\/aktualnosci\/egzamin-osmoklasisty\/#article","isPartOf":{"@id":"https:\/\/mathriders.pl\/warszawa-bialoleka\/aktualnosci\/egzamin-osmoklasisty\/"},"author":{"name":"bialoleka","@id":"https:\/\/mathriders.pl\/warszawa-bialoleka\/#\/schema\/person\/b2ed12f4e8c52586195b3c8395191c8f"},"headline":"Egzamin \u00f3smoklasisty","datePublished":"2025-07-07T18:04:13+00:00","dateModified":"2025-07-07T18:17:00+00:00","mainEntityOfPage":{"@id":"https:\/\/mathriders.pl\/warszawa-bialoleka\/aktualnosci\/egzamin-osmoklasisty\/"},"wordCount":491,"commentCount":0,"publisher":{"@id":"https:\/\/mathriders.pl\/warszawa-bialoleka\/#organization"},"image":{"@id":"https:\/\/mathriders.pl\/warszawa-bialoleka\/aktualnosci\/egzamin-osmoklasisty\/#primaryimage"},"thumbnailUrl":"https:\/\/mathriders.pl\/warszawa-bialoleka\/wp-content\/uploads\/sites\/25\/2025\/07\/warsztaty-10.png","articleSection":["Aktualno\u015bci"],"inLanguage":"pl-PL","potentialAction":[{"@type":"CommentAction","name":"Comment","target":["https:\/\/mathriders.pl\/warszawa-bialoleka\/aktualnosci\/egzamin-osmoklasisty\/#respond"]}]},{"@type":"WebPage","@id":"https:\/\/mathriders.pl\/warszawa-bialoleka\/aktualnosci\/egzamin-osmoklasisty\/","url":"https:\/\/mathriders.pl\/warszawa-bialoleka\/aktualnosci\/egzamin-osmoklasisty\/","name":"Egzamin \u00f3smoklasisty - Warszawa Bia\u0142o\u0142\u0119ka","isPartOf":{"@id":"https:\/\/mathriders.pl\/warszawa-bialoleka\/#website"},"primaryImageOfPage":{"@id":"https:\/\/mathriders.pl\/warszawa-bialoleka\/aktualnosci\/egzamin-osmoklasisty\/#primaryimage"},"image":{"@id":"https:\/\/mathriders.pl\/warszawa-bialoleka\/aktualnosci\/egzamin-osmoklasisty\/#primaryimage"},"thumbnailUrl":"https:\/\/mathriders.pl\/warszawa-bialoleka\/wp-content\/uploads\/sites\/25\/2025\/07\/warsztaty-10.png","datePublished":"2025-07-07T18:04:13+00:00","dateModified":"2025-07-07T18:17:00+00:00","breadcrumb":{"@id":"https:\/\/mathriders.pl\/warszawa-bialoleka\/aktualnosci\/egzamin-osmoklasisty\/#breadcrumb"},"inLanguage":"pl-PL","potentialAction":[{"@type":"ReadAction","target":["https:\/\/mathriders.pl\/warszawa-bialoleka\/aktualnosci\/egzamin-osmoklasisty\/"]}]},{"@type":"ImageObject","inLanguage":"pl-PL","@id":"https:\/\/mathriders.pl\/warszawa-bialoleka\/aktualnosci\/egzamin-osmoklasisty\/#primaryimage","url":"https:\/\/mathriders.pl\/warszawa-bialoleka\/wp-content\/uploads\/sites\/25\/2025\/07\/warsztaty-10.png","contentUrl":"https:\/\/mathriders.pl\/warszawa-bialoleka\/wp-content\/uploads\/sites\/25\/2025\/07\/warsztaty-10.png","width":1600,"height":400},{"@type":"BreadcrumbList","@id":"https:\/\/mathriders.pl\/warszawa-bialoleka\/aktualnosci\/egzamin-osmoklasisty\/#breadcrumb","itemListElement":[{"@type":"ListItem","position":1,"name":"Strona g\u0142\u00f3wna","item":"https:\/\/mathriders.pl\/warszawa-bialoleka\/"},{"@type":"ListItem","position":2,"name":"Egzamin \u00f3smoklasisty"}]},{"@type":"WebSite","@id":"https:\/\/mathriders.pl\/warszawa-bialoleka\/#website","url":"https:\/\/mathriders.pl\/warszawa-bialoleka\/","name":"Warszawa Bia\u0142o\u0142\u0119ka","description":"","publisher":{"@id":"https:\/\/mathriders.pl\/warszawa-bialoleka\/#organization"},"potentialAction":[{"@type":"SearchAction","target":{"@type":"EntryPoint","urlTemplate":"https:\/\/mathriders.pl\/warszawa-bialoleka\/?s={search_term_string}"},"query-input":{"@type":"PropertyValueSpecification","valueRequired":true,"valueName":"search_term_string"}}],"inLanguage":"pl-PL"},{"@type":"Organization","@id":"https:\/\/mathriders.pl\/warszawa-bialoleka\/#organization","name":"Warszawa Bia\u0142o\u0142\u0119ka","url":"https:\/\/mathriders.pl\/warszawa-bialoleka\/","logo":{"@type":"ImageObject","inLanguage":"pl-PL","@id":"https:\/\/mathriders.pl\/warszawa-bialoleka\/#\/schema\/logo\/image\/","url":"https:\/\/mathriders.pl\/warszawa-bialoleka\/wp-content\/uploads\/sites\/25\/2023\/11\/logo.webp","contentUrl":"https:\/\/mathriders.pl\/warszawa-bialoleka\/wp-content\/uploads\/sites\/25\/2023\/11\/logo.webp","width":157,"height":82,"caption":"Warszawa Bia\u0142o\u0142\u0119ka"},"image":{"@id":"https:\/\/mathriders.pl\/warszawa-bialoleka\/#\/schema\/logo\/image\/"}},{"@type":"Person","@id":"https:\/\/mathriders.pl\/warszawa-bialoleka\/#\/schema\/person\/b2ed12f4e8c52586195b3c8395191c8f","name":"bialoleka","image":{"@type":"ImageObject","inLanguage":"pl-PL","@id":"https:\/\/mathriders.pl\/warszawa-bialoleka\/#\/schema\/person\/image\/","url":"https:\/\/secure.gravatar.com\/avatar\/5721cbe6e967b15b6e2581b4917c3303eaff998fb3e17db1d05a7a4e97f83d84?s=96&d=mm&r=g","contentUrl":"https:\/\/secure.gravatar.com\/avatar\/5721cbe6e967b15b6e2581b4917c3303eaff998fb3e17db1d05a7a4e97f83d84?s=96&d=mm&r=g","caption":"bialoleka"},"url":"https:\/\/mathriders.pl\/warszawa-bialoleka\/aktualnosci\/author\/bialoleka\/"}]}},"taxonomy_info":{"category":[{"value":1,"label":"Aktualno\u015bci"}]},"featured_image_src_large":["https:\/\/mathriders.pl\/warszawa-bialoleka\/wp-content\/uploads\/sites\/25\/2025\/07\/warsztaty-10-1024x256.png",1024,256,true],"author_info":{"display_name":"bialoleka","author_link":"https:\/\/mathriders.pl\/warszawa-bialoleka\/aktualnosci\/author\/bialoleka\/"},"comment_info":0,"category_info":[{"term_id":1,"name":"Aktualno\u015bci","slug":"aktualnosci","term_group":0,"term_taxonomy_id":1,"taxonomy":"category","description":"","parent":0,"count":11,"filter":"raw","cat_ID":1,"category_count":11,"category_description":"","cat_name":"Aktualno\u015bci","category_nicename":"aktualnosci","category_parent":0}],"tag_info":false,"_links":{"self":[{"href":"https:\/\/mathriders.pl\/warszawa-bialoleka\/wp-json\/wp\/v2\/posts\/1748","targetHints":{"allow":["GET"]}}],"collection":[{"href":"https:\/\/mathriders.pl\/warszawa-bialoleka\/wp-json\/wp\/v2\/posts"}],"about":[{"href":"https:\/\/mathriders.pl\/warszawa-bialoleka\/wp-json\/wp\/v2\/types\/post"}],"author":[{"embeddable":true,"href":"https:\/\/mathriders.pl\/warszawa-bialoleka\/wp-json\/wp\/v2\/users\/27"}],"replies":[{"embeddable":true,"href":"https:\/\/mathriders.pl\/warszawa-bialoleka\/wp-json\/wp\/v2\/comments?post=1748"}],"version-history":[{"count":6,"href":"https:\/\/mathriders.pl\/warszawa-bialoleka\/wp-json\/wp\/v2\/posts\/1748\/revisions"}],"predecessor-version":[{"id":1756,"href":"https:\/\/mathriders.pl\/warszawa-bialoleka\/wp-json\/wp\/v2\/posts\/1748\/revisions\/1756"}],"wp:featuredmedia":[{"embeddable":true,"href":"https:\/\/mathriders.pl\/warszawa-bialoleka\/wp-json\/wp\/v2\/media\/1750"}],"wp:attachment":[{"href":"https:\/\/mathriders.pl\/warszawa-bialoleka\/wp-json\/wp\/v2\/media?parent=1748"}],"wp:term":[{"taxonomy":"category","embeddable":true,"href":"https:\/\/mathriders.pl\/warszawa-bialoleka\/wp-json\/wp\/v2\/categories?post=1748"},{"taxonomy":"post_tag","embeddable":true,"href":"https:\/\/mathriders.pl\/warszawa-bialoleka\/wp-json\/wp\/v2\/tags?post=1748"}],"curies":[{"name":"wp","href":"https:\/\/api.w.org\/{rel}","templated":true}]}}