{"id":501,"date":"2024-05-18T08:47:55","date_gmt":"2024-05-18T06:47:55","guid":{"rendered":"https:\/\/mathriders.pl\/siedlce\/?p=501"},"modified":"2024-08-28T16:04:17","modified_gmt":"2024-08-28T14:04:17","slug":"dni-otwarte-w-mathriders","status":"publish","type":"post","link":"https:\/\/mathriders.pl\/siedlce\/aktualnosci\/dni-otwarte-w-mathriders\/","title":{"rendered":"Dni Otwarte w MathRiders"},"content":{"rendered":"\n<p>Chcesz sprawdzi\u0107 jak mo\u017cna uczy\u0107 matematyki multisensorycznie?<img loading=\"lazy\" decoding=\"async\" height=\"16\" width=\"16\" src=\"https:\/\/static.xx.fbcdn.net\/images\/emoji.php\/v9\/t67\/2\/16\/1f440.png\" alt=\"\ud83d\udc40\"><img loading=\"lazy\" decoding=\"async\" height=\"16\" width=\"16\" src=\"https:\/\/static.xx.fbcdn.net\/images\/emoji.php\/v9\/t6b\/2\/16\/1f444.png\" alt=\"\ud83d\udc44\"><img loading=\"lazy\" decoding=\"async\" height=\"16\" width=\"16\" src=\"https:\/\/static.xx.fbcdn.net\/images\/emoji.php\/v9\/t92\/2\/16\/1f9ce.png\" alt=\"\ud83e\uddce\">\u00a0Jak zmotywowa\u0107 dzieci do nauki?\u00a0<img loading=\"lazy\" decoding=\"async\" height=\"16\" width=\"16\" src=\"https:\/\/static.xx.fbcdn.net\/images\/emoji.php\/v9\/t1b\/2\/16\/1f9e0.png\" alt=\"\ud83e\udde0\"><img loading=\"lazy\" decoding=\"async\" height=\"16\" width=\"16\" src=\"https:\/\/static.xx.fbcdn.net\/images\/emoji.php\/v9\/te1\/2\/16\/1f50e.png\" alt=\"\ud83d\udd0e\">Chcesz, aby Twoje dziecko nauczy\u0142o si\u0119 analitycznego my\u015blenia oraz sposob\u00f3w rozwi\u0105zywania problem\u00f3w?<br><img loading=\"lazy\" decoding=\"async\" height=\"16\" width=\"16\" src=\"https:\/\/static.xx.fbcdn.net\/images\/emoji.php\/v9\/tb\/2\/16\/1f4aa.png\" alt=\"\ud83d\udcaa\">Nabra\u0142o mocy, swobody, pewno\u015bci siebie oraz wiary w swoje matematyczne umiej\u0119tno\u015bci?<br>Zale\u017cy Ci na tym, aby mia\u0142o frajd\u0119 podczas zaj\u0119\u0107 i samo chcia\u0142o chodzi\u0107 na matematyk\u0119?<br>W efekcie nigdy nie mia\u0142o problem\u00f3w z kr\u00f3low\u0105 nauk i zda\u0142o wszystkie egzaminy bez typowego stresu?\u00a0<br>W takiej sytuacji zapraszamy do Mathriders.<br><img loading=\"lazy\" decoding=\"async\" height=\"16\" width=\"16\" src=\"https:\/\/static.xx.fbcdn.net\/images\/emoji.php\/v9\/td8\/2\/16\/1f4e2.png\" alt=\"\ud83d\udce2\">W\u0142a\u015bnie wystartowa\u0142y zapisy na kolejny semestr.<br>Warto niezobowi\u0105zuj\u0105co zarezerwowa\u0107 miejsce ju\u017c teraz\u00a0<img loading=\"lazy\" decoding=\"async\" height=\"16\" width=\"16\" src=\"https:\/\/static.xx.fbcdn.net\/images\/emoji.php\/v9\/ta1\/2\/16\/2b07.png\" alt=\"\u2b07\ufe0f\"><img loading=\"lazy\" decoding=\"async\" height=\"16\" width=\"16\" src=\"https:\/\/static.xx.fbcdn.net\/images\/emoji.php\/v9\/ta1\/2\/16\/2b07.png\" alt=\"\u2b07\ufe0f\"><img loading=\"lazy\" decoding=\"async\" height=\"16\" width=\"16\" src=\"https:\/\/static.xx.fbcdn.net\/images\/emoji.php\/v9\/ta1\/2\/16\/2b07.png\" alt=\"\u2b07\ufe0f\"><img loading=\"lazy\" decoding=\"async\" height=\"16\" width=\"16\" src=\"https:\/\/static.xx.fbcdn.net\/images\/emoji.php\/v9\/ta1\/2\/16\/2b07.png\" alt=\"\u2b07\ufe0f\"><img loading=\"lazy\" decoding=\"async\" height=\"16\" width=\"16\" src=\"https:\/\/static.xx.fbcdn.net\/images\/emoji.php\/v9\/ta1\/2\/16\/2b07.png\" alt=\"\u2b07\ufe0f\"><br><a href=\"https:\/\/mathriders.pl\/siedlce\/?fbclid=IwZXh0bgNhZW0CMTAAAR0WJRwKEDb9gUqjIi5MJ8P3VCr0DLvITQb-dZ2WjbIn-1q5p1vrVU9WxmA_aem_AYmzcJBRmNo8aLJvjQY3t9__5aripcaT4LmCROSYa0OOGyGchtRRjYaKF0LMR7EnlBp4WSJZIoGvOhBeT5Kq-9KY\" target=\"_blank\" rel=\"noreferrer noopener\">https:\/\/mathriders.pl\/siedlce\/<\/a>.<br>Chcesz nas przetestowa\u0107 -zapraszam na zaj\u0119cia pokazowe w \u0141osicach 6 wrze\u015bnia a w Siedlcach 7 wrze\u015bnia!<br>Chcesz o co\u015b dopyta\u0107 &#8211; zapraszam do kontaktu\u00a0<img loading=\"lazy\" decoding=\"async\" height=\"16\" width=\"16\" src=\"https:\/\/static.xx.fbcdn.net\/images\/emoji.php\/v9\/ta3\/2\/16\/260e.png\" alt=\"\u260e\">\u00a0507 444 034<\/p>\n\n\n\n<p>Grafik na rok 2024\/25 <br><img loading=\"lazy\" decoding=\"async\" height=\"16\" width=\"16\" src=\"https:\/\/static.xx.fbcdn.net\/images\/emoji.php\/v9\/tee\/2\/16\/1f447.png\" alt=\"\ud83d\udc47\"><br><a href=\"https:\/\/mathriders.pl\/lokalizacje\/siedlce\/grafik-zajec?fbclid=IwZXh0bgNhZW0CMTAAAR0ijFjexl6S1axvnUdcldhmNbVmFfoyYmt3Mk6R4barzlbZ87mUh4eb_X4_aem_AYk0wuY6_DlCFSl5AySC-p5iTXRVMysEGBp52PWR33IV1jyPG9AngoAYMRFE4HoFdiIpsn3SOnZJRI5MWxscLlIj\" target=\"_blank\" rel=\"noreferrer noopener\">https:\/\/mathriders.pl\/lokalizacje\/siedlce\/grafik-zajec<\/a><\/p>\n\n\n\n<figure class=\"wp-block-image size-full\"><img loading=\"lazy\" decoding=\"async\" width=\"851\" height=\"315\" src=\"https:\/\/mathriders.pl\/siedlce\/wp-content\/uploads\/sites\/23\/2024\/05\/760x365-px-zdjecie-w-tle-na-facebooka.png\" alt=\"\" class=\"wp-image-594\" srcset=\"https:\/\/mathriders.pl\/siedlce\/wp-content\/uploads\/sites\/23\/2024\/05\/760x365-px-zdjecie-w-tle-na-facebooka.png 851w, https:\/\/mathriders.pl\/siedlce\/wp-content\/uploads\/sites\/23\/2024\/05\/760x365-px-zdjecie-w-tle-na-facebooka-300x111.png 300w, https:\/\/mathriders.pl\/siedlce\/wp-content\/uploads\/sites\/23\/2024\/05\/760x365-px-zdjecie-w-tle-na-facebooka-768x284.png 768w\" sizes=\"auto, (max-width: 851px) 100vw, 851px\" \/><\/figure>\n","protected":false},"excerpt":{"rendered":"<p>Chcesz sprawdzi\u0107 jak mo\u017cna uczy\u0107 matematyki multisensorycznie?\u00a0Jak zmotywowa\u0107 dzieci do nauki?\u00a0Chcesz, aby Twoje dziecko nauczy\u0142o si\u0119 analitycznego my\u015blenia oraz sposob\u00f3w rozwi\u0105zywania problem\u00f3w?Nabra\u0142o mocy, swobody, pewno\u015bci siebie oraz wiary w swoje matematyczne umiej\u0119tno\u015bci?Zale\u017cy Ci na tym, aby mia\u0142o frajd\u0119 podczas zaj\u0119\u0107 i samo chcia\u0142o chodzi\u0107 na matematyk\u0119?W efekcie nigdy nie mia\u0142o problem\u00f3w z kr\u00f3low\u0105 nauk i&#8230;<\/p>\n","protected":false},"author":29,"featured_media":502,"comment_status":"open","ping_status":"closed","sticky":false,"template":"","format":"standard","meta":{"_acf_changed":false,"_kad_blocks_custom_css":"","_kad_blocks_head_custom_js":"","_kad_blocks_body_custom_js":"","_kad_blocks_footer_custom_js":"","_kad_post_transparent":"","_kad_post_title":"","_kad_post_layout":"","_kad_post_sidebar_id":"","_kad_post_content_style":"","_kad_post_vertical_padding":"","_kad_post_feature":"","_kad_post_feature_position":"","_kad_post_header":false,"_kad_post_footer":false,"_kad_post_classname":"","footnotes":""},"categories":[1],"tags":[],"class_list":["post-501","post","type-post","status-publish","format-standard","has-post-thumbnail","hentry","category-aktualnosci"],"acf":[],"yoast_head":"<!-- This site is optimized with the Yoast SEO plugin v27.0 - https:\/\/yoast.com\/product\/yoast-seo-wordpress\/ -->\n<title>Dni Otwarte w MathRiders - Siedlce<\/title>\n<meta name=\"robots\" content=\"index, follow, max-snippet:-1, max-image-preview:large, max-video-preview:-1\" \/>\n<link rel=\"canonical\" href=\"https:\/\/mathriders.pl\/siedlce\/aktualnosci\/dni-otwarte-w-mathriders\/\" \/>\n<meta property=\"og:locale\" content=\"pl_PL\" \/>\n<meta property=\"og:type\" content=\"article\" \/>\n<meta property=\"og:title\" content=\"Dni Otwarte w MathRiders - Siedlce\" \/>\n<meta property=\"og:description\" content=\"Chcesz sprawdzi\u0107 jak mo\u017cna uczy\u0107 matematyki multisensorycznie?\u00a0Jak zmotywowa\u0107 dzieci do nauki?\u00a0Chcesz, aby Twoje dziecko nauczy\u0142o si\u0119 analitycznego my\u015blenia oraz sposob\u00f3w rozwi\u0105zywania problem\u00f3w?Nabra\u0142o mocy, swobody, pewno\u015bci siebie oraz wiary w swoje matematyczne umiej\u0119tno\u015bci?Zale\u017cy Ci na tym, aby mia\u0142o frajd\u0119 podczas zaj\u0119\u0107 i samo chcia\u0142o chodzi\u0107 na matematyk\u0119?W efekcie nigdy nie mia\u0142o problem\u00f3w z kr\u00f3low\u0105 nauk i...\" \/>\n<meta property=\"og:url\" content=\"https:\/\/mathriders.pl\/siedlce\/aktualnosci\/dni-otwarte-w-mathriders\/\" \/>\n<meta property=\"og:site_name\" content=\"Siedlce\" \/>\n<meta property=\"article:published_time\" content=\"2024-05-18T06:47:55+00:00\" \/>\n<meta property=\"article:modified_time\" content=\"2024-08-28T14:04:17+00:00\" \/>\n<meta property=\"og:image\" content=\"https:\/\/mathriders.pl\/siedlce\/wp-content\/uploads\/sites\/23\/2024\/05\/760x365-px-zdjecie-w-tle-na-facebooka-3.png\" \/>\n\t<meta property=\"og:image:width\" content=\"851\" \/>\n\t<meta property=\"og:image:height\" content=\"315\" \/>\n\t<meta property=\"og:image:type\" content=\"image\/png\" \/>\n<meta name=\"author\" content=\"siedlce\" \/>\n<meta name=\"twitter:card\" content=\"summary_large_image\" \/>\n<meta name=\"twitter:label1\" content=\"Napisane przez\" \/>\n\t<meta name=\"twitter:data1\" content=\"siedlce\" \/>\n\t<meta name=\"twitter:label2\" content=\"Szacowany czas czytania\" \/>\n\t<meta name=\"twitter:data2\" content=\"4 minuty\" \/>\n<script type=\"application\/ld+json\" class=\"yoast-schema-graph\">{\"@context\":\"https:\/\/schema.org\",\"@graph\":[{\"@type\":\"Article\",\"@id\":\"https:\/\/mathriders.pl\/siedlce\/aktualnosci\/dni-otwarte-w-mathriders\/#article\",\"isPartOf\":{\"@id\":\"https:\/\/mathriders.pl\/siedlce\/aktualnosci\/dni-otwarte-w-mathriders\/\"},\"author\":{\"name\":\"siedlce\",\"@id\":\"https:\/\/mathriders.pl\/siedlce\/#\/schema\/person\/9f1844652ae43a7b0c048466c0a3fbe3\"},\"headline\":\"Dni Otwarte w MathRiders\",\"datePublished\":\"2024-05-18T06:47:55+00:00\",\"dateModified\":\"2024-08-28T14:04:17+00:00\",\"mainEntityOfPage\":{\"@id\":\"https:\/\/mathriders.pl\/siedlce\/aktualnosci\/dni-otwarte-w-mathriders\/\"},\"wordCount\":148,\"commentCount\":0,\"publisher\":{\"@id\":\"https:\/\/mathriders.pl\/siedlce\/#organization\"},\"image\":{\"@id\":\"https:\/\/mathriders.pl\/siedlce\/aktualnosci\/dni-otwarte-w-mathriders\/#primaryimage\"},\"thumbnailUrl\":\"https:\/\/mathriders.pl\/siedlce\/wp-content\/uploads\/sites\/23\/2024\/05\/760x365-px-zdjecie-w-tle-na-facebooka-3.png\",\"articleSection\":[\"Aktualno\u015bci\"],\"inLanguage\":\"pl-PL\",\"potentialAction\":[{\"@type\":\"CommentAction\",\"name\":\"Comment\",\"target\":[\"https:\/\/mathriders.pl\/siedlce\/aktualnosci\/dni-otwarte-w-mathriders\/#respond\"]}]},{\"@type\":\"WebPage\",\"@id\":\"https:\/\/mathriders.pl\/siedlce\/aktualnosci\/dni-otwarte-w-mathriders\/\",\"url\":\"https:\/\/mathriders.pl\/siedlce\/aktualnosci\/dni-otwarte-w-mathriders\/\",\"name\":\"Dni Otwarte w MathRiders - Siedlce\",\"isPartOf\":{\"@id\":\"https:\/\/mathriders.pl\/siedlce\/#website\"},\"primaryImageOfPage\":{\"@id\":\"https:\/\/mathriders.pl\/siedlce\/aktualnosci\/dni-otwarte-w-mathriders\/#primaryimage\"},\"image\":{\"@id\":\"https:\/\/mathriders.pl\/siedlce\/aktualnosci\/dni-otwarte-w-mathriders\/#primaryimage\"},\"thumbnailUrl\":\"https:\/\/mathriders.pl\/siedlce\/wp-content\/uploads\/sites\/23\/2024\/05\/760x365-px-zdjecie-w-tle-na-facebooka-3.png\",\"datePublished\":\"2024-05-18T06:47:55+00:00\",\"dateModified\":\"2024-08-28T14:04:17+00:00\",\"breadcrumb\":{\"@id\":\"https:\/\/mathriders.pl\/siedlce\/aktualnosci\/dni-otwarte-w-mathriders\/#breadcrumb\"},\"inLanguage\":\"pl-PL\",\"potentialAction\":[{\"@type\":\"ReadAction\",\"target\":[\"https:\/\/mathriders.pl\/siedlce\/aktualnosci\/dni-otwarte-w-mathriders\/\"]}]},{\"@type\":\"ImageObject\",\"inLanguage\":\"pl-PL\",\"@id\":\"https:\/\/mathriders.pl\/siedlce\/aktualnosci\/dni-otwarte-w-mathriders\/#primaryimage\",\"url\":\"https:\/\/mathriders.pl\/siedlce\/wp-content\/uploads\/sites\/23\/2024\/05\/760x365-px-zdjecie-w-tle-na-facebooka-3.png\",\"contentUrl\":\"https:\/\/mathriders.pl\/siedlce\/wp-content\/uploads\/sites\/23\/2024\/05\/760x365-px-zdjecie-w-tle-na-facebooka-3.png\",\"width\":851,\"height\":315},{\"@type\":\"BreadcrumbList\",\"@id\":\"https:\/\/mathriders.pl\/siedlce\/aktualnosci\/dni-otwarte-w-mathriders\/#breadcrumb\",\"itemListElement\":[{\"@type\":\"ListItem\",\"position\":1,\"name\":\"Strona g\u0142\u00f3wna\",\"item\":\"https:\/\/mathriders.pl\/siedlce\/\"},{\"@type\":\"ListItem\",\"position\":2,\"name\":\"Dni Otwarte w MathRiders\"}]},{\"@type\":\"WebSite\",\"@id\":\"https:\/\/mathriders.pl\/siedlce\/#website\",\"url\":\"https:\/\/mathriders.pl\/siedlce\/\",\"name\":\"Siedlce\",\"description\":\"\",\"publisher\":{\"@id\":\"https:\/\/mathriders.pl\/siedlce\/#organization\"},\"potentialAction\":[{\"@type\":\"SearchAction\",\"target\":{\"@type\":\"EntryPoint\",\"urlTemplate\":\"https:\/\/mathriders.pl\/siedlce\/?s={search_term_string}\"},\"query-input\":{\"@type\":\"PropertyValueSpecification\",\"valueRequired\":true,\"valueName\":\"search_term_string\"}}],\"inLanguage\":\"pl-PL\"},{\"@type\":\"Organization\",\"@id\":\"https:\/\/mathriders.pl\/siedlce\/#organization\",\"name\":\"Siedlce\",\"url\":\"https:\/\/mathriders.pl\/siedlce\/\",\"logo\":{\"@type\":\"ImageObject\",\"inLanguage\":\"pl-PL\",\"@id\":\"https:\/\/mathriders.pl\/siedlce\/#\/schema\/logo\/image\/\",\"url\":\"https:\/\/mathriders.pl\/siedlce\/wp-content\/uploads\/sites\/23\/2023\/11\/logo.webp\",\"contentUrl\":\"https:\/\/mathriders.pl\/siedlce\/wp-content\/uploads\/sites\/23\/2023\/11\/logo.webp\",\"width\":157,\"height\":82,\"caption\":\"Siedlce\"},\"image\":{\"@id\":\"https:\/\/mathriders.pl\/siedlce\/#\/schema\/logo\/image\/\"}},{\"@type\":\"Person\",\"@id\":\"https:\/\/mathriders.pl\/siedlce\/#\/schema\/person\/9f1844652ae43a7b0c048466c0a3fbe3\",\"name\":\"siedlce\",\"image\":{\"@type\":\"ImageObject\",\"inLanguage\":\"pl-PL\",\"@id\":\"https:\/\/mathriders.pl\/siedlce\/#\/schema\/person\/image\/\",\"url\":\"https:\/\/secure.gravatar.com\/avatar\/4938b8e93bd08278d19254ae747e7cf696aa60a7690194e786e08eda9bd8926a?s=96&d=mm&r=g\",\"contentUrl\":\"https:\/\/secure.gravatar.com\/avatar\/4938b8e93bd08278d19254ae747e7cf696aa60a7690194e786e08eda9bd8926a?s=96&d=mm&r=g\",\"caption\":\"siedlce\"},\"url\":\"https:\/\/mathriders.pl\/siedlce\/aktualnosci\/author\/siedlce\/\"}]}<\/script>\n<!-- \/ Yoast SEO plugin. -->","yoast_head_json":{"title":"Dni Otwarte w MathRiders - Siedlce","robots":{"index":"index","follow":"follow","max-snippet":"max-snippet:-1","max-image-preview":"max-image-preview:large","max-video-preview":"max-video-preview:-1"},"canonical":"https:\/\/mathriders.pl\/siedlce\/aktualnosci\/dni-otwarte-w-mathriders\/","og_locale":"pl_PL","og_type":"article","og_title":"Dni Otwarte w MathRiders - Siedlce","og_description":"Chcesz sprawdzi\u0107 jak mo\u017cna uczy\u0107 matematyki multisensorycznie?\u00a0Jak zmotywowa\u0107 dzieci do nauki?\u00a0Chcesz, aby Twoje dziecko nauczy\u0142o si\u0119 analitycznego my\u015blenia oraz sposob\u00f3w rozwi\u0105zywania problem\u00f3w?Nabra\u0142o mocy, swobody, pewno\u015bci siebie oraz wiary w swoje matematyczne umiej\u0119tno\u015bci?Zale\u017cy Ci na tym, aby mia\u0142o frajd\u0119 podczas zaj\u0119\u0107 i samo chcia\u0142o chodzi\u0107 na matematyk\u0119?W efekcie nigdy nie mia\u0142o problem\u00f3w z kr\u00f3low\u0105 nauk i...","og_url":"https:\/\/mathriders.pl\/siedlce\/aktualnosci\/dni-otwarte-w-mathriders\/","og_site_name":"Siedlce","article_published_time":"2024-05-18T06:47:55+00:00","article_modified_time":"2024-08-28T14:04:17+00:00","og_image":[{"width":851,"height":315,"url":"https:\/\/mathriders.pl\/siedlce\/wp-content\/uploads\/sites\/23\/2024\/05\/760x365-px-zdjecie-w-tle-na-facebooka-3.png","type":"image\/png"}],"author":"siedlce","twitter_card":"summary_large_image","twitter_misc":{"Napisane przez":"siedlce","Szacowany czas czytania":"4 minuty"},"schema":{"@context":"https:\/\/schema.org","@graph":[{"@type":"Article","@id":"https:\/\/mathriders.pl\/siedlce\/aktualnosci\/dni-otwarte-w-mathriders\/#article","isPartOf":{"@id":"https:\/\/mathriders.pl\/siedlce\/aktualnosci\/dni-otwarte-w-mathriders\/"},"author":{"name":"siedlce","@id":"https:\/\/mathriders.pl\/siedlce\/#\/schema\/person\/9f1844652ae43a7b0c048466c0a3fbe3"},"headline":"Dni Otwarte w MathRiders","datePublished":"2024-05-18T06:47:55+00:00","dateModified":"2024-08-28T14:04:17+00:00","mainEntityOfPage":{"@id":"https:\/\/mathriders.pl\/siedlce\/aktualnosci\/dni-otwarte-w-mathriders\/"},"wordCount":148,"commentCount":0,"publisher":{"@id":"https:\/\/mathriders.pl\/siedlce\/#organization"},"image":{"@id":"https:\/\/mathriders.pl\/siedlce\/aktualnosci\/dni-otwarte-w-mathriders\/#primaryimage"},"thumbnailUrl":"https:\/\/mathriders.pl\/siedlce\/wp-content\/uploads\/sites\/23\/2024\/05\/760x365-px-zdjecie-w-tle-na-facebooka-3.png","articleSection":["Aktualno\u015bci"],"inLanguage":"pl-PL","potentialAction":[{"@type":"CommentAction","name":"Comment","target":["https:\/\/mathriders.pl\/siedlce\/aktualnosci\/dni-otwarte-w-mathriders\/#respond"]}]},{"@type":"WebPage","@id":"https:\/\/mathriders.pl\/siedlce\/aktualnosci\/dni-otwarte-w-mathriders\/","url":"https:\/\/mathriders.pl\/siedlce\/aktualnosci\/dni-otwarte-w-mathriders\/","name":"Dni Otwarte w MathRiders - Siedlce","isPartOf":{"@id":"https:\/\/mathriders.pl\/siedlce\/#website"},"primaryImageOfPage":{"@id":"https:\/\/mathriders.pl\/siedlce\/aktualnosci\/dni-otwarte-w-mathriders\/#primaryimage"},"image":{"@id":"https:\/\/mathriders.pl\/siedlce\/aktualnosci\/dni-otwarte-w-mathriders\/#primaryimage"},"thumbnailUrl":"https:\/\/mathriders.pl\/siedlce\/wp-content\/uploads\/sites\/23\/2024\/05\/760x365-px-zdjecie-w-tle-na-facebooka-3.png","datePublished":"2024-05-18T06:47:55+00:00","dateModified":"2024-08-28T14:04:17+00:00","breadcrumb":{"@id":"https:\/\/mathriders.pl\/siedlce\/aktualnosci\/dni-otwarte-w-mathriders\/#breadcrumb"},"inLanguage":"pl-PL","potentialAction":[{"@type":"ReadAction","target":["https:\/\/mathriders.pl\/siedlce\/aktualnosci\/dni-otwarte-w-mathriders\/"]}]},{"@type":"ImageObject","inLanguage":"pl-PL","@id":"https:\/\/mathriders.pl\/siedlce\/aktualnosci\/dni-otwarte-w-mathriders\/#primaryimage","url":"https:\/\/mathriders.pl\/siedlce\/wp-content\/uploads\/sites\/23\/2024\/05\/760x365-px-zdjecie-w-tle-na-facebooka-3.png","contentUrl":"https:\/\/mathriders.pl\/siedlce\/wp-content\/uploads\/sites\/23\/2024\/05\/760x365-px-zdjecie-w-tle-na-facebooka-3.png","width":851,"height":315},{"@type":"BreadcrumbList","@id":"https:\/\/mathriders.pl\/siedlce\/aktualnosci\/dni-otwarte-w-mathriders\/#breadcrumb","itemListElement":[{"@type":"ListItem","position":1,"name":"Strona g\u0142\u00f3wna","item":"https:\/\/mathriders.pl\/siedlce\/"},{"@type":"ListItem","position":2,"name":"Dni Otwarte w MathRiders"}]},{"@type":"WebSite","@id":"https:\/\/mathriders.pl\/siedlce\/#website","url":"https:\/\/mathriders.pl\/siedlce\/","name":"Siedlce","description":"","publisher":{"@id":"https:\/\/mathriders.pl\/siedlce\/#organization"},"potentialAction":[{"@type":"SearchAction","target":{"@type":"EntryPoint","urlTemplate":"https:\/\/mathriders.pl\/siedlce\/?s={search_term_string}"},"query-input":{"@type":"PropertyValueSpecification","valueRequired":true,"valueName":"search_term_string"}}],"inLanguage":"pl-PL"},{"@type":"Organization","@id":"https:\/\/mathriders.pl\/siedlce\/#organization","name":"Siedlce","url":"https:\/\/mathriders.pl\/siedlce\/","logo":{"@type":"ImageObject","inLanguage":"pl-PL","@id":"https:\/\/mathriders.pl\/siedlce\/#\/schema\/logo\/image\/","url":"https:\/\/mathriders.pl\/siedlce\/wp-content\/uploads\/sites\/23\/2023\/11\/logo.webp","contentUrl":"https:\/\/mathriders.pl\/siedlce\/wp-content\/uploads\/sites\/23\/2023\/11\/logo.webp","width":157,"height":82,"caption":"Siedlce"},"image":{"@id":"https:\/\/mathriders.pl\/siedlce\/#\/schema\/logo\/image\/"}},{"@type":"Person","@id":"https:\/\/mathriders.pl\/siedlce\/#\/schema\/person\/9f1844652ae43a7b0c048466c0a3fbe3","name":"siedlce","image":{"@type":"ImageObject","inLanguage":"pl-PL","@id":"https:\/\/mathriders.pl\/siedlce\/#\/schema\/person\/image\/","url":"https:\/\/secure.gravatar.com\/avatar\/4938b8e93bd08278d19254ae747e7cf696aa60a7690194e786e08eda9bd8926a?s=96&d=mm&r=g","contentUrl":"https:\/\/secure.gravatar.com\/avatar\/4938b8e93bd08278d19254ae747e7cf696aa60a7690194e786e08eda9bd8926a?s=96&d=mm&r=g","caption":"siedlce"},"url":"https:\/\/mathriders.pl\/siedlce\/aktualnosci\/author\/siedlce\/"}]}},"taxonomy_info":{"category":[{"value":1,"label":"Aktualno\u015bci"}]},"featured_image_src_large":["https:\/\/mathriders.pl\/siedlce\/wp-content\/uploads\/sites\/23\/2024\/05\/760x365-px-zdjecie-w-tle-na-facebooka-3.png",851,315,false],"author_info":{"display_name":"siedlce","author_link":"https:\/\/mathriders.pl\/siedlce\/aktualnosci\/author\/siedlce\/"},"comment_info":0,"category_info":[{"term_id":1,"name":"Aktualno\u015bci","slug":"aktualnosci","term_group":0,"term_taxonomy_id":1,"taxonomy":"category","description":"","parent":0,"count":6,"filter":"raw","cat_ID":1,"category_count":6,"category_description":"","cat_name":"Aktualno\u015bci","category_nicename":"aktualnosci","category_parent":0}],"tag_info":false,"_links":{"self":[{"href":"https:\/\/mathriders.pl\/siedlce\/wp-json\/wp\/v2\/posts\/501","targetHints":{"allow":["GET"]}}],"collection":[{"href":"https:\/\/mathriders.pl\/siedlce\/wp-json\/wp\/v2\/posts"}],"about":[{"href":"https:\/\/mathriders.pl\/siedlce\/wp-json\/wp\/v2\/types\/post"}],"author":[{"embeddable":true,"href":"https:\/\/mathriders.pl\/siedlce\/wp-json\/wp\/v2\/users\/29"}],"replies":[{"embeddable":true,"href":"https:\/\/mathriders.pl\/siedlce\/wp-json\/wp\/v2\/comments?post=501"}],"version-history":[{"count":2,"href":"https:\/\/mathriders.pl\/siedlce\/wp-json\/wp\/v2\/posts\/501\/revisions"}],"predecessor-version":[{"id":596,"href":"https:\/\/mathriders.pl\/siedlce\/wp-json\/wp\/v2\/posts\/501\/revisions\/596"}],"wp:featuredmedia":[{"embeddable":true,"href":"https:\/\/mathriders.pl\/siedlce\/wp-json\/wp\/v2\/media\/502"}],"wp:attachment":[{"href":"https:\/\/mathriders.pl\/siedlce\/wp-json\/wp\/v2\/media?parent=501"}],"wp:term":[{"taxonomy":"category","embeddable":true,"href":"https:\/\/mathriders.pl\/siedlce\/wp-json\/wp\/v2\/categories?post=501"},{"taxonomy":"post_tag","embeddable":true,"href":"https:\/\/mathriders.pl\/siedlce\/wp-json\/wp\/v2\/tags?post=501"}],"curies":[{"name":"wp","href":"https:\/\/api.w.org\/{rel}","templated":true}]}}