{"id":943,"date":"2026-07-20T11:45:49","date_gmt":"2026-07-20T09:45:49","guid":{"rendered":"https:\/\/mathriders.pl\/poznan-grunwald\/?p=943"},"modified":"2026-08-13T12:13:43","modified_gmt":"2026-08-13T10:13:43","slug":"drzwi-otwarte-w-mathriders-odkryj-swiat-matematycznych-supermocy%f0%9f%a6%b8%e2%99%82%ef%b8%8f%f0%9f%93%90-2","status":"publish","type":"post","link":"https:\/\/mathriders.pl\/poznan-grunwald\/aktualnosci\/drzwi-otwarte-w-mathriders-odkryj-swiat-matematycznych-supermocy%f0%9f%a6%b8%e2%99%82%ef%b8%8f%f0%9f%93%90-2\/","title":{"rendered":"\ud83e\uddee Drzwi Otwarte w MathRiders \u2013 sprawd\u017a, czy Twoje dziecko pokocha matematyk\u0119!"},"content":{"rendered":"\n<p class=\"wp-block-paragraph\"><strong>Bezp\u0142atne lekcje pokazowe ju\u017c we wrze\u015bniu!<\/strong><\/p>\n\n\n\n<p class=\"wp-block-paragraph\">\ud83d\udcc5 <strong>Pozna\u0144 Grunwald ul. S\u0142oneczna 56b \u2013 4 wrze\u015bnia<\/strong><br>\ud83d\udcc5 <strong>Sk\u00f3rzewo ul. Pozna\u0144ska 74 \u2013 5 wrze\u015bnia<\/strong><\/p>\n\n\n\n<p class=\"wp-block-paragraph\">\ud83d\udc67 Dla dzieci w wieku <strong>3\u201312 lat<\/strong> (w podziale na grupy wiekowe)<\/p>\n\n\n\n<p class=\"wp-block-paragraph\">\u2705 Bezp\u0142atny udzia\u0142<br>\u2705 Ma\u0142e grupy<br>\u2705 Liczba miejsc ograniczona<\/p>\n\n\n\n<p class=\"wp-block-paragraph\">\ud83d\udd35 <strong><a href=\"https:\/\/forms.gle\/7Pt62A5ijaCac35W9\" data-type=\"link\" data-id=\"https:\/\/forms.gle\/7Pt62A5ijaCac35W9\">ZAPISZ DZIECKO NA LEKCJ\u0118 POKAZOW\u0104<\/a><\/strong><\/p>\n\n\n\n<hr class=\"wp-block-separator has-alpha-channel-opacity is-style-wide\" \/>\n\n\n\n<p class=\"wp-block-paragraph\"><strong>Dlaczego warto?<\/strong><\/p>\n\n\n\n<p class=\"wp-block-paragraph\">Bo podczas jednej lekcji dziecko mo\u017ce przekona\u0107 si\u0119, \u017ce matematyka nie musi oznacza\u0107 nudnych \u0107wicze\u0144 i wkuwania.<\/p>\n\n\n\n<p class=\"wp-block-paragraph\">W MathRiders uczymy poprzez:<\/p>\n\n\n\n<ul class=\"wp-block-list\">\n<li>do\u015bwiadczanie,<\/li>\n\n\n\n<li>gry,<\/li>\n\n\n\n<li>eksperymentowanie,<\/li>\n\n\n\n<li>logiczne wyzwania,<\/li>\n\n\n\n<li>wsp\u00f3\u0142prac\u0119 i dobr\u0105 zabaw\u0119.<\/li>\n<\/ul>\n\n\n\n<p class=\"wp-block-paragraph\">Dzi\u0119ki temu dzieci rozwijaj\u0105 logiczne my\u015blenie, pewno\u015b\u0107 siebie i wiar\u0119 we w\u0142asne mo\u017cliwo\u015bci.<\/p>\n\n\n\n<hr class=\"wp-block-separator has-alpha-channel-opacity is-style-wide\" \/>\n\n\n\n<p class=\"wp-block-paragraph\"><strong>Co czeka dziecko podczas lekcji?<\/strong><\/p>\n\n\n\n<p class=\"wp-block-paragraph\">\u2714 ciekawe aktywno\u015bci dopasowane do wieku<\/p>\n\n\n\n<p class=\"wp-block-paragraph\">\u2714 przyjazna atmosfera<\/p>\n\n\n\n<p class=\"wp-block-paragraph\">\u2714 do\u015bwiadczeni nauczyciele<\/p>\n\n\n\n<p class=\"wp-block-paragraph\">\u2714 mo\u017cliwo\u015b\u0107 poznania naszej metody przed zapisaniem si\u0119 na kurs<\/p>\n\n\n\n<hr class=\"wp-block-separator has-alpha-channel-opacity is-style-wide\" \/>\n\n\n\n<p class=\"wp-block-paragraph\"><strong>Dla kogo s\u0105 zaj\u0119cia?<\/strong><\/p>\n\n\n\n<p class=\"wp-block-paragraph\">Prowadzimy zaj\u0119cia dla dzieci w wieku od 3 lat do klasy 8.<\/p>\n\n\n\n<hr class=\"wp-block-separator has-alpha-channel-opacity is-style-wide\" \/>\n\n\n\n<p class=\"wp-block-paragraph\"><strong>Co m\u00f3wi\u0105 rodzice?<\/strong><\/p>\n\n\n\n<p class=\"wp-block-paragraph\">\ud83d\udde8\ufe0f \u201eSyn uwielbia zaj\u0119cia, rozwija swoje umiej\u0119tno\u015bci matematyczne i zami\u0142owanie do &#8222;kr\u00f3lowej nauk&#8221;. Sympatyczna i wykwalifikowana kadra, bardzo dobra organizacja i kontakt ze strony w\u0142a\u015bcicieli. Bardzo polecamy zaj\u0119cia w MathRiders.\u201d<\/p>\n\n\n\n<p class=\"wp-block-paragraph\">\u2013 Aleksandra, mama Leona<\/p>\n\n\n\n<p class=\"wp-block-paragraph\">\ud83d\udde8\ufe0f \u201eWspaniali nauczyciel, dzieci uwielbiaj\u0105 zaj\u0119cia z matematyki. Pozdrawiam serdecznie.\u201d<\/p>\n\n\n\n<p class=\"wp-block-paragraph\">\u2013 Natalia, mama Mai i Paw\u0142a<\/p>\n\n\n\n<p class=\"wp-block-paragraph\"><img loading=\"lazy\" decoding=\"async\" width=\"16\" height=\"16\" src=\"\" alt=\"\ud83d\udde8\ufe0f\">\u201eDoskona\u0142e podej\u015bcie do dzieci, a przy tym efektywna nauka przez zabaw\u0119!<\/p>\n\n\n\n<p class=\"wp-block-paragraph\">Moje dzieci uwielbiaj\u0105 zaj\u0119cia z matematyki i \u015bwietnie radz\u0105 sobie w szkole. Dzi\u0119ki MathRiders mo\u017cna pokocha\u0107 ten przedmiot!\u201d<\/p>\n\n\n\n<p class=\"wp-block-paragraph\">\u2013 Malwina, mama Anieli i Dobrusi<\/p>\n\n\n\n<hr class=\"wp-block-separator has-alpha-channel-opacity is-style-wide\" \/>\n\n\n\n<p class=\"wp-block-paragraph\"><strong>Jak si\u0119 zapisa\u0107?<\/strong><\/p>\n\n\n\n<p class=\"wp-block-paragraph\">Kliknij poni\u017cej i wybierz dogodny termin.<\/p>\n\n\n\n<p class=\"wp-block-paragraph\">\ud83d\udd35 <strong><a href=\"https:\/\/forms.gle\/7Pt62A5ijaCac35W9\" data-type=\"link\" data-id=\"https:\/\/forms.gle\/7Pt62A5ijaCac35W9\">ZAPISZ DZIECKO<\/a><\/strong><\/p>\n\n\n\n<p class=\"wp-block-paragraph\"><\/p>\n","protected":false},"excerpt":{"rendered":"<p>Bezp\u0142atne lekcje pokazowe ju\u017c we wrze\u015bniu! \ud83d\udcc5 Pozna\u0144 Grunwald ul. S\u0142oneczna 56b \u2013 4 wrze\u015bnia\ud83d\udcc5 Sk\u00f3rzewo ul. Pozna\u0144ska 74 \u2013 5 wrze\u015bnia \ud83d\udc67 Dla dzieci w wieku 3\u201312 lat (w podziale na grupy wiekowe) \u2705 Bezp\u0142atny udzia\u0142\u2705 Ma\u0142e grupy\u2705 Liczba miejsc ograniczona \ud83d\udd35 ZAPISZ DZIECKO NA LEKCJ\u0118 POKAZOW\u0104 Dlaczego warto? Bo podczas jednej lekcji dziecko&#8230;<\/p>\n","protected":false},"author":52,"featured_media":944,"comment_status":"open","ping_status":"closed","sticky":false,"template":"","format":"standard","meta":{"_acf_changed":false,"_kad_blocks_custom_css":"","_kad_blocks_head_custom_js":"","_kad_blocks_body_custom_js":"","_kad_blocks_footer_custom_js":"","_kad_post_transparent":"","_kad_post_title":"","_kad_post_layout":"","_kad_post_sidebar_id":"","_kad_post_content_style":"","_kad_post_vertical_padding":"","_kad_post_feature":"","_kad_post_feature_position":"","_kad_post_header":false,"_kad_post_footer":false,"_kad_post_classname":"","footnotes":""},"categories":[1],"tags":[],"class_list":["post-943","post","type-post","status-publish","format-standard","has-post-thumbnail","hentry","category-aktualnosci"],"acf":[],"yoast_head":"<!-- This site is optimized with the Yoast SEO plugin v28.3 - https:\/\/yoast.com\/product\/yoast-seo-wordpress\/ -->\n<title>Zaj\u0119cia z matematyki dla dzieci<\/title>\n<meta name=\"robots\" content=\"index, follow, max-snippet:-1, max-image-preview:large, max-video-preview:-1\" \/>\n<link rel=\"canonical\" href=\"https:\/\/mathriders.pl\/poznan-grunwald\/aktualnosci\/drzwi-otwarte-w-mathriders-odkryj-swiat-matematycznych-supermocy\ud83e\uddb8\u2642\ufe0f\ud83d\udcd0-2\/\" \/>\n<meta property=\"og:locale\" content=\"pl_PL\" \/>\n<meta property=\"og:type\" content=\"article\" \/>\n<meta property=\"og:title\" content=\"Zaj\u0119cia z matematyki dla dzieci\" \/>\n<meta property=\"og:description\" content=\"Bezp\u0142atne lekcje pokazowe ju\u017c we wrze\u015bniu! \ud83d\udcc5 Pozna\u0144 Grunwald ul. S\u0142oneczna 56b \u2013 4 wrze\u015bnia\ud83d\udcc5 Sk\u00f3rzewo ul. Pozna\u0144ska 74 \u2013 5 wrze\u015bnia \ud83d\udc67 Dla dzieci w wieku 3\u201312 lat (w podziale na grupy wiekowe) \u2705 Bezp\u0142atny udzia\u0142\u2705 Ma\u0142e grupy\u2705 Liczba miejsc ograniczona \ud83d\udd35 ZAPISZ DZIECKO NA LEKCJ\u0118 POKAZOW\u0104 Dlaczego warto? Bo podczas jednej lekcji dziecko...\" \/>\n<meta property=\"og:url\" content=\"https:\/\/mathriders.pl\/poznan-grunwald\/aktualnosci\/drzwi-otwarte-w-mathriders-odkryj-swiat-matematycznych-supermocy\ud83e\uddb8\u2642\ufe0f\ud83d\udcd0-2\/\" \/>\n<meta property=\"og:site_name\" content=\"Pozna\u0144 Grunwald\" \/>\n<meta property=\"article:published_time\" content=\"2026-07-20T09:45:49+00:00\" \/>\n<meta property=\"article:modified_time\" content=\"2026-08-13T10:13:43+00:00\" \/>\n<meta property=\"og:image\" content=\"https:\/\/mathriders.pl\/poznan-grunwald\/wp-content\/uploads\/sites\/48\/2026\/07\/748948390_1651500350309726_2878163258242317635_n.jpg\" \/>\n\t<meta property=\"og:image:width\" content=\"1080\" \/>\n\t<meta property=\"og:image:height\" content=\"1350\" \/>\n\t<meta property=\"og:image:type\" content=\"image\/jpeg\" \/>\n<meta name=\"author\" content=\"grunwald\" \/>\n<meta name=\"twitter:card\" content=\"summary_large_image\" \/>\n<meta name=\"twitter:label1\" content=\"Napisane przez\" \/>\n\t<meta name=\"twitter:data1\" content=\"grunwald\" \/>\n\t<meta name=\"twitter:label2\" content=\"Szacowany czas czytania\" \/>\n\t<meta name=\"twitter:data2\" content=\"2 minuty\" \/>\n<script type=\"application\/ld+json\" class=\"yoast-schema-graph\">{\"@context\":\"https:\\\/\\\/schema.org\",\"@graph\":[{\"@type\":\"Article\",\"@id\":\"https:\\\/\\\/mathriders.pl\\\/poznan-grunwald\\\/aktualnosci\\\/drzwi-otwarte-w-mathriders-odkryj-swiat-matematycznych-supermocy%f0%9f%a6%b8%e2%99%82%ef%b8%8f%f0%9f%93%90-2\\\/#article\",\"isPartOf\":{\"@id\":\"https:\\\/\\\/mathriders.pl\\\/poznan-grunwald\\\/aktualnosci\\\/drzwi-otwarte-w-mathriders-odkryj-swiat-matematycznych-supermocy%f0%9f%a6%b8%e2%99%82%ef%b8%8f%f0%9f%93%90-2\\\/\"},\"author\":{\"name\":\"grunwald\",\"@id\":\"https:\\\/\\\/mathriders.pl\\\/poznan-grunwald\\\/#\\\/schema\\\/person\\\/27ad1b9b3179d197e77fd18169940999\"},\"headline\":\"\ud83e\uddee Drzwi Otwarte w MathRiders \u2013 sprawd\u017a, czy Twoje dziecko pokocha matematyk\u0119!\",\"datePublished\":\"2026-07-20T09:45:49+00:00\",\"dateModified\":\"2026-08-13T10:13:43+00:00\",\"mainEntityOfPage\":{\"@id\":\"https:\\\/\\\/mathriders.pl\\\/poznan-grunwald\\\/aktualnosci\\\/drzwi-otwarte-w-mathriders-odkryj-swiat-matematycznych-supermocy%f0%9f%a6%b8%e2%99%82%ef%b8%8f%f0%9f%93%90-2\\\/\"},\"wordCount\":263,\"commentCount\":0,\"publisher\":{\"@id\":\"https:\\\/\\\/mathriders.pl\\\/poznan-grunwald\\\/#organization\"},\"image\":{\"@id\":\"https:\\\/\\\/mathriders.pl\\\/poznan-grunwald\\\/aktualnosci\\\/drzwi-otwarte-w-mathriders-odkryj-swiat-matematycznych-supermocy%f0%9f%a6%b8%e2%99%82%ef%b8%8f%f0%9f%93%90-2\\\/#primaryimage\"},\"thumbnailUrl\":\"https:\\\/\\\/mathriders.pl\\\/poznan-grunwald\\\/wp-content\\\/uploads\\\/sites\\\/48\\\/2026\\\/07\\\/748948390_1651500350309726_2878163258242317635_n.jpg\",\"articleSection\":[\"Aktualno\u015bci\"],\"inLanguage\":\"pl-PL\",\"potentialAction\":[{\"@type\":\"CommentAction\",\"name\":\"Comment\",\"target\":[\"https:\\\/\\\/mathriders.pl\\\/poznan-grunwald\\\/aktualnosci\\\/drzwi-otwarte-w-mathriders-odkryj-swiat-matematycznych-supermocy%f0%9f%a6%b8%e2%99%82%ef%b8%8f%f0%9f%93%90-2\\\/#respond\"]}]},{\"@type\":\"WebPage\",\"@id\":\"https:\\\/\\\/mathriders.pl\\\/poznan-grunwald\\\/aktualnosci\\\/drzwi-otwarte-w-mathriders-odkryj-swiat-matematycznych-supermocy%f0%9f%a6%b8%e2%99%82%ef%b8%8f%f0%9f%93%90-2\\\/\",\"url\":\"https:\\\/\\\/mathriders.pl\\\/poznan-grunwald\\\/aktualnosci\\\/drzwi-otwarte-w-mathriders-odkryj-swiat-matematycznych-supermocy%f0%9f%a6%b8%e2%99%82%ef%b8%8f%f0%9f%93%90-2\\\/\",\"name\":\"Zaj\u0119cia z matematyki dla dzieci\",\"isPartOf\":{\"@id\":\"https:\\\/\\\/mathriders.pl\\\/poznan-grunwald\\\/#website\"},\"primaryImageOfPage\":{\"@id\":\"https:\\\/\\\/mathriders.pl\\\/poznan-grunwald\\\/aktualnosci\\\/drzwi-otwarte-w-mathriders-odkryj-swiat-matematycznych-supermocy%f0%9f%a6%b8%e2%99%82%ef%b8%8f%f0%9f%93%90-2\\\/#primaryimage\"},\"image\":{\"@id\":\"https:\\\/\\\/mathriders.pl\\\/poznan-grunwald\\\/aktualnosci\\\/drzwi-otwarte-w-mathriders-odkryj-swiat-matematycznych-supermocy%f0%9f%a6%b8%e2%99%82%ef%b8%8f%f0%9f%93%90-2\\\/#primaryimage\"},\"thumbnailUrl\":\"https:\\\/\\\/mathriders.pl\\\/poznan-grunwald\\\/wp-content\\\/uploads\\\/sites\\\/48\\\/2026\\\/07\\\/748948390_1651500350309726_2878163258242317635_n.jpg\",\"datePublished\":\"2026-07-20T09:45:49+00:00\",\"dateModified\":\"2026-08-13T10:13:43+00:00\",\"breadcrumb\":{\"@id\":\"https:\\\/\\\/mathriders.pl\\\/poznan-grunwald\\\/aktualnosci\\\/drzwi-otwarte-w-mathriders-odkryj-swiat-matematycznych-supermocy%f0%9f%a6%b8%e2%99%82%ef%b8%8f%f0%9f%93%90-2\\\/#breadcrumb\"},\"inLanguage\":\"pl-PL\",\"potentialAction\":[{\"@type\":\"ReadAction\",\"target\":[\"https:\\\/\\\/mathriders.pl\\\/poznan-grunwald\\\/aktualnosci\\\/drzwi-otwarte-w-mathriders-odkryj-swiat-matematycznych-supermocy%f0%9f%a6%b8%e2%99%82%ef%b8%8f%f0%9f%93%90-2\\\/\"]}]},{\"@type\":\"ImageObject\",\"inLanguage\":\"pl-PL\",\"@id\":\"https:\\\/\\\/mathriders.pl\\\/poznan-grunwald\\\/aktualnosci\\\/drzwi-otwarte-w-mathriders-odkryj-swiat-matematycznych-supermocy%f0%9f%a6%b8%e2%99%82%ef%b8%8f%f0%9f%93%90-2\\\/#primaryimage\",\"url\":\"https:\\\/\\\/mathriders.pl\\\/poznan-grunwald\\\/wp-content\\\/uploads\\\/sites\\\/48\\\/2026\\\/07\\\/748948390_1651500350309726_2878163258242317635_n.jpg\",\"contentUrl\":\"https:\\\/\\\/mathriders.pl\\\/poznan-grunwald\\\/wp-content\\\/uploads\\\/sites\\\/48\\\/2026\\\/07\\\/748948390_1651500350309726_2878163258242317635_n.jpg\",\"width\":1080,\"height\":1350},{\"@type\":\"BreadcrumbList\",\"@id\":\"https:\\\/\\\/mathriders.pl\\\/poznan-grunwald\\\/aktualnosci\\\/drzwi-otwarte-w-mathriders-odkryj-swiat-matematycznych-supermocy%f0%9f%a6%b8%e2%99%82%ef%b8%8f%f0%9f%93%90-2\\\/#breadcrumb\",\"itemListElement\":[{\"@type\":\"ListItem\",\"position\":1,\"name\":\"Strona g\u0142\u00f3wna\",\"item\":\"https:\\\/\\\/mathriders.pl\\\/poznan-grunwald\\\/\"},{\"@type\":\"ListItem\",\"position\":2,\"name\":\"\ud83e\uddee Drzwi Otwarte w MathRiders \u2013 sprawd\u017a, czy Twoje dziecko pokocha matematyk\u0119!\"}]},{\"@type\":\"WebSite\",\"@id\":\"https:\\\/\\\/mathriders.pl\\\/poznan-grunwald\\\/#website\",\"url\":\"https:\\\/\\\/mathriders.pl\\\/poznan-grunwald\\\/\",\"name\":\"Pozna\u0144 Grunwald\",\"description\":\"\",\"publisher\":{\"@id\":\"https:\\\/\\\/mathriders.pl\\\/poznan-grunwald\\\/#organization\"},\"potentialAction\":[{\"@type\":\"SearchAction\",\"target\":{\"@type\":\"EntryPoint\",\"urlTemplate\":\"https:\\\/\\\/mathriders.pl\\\/poznan-grunwald\\\/?s={search_term_string}\"},\"query-input\":{\"@type\":\"PropertyValueSpecification\",\"valueRequired\":true,\"valueName\":\"search_term_string\"}}],\"inLanguage\":\"pl-PL\"},{\"@type\":\"Organization\",\"@id\":\"https:\\\/\\\/mathriders.pl\\\/poznan-grunwald\\\/#organization\",\"name\":\"Pozna\u0144 Grunwald\",\"url\":\"https:\\\/\\\/mathriders.pl\\\/poznan-grunwald\\\/\",\"logo\":{\"@type\":\"ImageObject\",\"inLanguage\":\"pl-PL\",\"@id\":\"https:\\\/\\\/mathriders.pl\\\/poznan-grunwald\\\/#\\\/schema\\\/logo\\\/image\\\/\",\"url\":\"https:\\\/\\\/mathriders.pl\\\/poznan-grunwald\\\/wp-content\\\/uploads\\\/sites\\\/48\\\/2023\\\/11\\\/logo.webp\",\"contentUrl\":\"https:\\\/\\\/mathriders.pl\\\/poznan-grunwald\\\/wp-content\\\/uploads\\\/sites\\\/48\\\/2023\\\/11\\\/logo.webp\",\"width\":157,\"height\":82,\"caption\":\"Pozna\u0144 Grunwald\"},\"image\":{\"@id\":\"https:\\\/\\\/mathriders.pl\\\/poznan-grunwald\\\/#\\\/schema\\\/logo\\\/image\\\/\"}},{\"@type\":\"Person\",\"@id\":\"https:\\\/\\\/mathriders.pl\\\/poznan-grunwald\\\/#\\\/schema\\\/person\\\/27ad1b9b3179d197e77fd18169940999\",\"name\":\"grunwald\",\"image\":{\"@type\":\"ImageObject\",\"inLanguage\":\"pl-PL\",\"@id\":\"https:\\\/\\\/secure.gravatar.com\\\/avatar\\\/bf73267903f9e6acff3cde4ef11d72eac83f91d29b0e7cc0207dcce9cd375ee3?s=96&d=mm&r=g\",\"url\":\"https:\\\/\\\/secure.gravatar.com\\\/avatar\\\/bf73267903f9e6acff3cde4ef11d72eac83f91d29b0e7cc0207dcce9cd375ee3?s=96&d=mm&r=g\",\"contentUrl\":\"https:\\\/\\\/secure.gravatar.com\\\/avatar\\\/bf73267903f9e6acff3cde4ef11d72eac83f91d29b0e7cc0207dcce9cd375ee3?s=96&d=mm&r=g\",\"caption\":\"grunwald\"},\"url\":\"https:\\\/\\\/mathriders.pl\\\/poznan-grunwald\\\/aktualnosci\\\/author\\\/grunwald\\\/\"}]}<\/script>\n<!-- \/ Yoast SEO plugin. -->","yoast_head_json":{"title":"Zaj\u0119cia z matematyki dla dzieci","robots":{"index":"index","follow":"follow","max-snippet":"max-snippet:-1","max-image-preview":"max-image-preview:large","max-video-preview":"max-video-preview:-1"},"canonical":"https:\/\/mathriders.pl\/poznan-grunwald\/aktualnosci\/drzwi-otwarte-w-mathriders-odkryj-swiat-matematycznych-supermocy\ud83e\uddb8\u2642\ufe0f\ud83d\udcd0-2\/","og_locale":"pl_PL","og_type":"article","og_title":"Zaj\u0119cia z matematyki dla dzieci","og_description":"Bezp\u0142atne lekcje pokazowe ju\u017c we wrze\u015bniu! \ud83d\udcc5 Pozna\u0144 Grunwald ul. S\u0142oneczna 56b \u2013 4 wrze\u015bnia\ud83d\udcc5 Sk\u00f3rzewo ul. Pozna\u0144ska 74 \u2013 5 wrze\u015bnia \ud83d\udc67 Dla dzieci w wieku 3\u201312 lat (w podziale na grupy wiekowe) \u2705 Bezp\u0142atny udzia\u0142\u2705 Ma\u0142e grupy\u2705 Liczba miejsc ograniczona \ud83d\udd35 ZAPISZ DZIECKO NA LEKCJ\u0118 POKAZOW\u0104 Dlaczego warto? Bo podczas jednej lekcji dziecko...","og_url":"https:\/\/mathriders.pl\/poznan-grunwald\/aktualnosci\/drzwi-otwarte-w-mathriders-odkryj-swiat-matematycznych-supermocy\ud83e\uddb8\u2642\ufe0f\ud83d\udcd0-2\/","og_site_name":"Pozna\u0144 Grunwald","article_published_time":"2026-07-20T09:45:49+00:00","article_modified_time":"2026-08-13T10:13:43+00:00","og_image":[{"width":1080,"height":1350,"url":"https:\/\/mathriders.pl\/poznan-grunwald\/wp-content\/uploads\/sites\/48\/2026\/07\/748948390_1651500350309726_2878163258242317635_n.jpg","type":"image\/jpeg"}],"author":"grunwald","twitter_card":"summary_large_image","twitter_misc":{"Napisane przez":"grunwald","Szacowany czas czytania":"2 minuty"},"schema":{"@context":"https:\/\/schema.org","@graph":[{"@type":"Article","@id":"https:\/\/mathriders.pl\/poznan-grunwald\/aktualnosci\/drzwi-otwarte-w-mathriders-odkryj-swiat-matematycznych-supermocy%f0%9f%a6%b8%e2%99%82%ef%b8%8f%f0%9f%93%90-2\/#article","isPartOf":{"@id":"https:\/\/mathriders.pl\/poznan-grunwald\/aktualnosci\/drzwi-otwarte-w-mathriders-odkryj-swiat-matematycznych-supermocy%f0%9f%a6%b8%e2%99%82%ef%b8%8f%f0%9f%93%90-2\/"},"author":{"name":"grunwald","@id":"https:\/\/mathriders.pl\/poznan-grunwald\/#\/schema\/person\/27ad1b9b3179d197e77fd18169940999"},"headline":"\ud83e\uddee Drzwi Otwarte w MathRiders \u2013 sprawd\u017a, czy Twoje dziecko pokocha matematyk\u0119!","datePublished":"2026-07-20T09:45:49+00:00","dateModified":"2026-08-13T10:13:43+00:00","mainEntityOfPage":{"@id":"https:\/\/mathriders.pl\/poznan-grunwald\/aktualnosci\/drzwi-otwarte-w-mathriders-odkryj-swiat-matematycznych-supermocy%f0%9f%a6%b8%e2%99%82%ef%b8%8f%f0%9f%93%90-2\/"},"wordCount":263,"commentCount":0,"publisher":{"@id":"https:\/\/mathriders.pl\/poznan-grunwald\/#organization"},"image":{"@id":"https:\/\/mathriders.pl\/poznan-grunwald\/aktualnosci\/drzwi-otwarte-w-mathriders-odkryj-swiat-matematycznych-supermocy%f0%9f%a6%b8%e2%99%82%ef%b8%8f%f0%9f%93%90-2\/#primaryimage"},"thumbnailUrl":"https:\/\/mathriders.pl\/poznan-grunwald\/wp-content\/uploads\/sites\/48\/2026\/07\/748948390_1651500350309726_2878163258242317635_n.jpg","articleSection":["Aktualno\u015bci"],"inLanguage":"pl-PL","potentialAction":[{"@type":"CommentAction","name":"Comment","target":["https:\/\/mathriders.pl\/poznan-grunwald\/aktualnosci\/drzwi-otwarte-w-mathriders-odkryj-swiat-matematycznych-supermocy%f0%9f%a6%b8%e2%99%82%ef%b8%8f%f0%9f%93%90-2\/#respond"]}]},{"@type":"WebPage","@id":"https:\/\/mathriders.pl\/poznan-grunwald\/aktualnosci\/drzwi-otwarte-w-mathriders-odkryj-swiat-matematycznych-supermocy%f0%9f%a6%b8%e2%99%82%ef%b8%8f%f0%9f%93%90-2\/","url":"https:\/\/mathriders.pl\/poznan-grunwald\/aktualnosci\/drzwi-otwarte-w-mathriders-odkryj-swiat-matematycznych-supermocy%f0%9f%a6%b8%e2%99%82%ef%b8%8f%f0%9f%93%90-2\/","name":"Zaj\u0119cia z matematyki dla dzieci","isPartOf":{"@id":"https:\/\/mathriders.pl\/poznan-grunwald\/#website"},"primaryImageOfPage":{"@id":"https:\/\/mathriders.pl\/poznan-grunwald\/aktualnosci\/drzwi-otwarte-w-mathriders-odkryj-swiat-matematycznych-supermocy%f0%9f%a6%b8%e2%99%82%ef%b8%8f%f0%9f%93%90-2\/#primaryimage"},"image":{"@id":"https:\/\/mathriders.pl\/poznan-grunwald\/aktualnosci\/drzwi-otwarte-w-mathriders-odkryj-swiat-matematycznych-supermocy%f0%9f%a6%b8%e2%99%82%ef%b8%8f%f0%9f%93%90-2\/#primaryimage"},"thumbnailUrl":"https:\/\/mathriders.pl\/poznan-grunwald\/wp-content\/uploads\/sites\/48\/2026\/07\/748948390_1651500350309726_2878163258242317635_n.jpg","datePublished":"2026-07-20T09:45:49+00:00","dateModified":"2026-08-13T10:13:43+00:00","breadcrumb":{"@id":"https:\/\/mathriders.pl\/poznan-grunwald\/aktualnosci\/drzwi-otwarte-w-mathriders-odkryj-swiat-matematycznych-supermocy%f0%9f%a6%b8%e2%99%82%ef%b8%8f%f0%9f%93%90-2\/#breadcrumb"},"inLanguage":"pl-PL","potentialAction":[{"@type":"ReadAction","target":["https:\/\/mathriders.pl\/poznan-grunwald\/aktualnosci\/drzwi-otwarte-w-mathriders-odkryj-swiat-matematycznych-supermocy%f0%9f%a6%b8%e2%99%82%ef%b8%8f%f0%9f%93%90-2\/"]}]},{"@type":"ImageObject","inLanguage":"pl-PL","@id":"https:\/\/mathriders.pl\/poznan-grunwald\/aktualnosci\/drzwi-otwarte-w-mathriders-odkryj-swiat-matematycznych-supermocy%f0%9f%a6%b8%e2%99%82%ef%b8%8f%f0%9f%93%90-2\/#primaryimage","url":"https:\/\/mathriders.pl\/poznan-grunwald\/wp-content\/uploads\/sites\/48\/2026\/07\/748948390_1651500350309726_2878163258242317635_n.jpg","contentUrl":"https:\/\/mathriders.pl\/poznan-grunwald\/wp-content\/uploads\/sites\/48\/2026\/07\/748948390_1651500350309726_2878163258242317635_n.jpg","width":1080,"height":1350},{"@type":"BreadcrumbList","@id":"https:\/\/mathriders.pl\/poznan-grunwald\/aktualnosci\/drzwi-otwarte-w-mathriders-odkryj-swiat-matematycznych-supermocy%f0%9f%a6%b8%e2%99%82%ef%b8%8f%f0%9f%93%90-2\/#breadcrumb","itemListElement":[{"@type":"ListItem","position":1,"name":"Strona g\u0142\u00f3wna","item":"https:\/\/mathriders.pl\/poznan-grunwald\/"},{"@type":"ListItem","position":2,"name":"\ud83e\uddee Drzwi Otwarte w MathRiders \u2013 sprawd\u017a, czy Twoje dziecko pokocha matematyk\u0119!"}]},{"@type":"WebSite","@id":"https:\/\/mathriders.pl\/poznan-grunwald\/#website","url":"https:\/\/mathriders.pl\/poznan-grunwald\/","name":"Pozna\u0144 Grunwald","description":"","publisher":{"@id":"https:\/\/mathriders.pl\/poznan-grunwald\/#organization"},"potentialAction":[{"@type":"SearchAction","target":{"@type":"EntryPoint","urlTemplate":"https:\/\/mathriders.pl\/poznan-grunwald\/?s={search_term_string}"},"query-input":{"@type":"PropertyValueSpecification","valueRequired":true,"valueName":"search_term_string"}}],"inLanguage":"pl-PL"},{"@type":"Organization","@id":"https:\/\/mathriders.pl\/poznan-grunwald\/#organization","name":"Pozna\u0144 Grunwald","url":"https:\/\/mathriders.pl\/poznan-grunwald\/","logo":{"@type":"ImageObject","inLanguage":"pl-PL","@id":"https:\/\/mathriders.pl\/poznan-grunwald\/#\/schema\/logo\/image\/","url":"https:\/\/mathriders.pl\/poznan-grunwald\/wp-content\/uploads\/sites\/48\/2023\/11\/logo.webp","contentUrl":"https:\/\/mathriders.pl\/poznan-grunwald\/wp-content\/uploads\/sites\/48\/2023\/11\/logo.webp","width":157,"height":82,"caption":"Pozna\u0144 Grunwald"},"image":{"@id":"https:\/\/mathriders.pl\/poznan-grunwald\/#\/schema\/logo\/image\/"}},{"@type":"Person","@id":"https:\/\/mathriders.pl\/poznan-grunwald\/#\/schema\/person\/27ad1b9b3179d197e77fd18169940999","name":"grunwald","image":{"@type":"ImageObject","inLanguage":"pl-PL","@id":"https:\/\/secure.gravatar.com\/avatar\/bf73267903f9e6acff3cde4ef11d72eac83f91d29b0e7cc0207dcce9cd375ee3?s=96&d=mm&r=g","url":"https:\/\/secure.gravatar.com\/avatar\/bf73267903f9e6acff3cde4ef11d72eac83f91d29b0e7cc0207dcce9cd375ee3?s=96&d=mm&r=g","contentUrl":"https:\/\/secure.gravatar.com\/avatar\/bf73267903f9e6acff3cde4ef11d72eac83f91d29b0e7cc0207dcce9cd375ee3?s=96&d=mm&r=g","caption":"grunwald"},"url":"https:\/\/mathriders.pl\/poznan-grunwald\/aktualnosci\/author\/grunwald\/"}]}},"taxonomy_info":{"category":[{"value":1,"label":"Aktualno\u015bci"}]},"featured_image_src_large":["https:\/\/mathriders.pl\/poznan-grunwald\/wp-content\/uploads\/sites\/48\/2026\/07\/748948390_1651500350309726_2878163258242317635_n-819x1024.jpg",819,1024,true],"author_info":{"display_name":"grunwald","author_link":"https:\/\/mathriders.pl\/poznan-grunwald\/aktualnosci\/author\/grunwald\/"},"comment_info":0,"category_info":[{"term_id":1,"name":"Aktualno\u015bci","slug":"aktualnosci","term_group":0,"term_taxonomy_id":1,"taxonomy":"category","description":"","parent":0,"count":24,"filter":"raw","cat_ID":1,"category_count":24,"category_description":"","cat_name":"Aktualno\u015bci","category_nicename":"aktualnosci","category_parent":0}],"tag_info":false,"_links":{"self":[{"href":"https:\/\/mathriders.pl\/poznan-grunwald\/wp-json\/wp\/v2\/posts\/943","targetHints":{"allow":["GET"]}}],"collection":[{"href":"https:\/\/mathriders.pl\/poznan-grunwald\/wp-json\/wp\/v2\/posts"}],"about":[{"href":"https:\/\/mathriders.pl\/poznan-grunwald\/wp-json\/wp\/v2\/types\/post"}],"author":[{"embeddable":true,"href":"https:\/\/mathriders.pl\/poznan-grunwald\/wp-json\/wp\/v2\/users\/52"}],"replies":[{"embeddable":true,"href":"https:\/\/mathriders.pl\/poznan-grunwald\/wp-json\/wp\/v2\/comments?post=943"}],"version-history":[{"count":3,"href":"https:\/\/mathriders.pl\/poznan-grunwald\/wp-json\/wp\/v2\/posts\/943\/revisions"}],"predecessor-version":[{"id":950,"href":"https:\/\/mathriders.pl\/poznan-grunwald\/wp-json\/wp\/v2\/posts\/943\/revisions\/950"}],"wp:featuredmedia":[{"embeddable":true,"href":"https:\/\/mathriders.pl\/poznan-grunwald\/wp-json\/wp\/v2\/media\/944"}],"wp:attachment":[{"href":"https:\/\/mathriders.pl\/poznan-grunwald\/wp-json\/wp\/v2\/media?parent=943"}],"wp:term":[{"taxonomy":"category","embeddable":true,"href":"https:\/\/mathriders.pl\/poznan-grunwald\/wp-json\/wp\/v2\/categories?post=943"},{"taxonomy":"post_tag","embeddable":true,"href":"https:\/\/mathriders.pl\/poznan-grunwald\/wp-json\/wp\/v2\/tags?post=943"}],"curies":[{"name":"wp","href":"https:\/\/api.w.org\/{rel}","templated":true}]}}