{"id":908,"date":"2026-04-10T15:16:15","date_gmt":"2026-04-10T13:16:15","guid":{"rendered":"https:\/\/mathriders.pl\/poznan-grunwald\/?p=908"},"modified":"2026-04-10T15:16:17","modified_gmt":"2026-04-10T13:16:17","slug":"warsztaty-puchacz-piotr-ii-etap","status":"publish","type":"post","link":"https:\/\/mathriders.pl\/poznan-grunwald\/aktualnosci\/warsztaty-puchacz-piotr-ii-etap\/","title":{"rendered":"Warsztaty Puchacz Piotr! &#8211; II etap"},"content":{"rendered":"\n<p>Podobnie, jak w zesz\u0142ym roku pragniemy dodatkowo wyr\u00f3\u017cni\u0107 osoby zakwalifikowane do II etapu Konkursu Puchacz Piotr.<\/p>\n\n\n\n<p>Zapraszamy wszystkich p\u00f3\u0142finalist\u00f3w, kt\u00f3rzy chcieliby po\u0107wiczy\u0107 przed kolejnym etapem konkursu, na specjalne bezp\u0142atne warsztaty.<\/p>\n\n\n\n<p>Warsztaty odb\u0119d\u0105 si\u0119 w naszej plac\u00f3wce w Sk\u00f3rzewie, ul. Pozna\u0144ska 74 (17.04.2026) oraz w Poznaniu, ul. S\u0142oneczna 56B (18.04.2026).<\/p>\n\n\n\n<p>Na warsztaty obowi\u0105zuj\u0105 zapisy:<\/p>\n\n\n\n<p>Terminy\/miejsce warsztat\u00f3w:<\/p>\n\n\n\n<p>17 kwietnia 2026 r.(pi\u0105tek), Sk\u00f3rzewo, ul.\u00a0Pozna\u0144ska 74:<\/p>\n\n\n\n<p>16:00 \u2013 uczniowie klas 1<br>16:40 \u2013 uczniowie klas 2<br>17:15 \u2013 uczniowie klas 3<\/p>\n\n\n\n<p>18 kwietnia 2026\u00a0r.(sobota), Pozna\u0144, ul.\u00a0S\u0142oneczna 56b:<\/p>\n\n\n\n<p>8:30 \u2013 uczniowie klas 1<br>9:50 \u2013 uczniowie klas 2<br>11:10 \u2013 uczniowie klas 3<\/p>\n\n\n\n<p>Zg\u0142o\u015b udzia\u0142 swojego dziecka:<br><a href=\"https:\/\/forms.gle\/cE3bT8NrdfZq2tZw7\" id=\"https:\/\/forms.gle\/cE3bT8NrdfZq2tZw7\">https:\/\/forms.gle\/cE3bT8NrdfZq2tZw7<\/a><\/p>\n\n\n\n<p>Serdecznie zapraszamy<img decoding=\"async\" width=\"16\" alt=\"\ud83e\udd89\" src=\"https:\/\/ci3.googleusercontent.com\/meips\/ADKq_NYhbdmLfTFtRMYcRdCy1vSzWzTqpcwbnGQtWMbqazzcLTuWBJT6MRa5dMNTlU2DcQOv8kDAX36pjlCmVGOFRgNvlf9VE20LvtP2RRnxxoMW2-4xYQaY5Ls=s0-d-e1-ft#https:\/\/static.xx.fbcdn.net\/images\/emoji.php\/v9\/t12\/1\/16\/1f989.png\"><\/p>\n\n\n\n<p><\/p>\n","protected":false},"excerpt":{"rendered":"<p>Podobnie, jak w zesz\u0142ym roku pragniemy dodatkowo wyr\u00f3\u017cni\u0107 osoby zakwalifikowane do II etapu Konkursu Puchacz Piotr. Zapraszamy wszystkich p\u00f3\u0142finalist\u00f3w, kt\u00f3rzy chcieliby po\u0107wiczy\u0107 przed kolejnym etapem konkursu, na specjalne bezp\u0142atne warsztaty. Warsztaty odb\u0119d\u0105 si\u0119 w naszej plac\u00f3wce w Sk\u00f3rzewie, ul. Pozna\u0144ska 74 (17.04.2026) oraz w Poznaniu, ul. S\u0142oneczna 56B (18.04.2026). Na warsztaty obowi\u0105zuj\u0105 zapisy: Terminy\/miejsce warsztat\u00f3w:&#8230;<\/p>\n","protected":false},"author":52,"featured_media":893,"comment_status":"open","ping_status":"closed","sticky":false,"template":"","format":"standard","meta":{"_acf_changed":false,"_kad_blocks_custom_css":"","_kad_blocks_head_custom_js":"","_kad_blocks_body_custom_js":"","_kad_blocks_footer_custom_js":"","_kad_post_transparent":"","_kad_post_title":"","_kad_post_layout":"","_kad_post_sidebar_id":"","_kad_post_content_style":"","_kad_post_vertical_padding":"","_kad_post_feature":"","_kad_post_feature_position":"","_kad_post_header":false,"_kad_post_footer":false,"_kad_post_classname":"","footnotes":""},"categories":[1],"tags":[],"class_list":["post-908","post","type-post","status-publish","format-standard","has-post-thumbnail","hentry","category-aktualnosci"],"acf":[],"yoast_head":"<!-- This site is optimized with the Yoast SEO plugin v27.0 - https:\/\/yoast.com\/product\/yoast-seo-wordpress\/ -->\n<title>Warsztaty Puchacz Piotr! - II etap - Pozna\u0144 Grunwald<\/title>\n<meta name=\"robots\" content=\"index, follow, max-snippet:-1, max-image-preview:large, max-video-preview:-1\" \/>\n<link rel=\"canonical\" href=\"https:\/\/mathriders.pl\/poznan-grunwald\/aktualnosci\/warsztaty-puchacz-piotr-ii-etap\/\" \/>\n<meta property=\"og:locale\" content=\"pl_PL\" \/>\n<meta property=\"og:type\" content=\"article\" \/>\n<meta property=\"og:title\" content=\"Warsztaty Puchacz Piotr! - II etap - Pozna\u0144 Grunwald\" \/>\n<meta property=\"og:description\" content=\"Podobnie, jak w zesz\u0142ym roku pragniemy dodatkowo wyr\u00f3\u017cni\u0107 osoby zakwalifikowane do II etapu Konkursu Puchacz Piotr. Zapraszamy wszystkich p\u00f3\u0142finalist\u00f3w, kt\u00f3rzy chcieliby po\u0107wiczy\u0107 przed kolejnym etapem konkursu, na specjalne bezp\u0142atne warsztaty. Warsztaty odb\u0119d\u0105 si\u0119 w naszej plac\u00f3wce w Sk\u00f3rzewie, ul. Pozna\u0144ska 74 (17.04.2026) oraz w Poznaniu, ul. S\u0142oneczna 56B (18.04.2026). Na warsztaty obowi\u0105zuj\u0105 zapisy: Terminy\/miejsce warsztat\u00f3w:...\" \/>\n<meta property=\"og:url\" content=\"https:\/\/mathriders.pl\/poznan-grunwald\/aktualnosci\/warsztaty-puchacz-piotr-ii-etap\/\" \/>\n<meta property=\"og:site_name\" content=\"Pozna\u0144 Grunwald\" \/>\n<meta property=\"article:published_time\" content=\"2026-04-10T13:16:15+00:00\" \/>\n<meta property=\"article:modified_time\" content=\"2026-04-10T13:16:17+00:00\" \/>\n<meta property=\"og:image\" content=\"https:\/\/mathriders.pl\/poznan-grunwald\/wp-content\/uploads\/sites\/48\/2024\/02\/1024-1024-1.png\" \/>\n\t<meta property=\"og:image:width\" content=\"1024\" \/>\n\t<meta property=\"og:image:height\" content=\"1024\" \/>\n\t<meta property=\"og:image:type\" content=\"image\/png\" \/>\n<meta name=\"author\" content=\"grunwald\" \/>\n<meta name=\"twitter:card\" content=\"summary_large_image\" \/>\n<meta name=\"twitter:label1\" content=\"Napisane przez\" \/>\n\t<meta name=\"twitter:data1\" content=\"grunwald\" \/>\n\t<meta name=\"twitter:label2\" content=\"Szacowany czas czytania\" \/>\n\t<meta name=\"twitter:data2\" content=\"2 minuty\" \/>\n<script type=\"application\/ld+json\" class=\"yoast-schema-graph\">{\"@context\":\"https:\/\/schema.org\",\"@graph\":[{\"@type\":\"Article\",\"@id\":\"https:\/\/mathriders.pl\/poznan-grunwald\/aktualnosci\/warsztaty-puchacz-piotr-ii-etap\/#article\",\"isPartOf\":{\"@id\":\"https:\/\/mathriders.pl\/poznan-grunwald\/aktualnosci\/warsztaty-puchacz-piotr-ii-etap\/\"},\"author\":{\"name\":\"grunwald\",\"@id\":\"https:\/\/mathriders.pl\/poznan-grunwald\/#\/schema\/person\/8ff5deccc752681146b2cd1dcb891ab8\"},\"headline\":\"Warsztaty Puchacz Piotr! &#8211; II etap\",\"datePublished\":\"2026-04-10T13:16:15+00:00\",\"dateModified\":\"2026-04-10T13:16:17+00:00\",\"mainEntityOfPage\":{\"@id\":\"https:\/\/mathriders.pl\/poznan-grunwald\/aktualnosci\/warsztaty-puchacz-piotr-ii-etap\/\"},\"wordCount\":116,\"commentCount\":0,\"publisher\":{\"@id\":\"https:\/\/mathriders.pl\/poznan-grunwald\/#organization\"},\"image\":{\"@id\":\"https:\/\/mathriders.pl\/poznan-grunwald\/aktualnosci\/warsztaty-puchacz-piotr-ii-etap\/#primaryimage\"},\"thumbnailUrl\":\"https:\/\/mathriders.pl\/poznan-grunwald\/wp-content\/uploads\/sites\/48\/2024\/02\/1024-1024-1.png\",\"articleSection\":[\"Aktualno\u015bci\"],\"inLanguage\":\"pl-PL\",\"potentialAction\":[{\"@type\":\"CommentAction\",\"name\":\"Comment\",\"target\":[\"https:\/\/mathriders.pl\/poznan-grunwald\/aktualnosci\/warsztaty-puchacz-piotr-ii-etap\/#respond\"]}]},{\"@type\":\"WebPage\",\"@id\":\"https:\/\/mathriders.pl\/poznan-grunwald\/aktualnosci\/warsztaty-puchacz-piotr-ii-etap\/\",\"url\":\"https:\/\/mathriders.pl\/poznan-grunwald\/aktualnosci\/warsztaty-puchacz-piotr-ii-etap\/\",\"name\":\"Warsztaty Puchacz Piotr! - II etap - Pozna\u0144 Grunwald\",\"isPartOf\":{\"@id\":\"https:\/\/mathriders.pl\/poznan-grunwald\/#website\"},\"primaryImageOfPage\":{\"@id\":\"https:\/\/mathriders.pl\/poznan-grunwald\/aktualnosci\/warsztaty-puchacz-piotr-ii-etap\/#primaryimage\"},\"image\":{\"@id\":\"https:\/\/mathriders.pl\/poznan-grunwald\/aktualnosci\/warsztaty-puchacz-piotr-ii-etap\/#primaryimage\"},\"thumbnailUrl\":\"https:\/\/mathriders.pl\/poznan-grunwald\/wp-content\/uploads\/sites\/48\/2024\/02\/1024-1024-1.png\",\"datePublished\":\"2026-04-10T13:16:15+00:00\",\"dateModified\":\"2026-04-10T13:16:17+00:00\",\"breadcrumb\":{\"@id\":\"https:\/\/mathriders.pl\/poznan-grunwald\/aktualnosci\/warsztaty-puchacz-piotr-ii-etap\/#breadcrumb\"},\"inLanguage\":\"pl-PL\",\"potentialAction\":[{\"@type\":\"ReadAction\",\"target\":[\"https:\/\/mathriders.pl\/poznan-grunwald\/aktualnosci\/warsztaty-puchacz-piotr-ii-etap\/\"]}]},{\"@type\":\"ImageObject\",\"inLanguage\":\"pl-PL\",\"@id\":\"https:\/\/mathriders.pl\/poznan-grunwald\/aktualnosci\/warsztaty-puchacz-piotr-ii-etap\/#primaryimage\",\"url\":\"https:\/\/mathriders.pl\/poznan-grunwald\/wp-content\/uploads\/sites\/48\/2024\/02\/1024-1024-1.png\",\"contentUrl\":\"https:\/\/mathriders.pl\/poznan-grunwald\/wp-content\/uploads\/sites\/48\/2024\/02\/1024-1024-1.png\",\"width\":1024,\"height\":1024},{\"@type\":\"BreadcrumbList\",\"@id\":\"https:\/\/mathriders.pl\/poznan-grunwald\/aktualnosci\/warsztaty-puchacz-piotr-ii-etap\/#breadcrumb\",\"itemListElement\":[{\"@type\":\"ListItem\",\"position\":1,\"name\":\"Strona g\u0142\u00f3wna\",\"item\":\"https:\/\/mathriders.pl\/poznan-grunwald\/\"},{\"@type\":\"ListItem\",\"position\":2,\"name\":\"Warsztaty Puchacz Piotr! &#8211; II etap\"}]},{\"@type\":\"WebSite\",\"@id\":\"https:\/\/mathriders.pl\/poznan-grunwald\/#website\",\"url\":\"https:\/\/mathriders.pl\/poznan-grunwald\/\",\"name\":\"Pozna\u0144 Grunwald\",\"description\":\"\",\"publisher\":{\"@id\":\"https:\/\/mathriders.pl\/poznan-grunwald\/#organization\"},\"potentialAction\":[{\"@type\":\"SearchAction\",\"target\":{\"@type\":\"EntryPoint\",\"urlTemplate\":\"https:\/\/mathriders.pl\/poznan-grunwald\/?s={search_term_string}\"},\"query-input\":{\"@type\":\"PropertyValueSpecification\",\"valueRequired\":true,\"valueName\":\"search_term_string\"}}],\"inLanguage\":\"pl-PL\"},{\"@type\":\"Organization\",\"@id\":\"https:\/\/mathriders.pl\/poznan-grunwald\/#organization\",\"name\":\"Pozna\u0144 Grunwald\",\"url\":\"https:\/\/mathriders.pl\/poznan-grunwald\/\",\"logo\":{\"@type\":\"ImageObject\",\"inLanguage\":\"pl-PL\",\"@id\":\"https:\/\/mathriders.pl\/poznan-grunwald\/#\/schema\/logo\/image\/\",\"url\":\"https:\/\/mathriders.pl\/poznan-grunwald\/wp-content\/uploads\/sites\/48\/2023\/11\/logo.webp\",\"contentUrl\":\"https:\/\/mathriders.pl\/poznan-grunwald\/wp-content\/uploads\/sites\/48\/2023\/11\/logo.webp\",\"width\":157,\"height\":82,\"caption\":\"Pozna\u0144 Grunwald\"},\"image\":{\"@id\":\"https:\/\/mathriders.pl\/poznan-grunwald\/#\/schema\/logo\/image\/\"}},{\"@type\":\"Person\",\"@id\":\"https:\/\/mathriders.pl\/poznan-grunwald\/#\/schema\/person\/8ff5deccc752681146b2cd1dcb891ab8\",\"name\":\"grunwald\",\"image\":{\"@type\":\"ImageObject\",\"inLanguage\":\"pl-PL\",\"@id\":\"https:\/\/mathriders.pl\/poznan-grunwald\/#\/schema\/person\/image\/\",\"url\":\"https:\/\/secure.gravatar.com\/avatar\/bf73267903f9e6acff3cde4ef11d72eac83f91d29b0e7cc0207dcce9cd375ee3?s=96&d=mm&r=g\",\"contentUrl\":\"https:\/\/secure.gravatar.com\/avatar\/bf73267903f9e6acff3cde4ef11d72eac83f91d29b0e7cc0207dcce9cd375ee3?s=96&d=mm&r=g\",\"caption\":\"grunwald\"},\"url\":\"https:\/\/mathriders.pl\/poznan-grunwald\/aktualnosci\/author\/grunwald\/\"}]}<\/script>\n<!-- \/ Yoast SEO plugin. -->","yoast_head_json":{"title":"Warsztaty Puchacz Piotr! - II etap - Pozna\u0144 Grunwald","robots":{"index":"index","follow":"follow","max-snippet":"max-snippet:-1","max-image-preview":"max-image-preview:large","max-video-preview":"max-video-preview:-1"},"canonical":"https:\/\/mathriders.pl\/poznan-grunwald\/aktualnosci\/warsztaty-puchacz-piotr-ii-etap\/","og_locale":"pl_PL","og_type":"article","og_title":"Warsztaty Puchacz Piotr! - II etap - Pozna\u0144 Grunwald","og_description":"Podobnie, jak w zesz\u0142ym roku pragniemy dodatkowo wyr\u00f3\u017cni\u0107 osoby zakwalifikowane do II etapu Konkursu Puchacz Piotr. Zapraszamy wszystkich p\u00f3\u0142finalist\u00f3w, kt\u00f3rzy chcieliby po\u0107wiczy\u0107 przed kolejnym etapem konkursu, na specjalne bezp\u0142atne warsztaty. Warsztaty odb\u0119d\u0105 si\u0119 w naszej plac\u00f3wce w Sk\u00f3rzewie, ul. Pozna\u0144ska 74 (17.04.2026) oraz w Poznaniu, ul. S\u0142oneczna 56B (18.04.2026). Na warsztaty obowi\u0105zuj\u0105 zapisy: Terminy\/miejsce warsztat\u00f3w:...","og_url":"https:\/\/mathriders.pl\/poznan-grunwald\/aktualnosci\/warsztaty-puchacz-piotr-ii-etap\/","og_site_name":"Pozna\u0144 Grunwald","article_published_time":"2026-04-10T13:16:15+00:00","article_modified_time":"2026-04-10T13:16:17+00:00","og_image":[{"width":1024,"height":1024,"url":"https:\/\/mathriders.pl\/poznan-grunwald\/wp-content\/uploads\/sites\/48\/2024\/02\/1024-1024-1.png","type":"image\/png"}],"author":"grunwald","twitter_card":"summary_large_image","twitter_misc":{"Napisane przez":"grunwald","Szacowany czas czytania":"2 minuty"},"schema":{"@context":"https:\/\/schema.org","@graph":[{"@type":"Article","@id":"https:\/\/mathriders.pl\/poznan-grunwald\/aktualnosci\/warsztaty-puchacz-piotr-ii-etap\/#article","isPartOf":{"@id":"https:\/\/mathriders.pl\/poznan-grunwald\/aktualnosci\/warsztaty-puchacz-piotr-ii-etap\/"},"author":{"name":"grunwald","@id":"https:\/\/mathriders.pl\/poznan-grunwald\/#\/schema\/person\/8ff5deccc752681146b2cd1dcb891ab8"},"headline":"Warsztaty Puchacz Piotr! &#8211; II etap","datePublished":"2026-04-10T13:16:15+00:00","dateModified":"2026-04-10T13:16:17+00:00","mainEntityOfPage":{"@id":"https:\/\/mathriders.pl\/poznan-grunwald\/aktualnosci\/warsztaty-puchacz-piotr-ii-etap\/"},"wordCount":116,"commentCount":0,"publisher":{"@id":"https:\/\/mathriders.pl\/poznan-grunwald\/#organization"},"image":{"@id":"https:\/\/mathriders.pl\/poznan-grunwald\/aktualnosci\/warsztaty-puchacz-piotr-ii-etap\/#primaryimage"},"thumbnailUrl":"https:\/\/mathriders.pl\/poznan-grunwald\/wp-content\/uploads\/sites\/48\/2024\/02\/1024-1024-1.png","articleSection":["Aktualno\u015bci"],"inLanguage":"pl-PL","potentialAction":[{"@type":"CommentAction","name":"Comment","target":["https:\/\/mathriders.pl\/poznan-grunwald\/aktualnosci\/warsztaty-puchacz-piotr-ii-etap\/#respond"]}]},{"@type":"WebPage","@id":"https:\/\/mathriders.pl\/poznan-grunwald\/aktualnosci\/warsztaty-puchacz-piotr-ii-etap\/","url":"https:\/\/mathriders.pl\/poznan-grunwald\/aktualnosci\/warsztaty-puchacz-piotr-ii-etap\/","name":"Warsztaty Puchacz Piotr! - II etap - Pozna\u0144 Grunwald","isPartOf":{"@id":"https:\/\/mathriders.pl\/poznan-grunwald\/#website"},"primaryImageOfPage":{"@id":"https:\/\/mathriders.pl\/poznan-grunwald\/aktualnosci\/warsztaty-puchacz-piotr-ii-etap\/#primaryimage"},"image":{"@id":"https:\/\/mathriders.pl\/poznan-grunwald\/aktualnosci\/warsztaty-puchacz-piotr-ii-etap\/#primaryimage"},"thumbnailUrl":"https:\/\/mathriders.pl\/poznan-grunwald\/wp-content\/uploads\/sites\/48\/2024\/02\/1024-1024-1.png","datePublished":"2026-04-10T13:16:15+00:00","dateModified":"2026-04-10T13:16:17+00:00","breadcrumb":{"@id":"https:\/\/mathriders.pl\/poznan-grunwald\/aktualnosci\/warsztaty-puchacz-piotr-ii-etap\/#breadcrumb"},"inLanguage":"pl-PL","potentialAction":[{"@type":"ReadAction","target":["https:\/\/mathriders.pl\/poznan-grunwald\/aktualnosci\/warsztaty-puchacz-piotr-ii-etap\/"]}]},{"@type":"ImageObject","inLanguage":"pl-PL","@id":"https:\/\/mathriders.pl\/poznan-grunwald\/aktualnosci\/warsztaty-puchacz-piotr-ii-etap\/#primaryimage","url":"https:\/\/mathriders.pl\/poznan-grunwald\/wp-content\/uploads\/sites\/48\/2024\/02\/1024-1024-1.png","contentUrl":"https:\/\/mathriders.pl\/poznan-grunwald\/wp-content\/uploads\/sites\/48\/2024\/02\/1024-1024-1.png","width":1024,"height":1024},{"@type":"BreadcrumbList","@id":"https:\/\/mathriders.pl\/poznan-grunwald\/aktualnosci\/warsztaty-puchacz-piotr-ii-etap\/#breadcrumb","itemListElement":[{"@type":"ListItem","position":1,"name":"Strona g\u0142\u00f3wna","item":"https:\/\/mathriders.pl\/poznan-grunwald\/"},{"@type":"ListItem","position":2,"name":"Warsztaty Puchacz Piotr! &#8211; II etap"}]},{"@type":"WebSite","@id":"https:\/\/mathriders.pl\/poznan-grunwald\/#website","url":"https:\/\/mathriders.pl\/poznan-grunwald\/","name":"Pozna\u0144 Grunwald","description":"","publisher":{"@id":"https:\/\/mathriders.pl\/poznan-grunwald\/#organization"},"potentialAction":[{"@type":"SearchAction","target":{"@type":"EntryPoint","urlTemplate":"https:\/\/mathriders.pl\/poznan-grunwald\/?s={search_term_string}"},"query-input":{"@type":"PropertyValueSpecification","valueRequired":true,"valueName":"search_term_string"}}],"inLanguage":"pl-PL"},{"@type":"Organization","@id":"https:\/\/mathriders.pl\/poznan-grunwald\/#organization","name":"Pozna\u0144 Grunwald","url":"https:\/\/mathriders.pl\/poznan-grunwald\/","logo":{"@type":"ImageObject","inLanguage":"pl-PL","@id":"https:\/\/mathriders.pl\/poznan-grunwald\/#\/schema\/logo\/image\/","url":"https:\/\/mathriders.pl\/poznan-grunwald\/wp-content\/uploads\/sites\/48\/2023\/11\/logo.webp","contentUrl":"https:\/\/mathriders.pl\/poznan-grunwald\/wp-content\/uploads\/sites\/48\/2023\/11\/logo.webp","width":157,"height":82,"caption":"Pozna\u0144 Grunwald"},"image":{"@id":"https:\/\/mathriders.pl\/poznan-grunwald\/#\/schema\/logo\/image\/"}},{"@type":"Person","@id":"https:\/\/mathriders.pl\/poznan-grunwald\/#\/schema\/person\/8ff5deccc752681146b2cd1dcb891ab8","name":"grunwald","image":{"@type":"ImageObject","inLanguage":"pl-PL","@id":"https:\/\/mathriders.pl\/poznan-grunwald\/#\/schema\/person\/image\/","url":"https:\/\/secure.gravatar.com\/avatar\/bf73267903f9e6acff3cde4ef11d72eac83f91d29b0e7cc0207dcce9cd375ee3?s=96&d=mm&r=g","contentUrl":"https:\/\/secure.gravatar.com\/avatar\/bf73267903f9e6acff3cde4ef11d72eac83f91d29b0e7cc0207dcce9cd375ee3?s=96&d=mm&r=g","caption":"grunwald"},"url":"https:\/\/mathriders.pl\/poznan-grunwald\/aktualnosci\/author\/grunwald\/"}]}},"taxonomy_info":{"category":[{"value":1,"label":"Aktualno\u015bci"}]},"featured_image_src_large":["https:\/\/mathriders.pl\/poznan-grunwald\/wp-content\/uploads\/sites\/48\/2024\/02\/1024-1024-1.png",1024,1024,false],"author_info":{"display_name":"grunwald","author_link":"https:\/\/mathriders.pl\/poznan-grunwald\/aktualnosci\/author\/grunwald\/"},"comment_info":0,"category_info":[{"term_id":1,"name":"Aktualno\u015bci","slug":"aktualnosci","term_group":0,"term_taxonomy_id":1,"taxonomy":"category","description":"","parent":0,"count":22,"filter":"raw","cat_ID":1,"category_count":22,"category_description":"","cat_name":"Aktualno\u015bci","category_nicename":"aktualnosci","category_parent":0}],"tag_info":false,"_links":{"self":[{"href":"https:\/\/mathriders.pl\/poznan-grunwald\/wp-json\/wp\/v2\/posts\/908","targetHints":{"allow":["GET"]}}],"collection":[{"href":"https:\/\/mathriders.pl\/poznan-grunwald\/wp-json\/wp\/v2\/posts"}],"about":[{"href":"https:\/\/mathriders.pl\/poznan-grunwald\/wp-json\/wp\/v2\/types\/post"}],"author":[{"embeddable":true,"href":"https:\/\/mathriders.pl\/poznan-grunwald\/wp-json\/wp\/v2\/users\/52"}],"replies":[{"embeddable":true,"href":"https:\/\/mathriders.pl\/poznan-grunwald\/wp-json\/wp\/v2\/comments?post=908"}],"version-history":[{"count":1,"href":"https:\/\/mathriders.pl\/poznan-grunwald\/wp-json\/wp\/v2\/posts\/908\/revisions"}],"predecessor-version":[{"id":909,"href":"https:\/\/mathriders.pl\/poznan-grunwald\/wp-json\/wp\/v2\/posts\/908\/revisions\/909"}],"wp:featuredmedia":[{"embeddable":true,"href":"https:\/\/mathriders.pl\/poznan-grunwald\/wp-json\/wp\/v2\/media\/893"}],"wp:attachment":[{"href":"https:\/\/mathriders.pl\/poznan-grunwald\/wp-json\/wp\/v2\/media?parent=908"}],"wp:term":[{"taxonomy":"category","embeddable":true,"href":"https:\/\/mathriders.pl\/poznan-grunwald\/wp-json\/wp\/v2\/categories?post=908"},{"taxonomy":"post_tag","embeddable":true,"href":"https:\/\/mathriders.pl\/poznan-grunwald\/wp-json\/wp\/v2\/tags?post=908"}],"curies":[{"name":"wp","href":"https:\/\/api.w.org\/{rel}","templated":true}]}}