{"id":480,"date":"2024-05-11T13:59:50","date_gmt":"2024-05-11T11:59:50","guid":{"rendered":"https:\/\/mathriders.pl\/poznan-grunwald\/?p=480"},"modified":"2024-05-11T14:02:31","modified_gmt":"2024-05-11T12:02:31","slug":"drzwi-otwarte-08-06-2024-bezplatne-lekcje-pokazowe","status":"publish","type":"post","link":"https:\/\/mathriders.pl\/poznan-grunwald\/aktualnosci\/drzwi-otwarte-08-06-2024-bezplatne-lekcje-pokazowe\/","title":{"rendered":"Drzwi otwarte &#8211; 08.06.2024 &#8211; bezp\u0142atne lekcje pokazowe"},"content":{"rendered":"\n<p><img loading=\"lazy\" decoding=\"async\" height=\"16\" width=\"16\" alt=\"\ud83d\ude80\" src=\"https:\/\/static.xx.fbcdn.net\/images\/emoji.php\/v9\/tc6\/1\/16\/1f680.png\">Zapraszamy do naszej matematycznej przygody!<img loading=\"lazy\" decoding=\"async\" height=\"16\" width=\"16\" alt=\"\ud83d\ude80\" src=\"https:\/\/static.xx.fbcdn.net\/images\/emoji.php\/v9\/tc6\/1\/16\/1f680.png\"><\/p>\n\n\n\n<p>Ju\u017c 8.06 organizujemy dla Was Drzwi Otwarte, a podczas nich bezp\u0142atne lekcje pokazowe dla uczni\u00f3w klas 0-3<img loading=\"lazy\" decoding=\"async\" height=\"16\" width=\"16\" alt=\"\ud83d\udc6b\" src=\"https:\/\/static.xx.fbcdn.net\/images\/emoji.php\/v9\/t38\/1\/16\/1f46b.png\">.<\/p>\n\n\n\n<p>W czasie naszych zaj\u0119\u0107 dzieci b\u0119d\u0105 mia\u0142y okazj\u0119 do odkrycia fascynuj\u0105cego \u015bwiata matematyki poprzez do\u015bwiadczanie, rozwi\u0105zywanie problem\u00f3w i dobr\u0105 zabaw\u0119<img loading=\"lazy\" decoding=\"async\" height=\"16\" width=\"16\" alt=\"\ud83c\udfb2\" src=\"https:\/\/static.xx.fbcdn.net\/images\/emoji.php\/v9\/t1b\/1\/16\/1f3b2.png\">.<\/p>\n\n\n\n<p>Co nas wyr\u00f3\u017cnia?<\/p>\n\n\n\n<p><img loading=\"lazy\" decoding=\"async\" height=\"16\" width=\"16\" alt=\"\u2705\" src=\"https:\/\/static.xx.fbcdn.net\/images\/emoji.php\/v9\/t33\/1\/16\/2705.png\"> Pasja do nauczania &#8211; nasi nauczyciele to wykwalifikowani profesjonali\u015bci, kt\u00f3rzy kochaj\u0105 matematyk\u0119 i potrafi\u0105 t\u0119 mi\u0142o\u015b\u0107 przekaza\u0107 dzieciom.<\/p>\n\n\n\n<p><img loading=\"lazy\" decoding=\"async\" height=\"16\" width=\"16\" alt=\"\u2705\" src=\"https:\/\/static.xx.fbcdn.net\/images\/emoji.php\/v9\/t33\/1\/16\/2705.png\"> Metodyka &#8211; metoda nauczania MathRiders dopasowana jest do r\u00f3\u017cnych typ\u00f3w inteligencji i do r\u00f3\u017cnych sposob\u00f3w uczenia si\u0119 dzieci<\/p>\n\n\n\n<p><img loading=\"lazy\" decoding=\"async\" height=\"16\" width=\"16\" alt=\"\u2705\" src=\"https:\/\/static.xx.fbcdn.net\/images\/emoji.php\/v9\/t33\/1\/16\/2705.png\"> Zabawa i edukacja &#8211; wierzymy, \u017ce najlepsza nauka odbywa si\u0119 przez dzia\u0142anie, dlatego nasze lekcje s\u0105 pe\u0142ne gier i interaktywnych aktywno\u015bci.<\/p>\n\n\n\n<p><img loading=\"lazy\" decoding=\"async\" height=\"16\" width=\"16\" alt=\"\u2705\" src=\"https:\/\/static.xx.fbcdn.net\/images\/emoji.php\/v9\/t33\/1\/16\/2705.png\"> Atmosfera pe\u0142na wsparcia &#8211; tworzymy bezpieczne i przyjazne \u015brodowisko, gdzie ka\u017cde dziecko mo\u017ce czu\u0107 si\u0119 swobodnie i rozwija\u0107 swoje umiej\u0119tno\u015bci.<\/p>\n\n\n\n<p>Zapraszamy na drzwi otwarte, aby zobaczy\u0107 nasz\u0105 szko\u0142\u0119, pozna\u0107 nauczycieli i zobaczy\u0107, jak wygl\u0105daj\u0105 nasze lekcje.<\/p>\n\n\n\n<p>Harmonogram Drzwi Otwartych (Sobota 8 czerwca):<\/p>\n\n\n\n<p><img loading=\"lazy\" decoding=\"async\" height=\"16\" width=\"16\" alt=\"\ud83d\udd37\" src=\"https:\/\/static.xx.fbcdn.net\/images\/emoji.php\/v9\/tf1\/1\/16\/1f537.png\">godz. 9:00 &#8211; uczniowie zer\u00f3wki i klasy 1<\/p>\n\n\n\n<p><img loading=\"lazy\" decoding=\"async\" height=\"16\" width=\"16\" alt=\"\ud83d\udd37\" src=\"https:\/\/static.xx.fbcdn.net\/images\/emoji.php\/v9\/tf1\/1\/16\/1f537.png\">godz. 10:30 &#8211; uczniowie klasy 2 i klasy 3<\/p>\n\n\n\n<p>Udzia\u0142 mo\u017cliwy po wcze\u015bniejszej rejestracji poprzez formularz zg\u0142oszeniowy:<\/p>\n\n\n\n<p><a href=\"https:\/\/docs.google.com\/forms\/d\/e\/1FAIpQLSfrSc4XP7vlI4_C2pWMu7FKmNKS_5sTB5sDG7g12v4DL_3xFQ\/viewform\">https:\/\/docs.google.com\/forms\/d\/e\/1FAIpQLSfrSc4XP7vlI4_C2pWMu7FKmNKS_5sTB5sDG7g12v4DL_3xFQ\/viewform<\/a><\/p>\n\n\n\n<p>Zapisz dziecko na nowy rok szkolny jeszcze w czerwcu i skorzystaj z Letniej Promocji<img loading=\"lazy\" decoding=\"async\" height=\"16\" width=\"16\" alt=\"\ud83d\ude0e\" src=\"https:\/\/static.xx.fbcdn.net\/images\/emoji.php\/v9\/t83\/1\/16\/1f60e.png\">!<\/p>\n\n\n\n<p>Do\u0142\u0105cz do nas i pozw\u00f3l swojemu dziecku odkry\u0107 wspania\u0142y \u015bwiat matematyki!<img loading=\"lazy\" decoding=\"async\" height=\"16\" width=\"16\" alt=\"\ud83c\udfb2\" src=\"https:\/\/static.xx.fbcdn.net\/images\/emoji.php\/v9\/t1b\/1\/16\/1f3b2.png\"><\/p>\n\n\n\n<p><\/p>\n","protected":false},"excerpt":{"rendered":"<p>Zapraszamy do naszej matematycznej przygody! Ju\u017c 8.06 organizujemy dla Was Drzwi Otwarte, a podczas nich bezp\u0142atne lekcje pokazowe dla uczni\u00f3w klas 0-3. W czasie naszych zaj\u0119\u0107 dzieci b\u0119d\u0105 mia\u0142y okazj\u0119 do odkrycia fascynuj\u0105cego \u015bwiata matematyki poprzez do\u015bwiadczanie, rozwi\u0105zywanie problem\u00f3w i dobr\u0105 zabaw\u0119. Co nas wyr\u00f3\u017cnia? Pasja do nauczania &#8211; nasi nauczyciele to wykwalifikowani profesjonali\u015bci, kt\u00f3rzy&#8230;<\/p>\n","protected":false},"author":52,"featured_media":481,"comment_status":"open","ping_status":"closed","sticky":false,"template":"","format":"standard","meta":{"_acf_changed":false,"_kad_blocks_custom_css":"","_kad_blocks_head_custom_js":"","_kad_blocks_body_custom_js":"","_kad_blocks_footer_custom_js":"","_kad_post_transparent":"","_kad_post_title":"","_kad_post_layout":"","_kad_post_sidebar_id":"","_kad_post_content_style":"","_kad_post_vertical_padding":"","_kad_post_feature":"","_kad_post_feature_position":"","_kad_post_header":false,"_kad_post_footer":false,"_kad_post_classname":"","footnotes":""},"categories":[1],"tags":[],"class_list":["post-480","post","type-post","status-publish","format-standard","has-post-thumbnail","hentry","category-aktualnosci"],"acf":[],"yoast_head":"<!-- This site is optimized with the Yoast SEO plugin v27.0 - https:\/\/yoast.com\/product\/yoast-seo-wordpress\/ -->\n<title>Drzwi otwarte - 08.06.2024 - bezp\u0142atne lekcje pokazowe - Pozna\u0144 Grunwald<\/title>\n<meta name=\"robots\" content=\"index, follow, max-snippet:-1, max-image-preview:large, max-video-preview:-1\" \/>\n<link rel=\"canonical\" href=\"https:\/\/mathriders.pl\/poznan-grunwald\/aktualnosci\/drzwi-otwarte-08-06-2024-bezplatne-lekcje-pokazowe\/\" \/>\n<meta property=\"og:locale\" content=\"pl_PL\" \/>\n<meta property=\"og:type\" content=\"article\" \/>\n<meta property=\"og:title\" content=\"Drzwi otwarte - 08.06.2024 - bezp\u0142atne lekcje pokazowe - Pozna\u0144 Grunwald\" \/>\n<meta property=\"og:description\" content=\"Zapraszamy do naszej matematycznej przygody! Ju\u017c 8.06 organizujemy dla Was Drzwi Otwarte, a podczas nich bezp\u0142atne lekcje pokazowe dla uczni\u00f3w klas 0-3. W czasie naszych zaj\u0119\u0107 dzieci b\u0119d\u0105 mia\u0142y okazj\u0119 do odkrycia fascynuj\u0105cego \u015bwiata matematyki poprzez do\u015bwiadczanie, rozwi\u0105zywanie problem\u00f3w i dobr\u0105 zabaw\u0119. Co nas wyr\u00f3\u017cnia? Pasja do nauczania &#8211; nasi nauczyciele to wykwalifikowani profesjonali\u015bci, kt\u00f3rzy...\" \/>\n<meta property=\"og:url\" content=\"https:\/\/mathriders.pl\/poznan-grunwald\/aktualnosci\/drzwi-otwarte-08-06-2024-bezplatne-lekcje-pokazowe\/\" \/>\n<meta property=\"og:site_name\" content=\"Pozna\u0144 Grunwald\" \/>\n<meta property=\"article:published_time\" content=\"2024-05-11T11:59:50+00:00\" \/>\n<meta property=\"article:modified_time\" content=\"2024-05-11T12:02:31+00:00\" \/>\n<meta property=\"og:image\" content=\"https:\/\/mathriders.pl\/poznan-grunwald\/wp-content\/uploads\/sites\/48\/2024\/05\/440069328_966024948857273_4147704803835959082_n.jpg\" \/>\n\t<meta property=\"og:image:width\" content=\"940\" \/>\n\t<meta property=\"og:image:height\" content=\"940\" \/>\n\t<meta property=\"og:image:type\" content=\"image\/jpeg\" \/>\n<meta name=\"author\" content=\"grunwald\" \/>\n<meta name=\"twitter:card\" content=\"summary_large_image\" \/>\n<meta name=\"twitter:label1\" content=\"Napisane przez\" \/>\n\t<meta name=\"twitter:data1\" content=\"grunwald\" \/>\n\t<meta name=\"twitter:label2\" content=\"Szacowany czas czytania\" \/>\n\t<meta name=\"twitter:data2\" content=\"4 minuty\" \/>\n<script type=\"application\/ld+json\" class=\"yoast-schema-graph\">{\"@context\":\"https:\/\/schema.org\",\"@graph\":[{\"@type\":\"Article\",\"@id\":\"https:\/\/mathriders.pl\/poznan-grunwald\/aktualnosci\/drzwi-otwarte-08-06-2024-bezplatne-lekcje-pokazowe\/#article\",\"isPartOf\":{\"@id\":\"https:\/\/mathriders.pl\/poznan-grunwald\/aktualnosci\/drzwi-otwarte-08-06-2024-bezplatne-lekcje-pokazowe\/\"},\"author\":{\"name\":\"grunwald\",\"@id\":\"https:\/\/mathriders.pl\/poznan-grunwald\/#\/schema\/person\/8ff5deccc752681146b2cd1dcb891ab8\"},\"headline\":\"Drzwi otwarte &#8211; 08.06.2024 &#8211; bezp\u0142atne lekcje pokazowe\",\"datePublished\":\"2024-05-11T11:59:50+00:00\",\"dateModified\":\"2024-05-11T12:02:31+00:00\",\"mainEntityOfPage\":{\"@id\":\"https:\/\/mathriders.pl\/poznan-grunwald\/aktualnosci\/drzwi-otwarte-08-06-2024-bezplatne-lekcje-pokazowe\/\"},\"wordCount\":247,\"commentCount\":0,\"publisher\":{\"@id\":\"https:\/\/mathriders.pl\/poznan-grunwald\/#organization\"},\"image\":{\"@id\":\"https:\/\/mathriders.pl\/poznan-grunwald\/aktualnosci\/drzwi-otwarte-08-06-2024-bezplatne-lekcje-pokazowe\/#primaryimage\"},\"thumbnailUrl\":\"https:\/\/mathriders.pl\/poznan-grunwald\/wp-content\/uploads\/sites\/48\/2024\/05\/440069328_966024948857273_4147704803835959082_n.jpg\",\"articleSection\":[\"Aktualno\u015bci\"],\"inLanguage\":\"pl-PL\",\"potentialAction\":[{\"@type\":\"CommentAction\",\"name\":\"Comment\",\"target\":[\"https:\/\/mathriders.pl\/poznan-grunwald\/aktualnosci\/drzwi-otwarte-08-06-2024-bezplatne-lekcje-pokazowe\/#respond\"]}]},{\"@type\":\"WebPage\",\"@id\":\"https:\/\/mathriders.pl\/poznan-grunwald\/aktualnosci\/drzwi-otwarte-08-06-2024-bezplatne-lekcje-pokazowe\/\",\"url\":\"https:\/\/mathriders.pl\/poznan-grunwald\/aktualnosci\/drzwi-otwarte-08-06-2024-bezplatne-lekcje-pokazowe\/\",\"name\":\"Drzwi otwarte - 08.06.2024 - bezp\u0142atne lekcje pokazowe - Pozna\u0144 Grunwald\",\"isPartOf\":{\"@id\":\"https:\/\/mathriders.pl\/poznan-grunwald\/#website\"},\"primaryImageOfPage\":{\"@id\":\"https:\/\/mathriders.pl\/poznan-grunwald\/aktualnosci\/drzwi-otwarte-08-06-2024-bezplatne-lekcje-pokazowe\/#primaryimage\"},\"image\":{\"@id\":\"https:\/\/mathriders.pl\/poznan-grunwald\/aktualnosci\/drzwi-otwarte-08-06-2024-bezplatne-lekcje-pokazowe\/#primaryimage\"},\"thumbnailUrl\":\"https:\/\/mathriders.pl\/poznan-grunwald\/wp-content\/uploads\/sites\/48\/2024\/05\/440069328_966024948857273_4147704803835959082_n.jpg\",\"datePublished\":\"2024-05-11T11:59:50+00:00\",\"dateModified\":\"2024-05-11T12:02:31+00:00\",\"breadcrumb\":{\"@id\":\"https:\/\/mathriders.pl\/poznan-grunwald\/aktualnosci\/drzwi-otwarte-08-06-2024-bezplatne-lekcje-pokazowe\/#breadcrumb\"},\"inLanguage\":\"pl-PL\",\"potentialAction\":[{\"@type\":\"ReadAction\",\"target\":[\"https:\/\/mathriders.pl\/poznan-grunwald\/aktualnosci\/drzwi-otwarte-08-06-2024-bezplatne-lekcje-pokazowe\/\"]}]},{\"@type\":\"ImageObject\",\"inLanguage\":\"pl-PL\",\"@id\":\"https:\/\/mathriders.pl\/poznan-grunwald\/aktualnosci\/drzwi-otwarte-08-06-2024-bezplatne-lekcje-pokazowe\/#primaryimage\",\"url\":\"https:\/\/mathriders.pl\/poznan-grunwald\/wp-content\/uploads\/sites\/48\/2024\/05\/440069328_966024948857273_4147704803835959082_n.jpg\",\"contentUrl\":\"https:\/\/mathriders.pl\/poznan-grunwald\/wp-content\/uploads\/sites\/48\/2024\/05\/440069328_966024948857273_4147704803835959082_n.jpg\",\"width\":940,\"height\":940},{\"@type\":\"BreadcrumbList\",\"@id\":\"https:\/\/mathriders.pl\/poznan-grunwald\/aktualnosci\/drzwi-otwarte-08-06-2024-bezplatne-lekcje-pokazowe\/#breadcrumb\",\"itemListElement\":[{\"@type\":\"ListItem\",\"position\":1,\"name\":\"Strona g\u0142\u00f3wna\",\"item\":\"https:\/\/mathriders.pl\/poznan-grunwald\/\"},{\"@type\":\"ListItem\",\"position\":2,\"name\":\"Drzwi otwarte &#8211; 08.06.2024 &#8211; bezp\u0142atne lekcje pokazowe\"}]},{\"@type\":\"WebSite\",\"@id\":\"https:\/\/mathriders.pl\/poznan-grunwald\/#website\",\"url\":\"https:\/\/mathriders.pl\/poznan-grunwald\/\",\"name\":\"Pozna\u0144 Grunwald\",\"description\":\"\",\"publisher\":{\"@id\":\"https:\/\/mathriders.pl\/poznan-grunwald\/#organization\"},\"potentialAction\":[{\"@type\":\"SearchAction\",\"target\":{\"@type\":\"EntryPoint\",\"urlTemplate\":\"https:\/\/mathriders.pl\/poznan-grunwald\/?s={search_term_string}\"},\"query-input\":{\"@type\":\"PropertyValueSpecification\",\"valueRequired\":true,\"valueName\":\"search_term_string\"}}],\"inLanguage\":\"pl-PL\"},{\"@type\":\"Organization\",\"@id\":\"https:\/\/mathriders.pl\/poznan-grunwald\/#organization\",\"name\":\"Pozna\u0144 Grunwald\",\"url\":\"https:\/\/mathriders.pl\/poznan-grunwald\/\",\"logo\":{\"@type\":\"ImageObject\",\"inLanguage\":\"pl-PL\",\"@id\":\"https:\/\/mathriders.pl\/poznan-grunwald\/#\/schema\/logo\/image\/\",\"url\":\"https:\/\/mathriders.pl\/poznan-grunwald\/wp-content\/uploads\/sites\/48\/2023\/11\/logo.webp\",\"contentUrl\":\"https:\/\/mathriders.pl\/poznan-grunwald\/wp-content\/uploads\/sites\/48\/2023\/11\/logo.webp\",\"width\":157,\"height\":82,\"caption\":\"Pozna\u0144 Grunwald\"},\"image\":{\"@id\":\"https:\/\/mathriders.pl\/poznan-grunwald\/#\/schema\/logo\/image\/\"}},{\"@type\":\"Person\",\"@id\":\"https:\/\/mathriders.pl\/poznan-grunwald\/#\/schema\/person\/8ff5deccc752681146b2cd1dcb891ab8\",\"name\":\"grunwald\",\"image\":{\"@type\":\"ImageObject\",\"inLanguage\":\"pl-PL\",\"@id\":\"https:\/\/mathriders.pl\/poznan-grunwald\/#\/schema\/person\/image\/\",\"url\":\"https:\/\/secure.gravatar.com\/avatar\/bf73267903f9e6acff3cde4ef11d72eac83f91d29b0e7cc0207dcce9cd375ee3?s=96&d=mm&r=g\",\"contentUrl\":\"https:\/\/secure.gravatar.com\/avatar\/bf73267903f9e6acff3cde4ef11d72eac83f91d29b0e7cc0207dcce9cd375ee3?s=96&d=mm&r=g\",\"caption\":\"grunwald\"},\"url\":\"https:\/\/mathriders.pl\/poznan-grunwald\/aktualnosci\/author\/grunwald\/\"}]}<\/script>\n<!-- \/ Yoast SEO plugin. -->","yoast_head_json":{"title":"Drzwi otwarte - 08.06.2024 - bezp\u0142atne lekcje pokazowe - Pozna\u0144 Grunwald","robots":{"index":"index","follow":"follow","max-snippet":"max-snippet:-1","max-image-preview":"max-image-preview:large","max-video-preview":"max-video-preview:-1"},"canonical":"https:\/\/mathriders.pl\/poznan-grunwald\/aktualnosci\/drzwi-otwarte-08-06-2024-bezplatne-lekcje-pokazowe\/","og_locale":"pl_PL","og_type":"article","og_title":"Drzwi otwarte - 08.06.2024 - bezp\u0142atne lekcje pokazowe - Pozna\u0144 Grunwald","og_description":"Zapraszamy do naszej matematycznej przygody! Ju\u017c 8.06 organizujemy dla Was Drzwi Otwarte, a podczas nich bezp\u0142atne lekcje pokazowe dla uczni\u00f3w klas 0-3. W czasie naszych zaj\u0119\u0107 dzieci b\u0119d\u0105 mia\u0142y okazj\u0119 do odkrycia fascynuj\u0105cego \u015bwiata matematyki poprzez do\u015bwiadczanie, rozwi\u0105zywanie problem\u00f3w i dobr\u0105 zabaw\u0119. Co nas wyr\u00f3\u017cnia? Pasja do nauczania &#8211; nasi nauczyciele to wykwalifikowani profesjonali\u015bci, kt\u00f3rzy...","og_url":"https:\/\/mathriders.pl\/poznan-grunwald\/aktualnosci\/drzwi-otwarte-08-06-2024-bezplatne-lekcje-pokazowe\/","og_site_name":"Pozna\u0144 Grunwald","article_published_time":"2024-05-11T11:59:50+00:00","article_modified_time":"2024-05-11T12:02:31+00:00","og_image":[{"width":940,"height":940,"url":"https:\/\/mathriders.pl\/poznan-grunwald\/wp-content\/uploads\/sites\/48\/2024\/05\/440069328_966024948857273_4147704803835959082_n.jpg","type":"image\/jpeg"}],"author":"grunwald","twitter_card":"summary_large_image","twitter_misc":{"Napisane przez":"grunwald","Szacowany czas czytania":"4 minuty"},"schema":{"@context":"https:\/\/schema.org","@graph":[{"@type":"Article","@id":"https:\/\/mathriders.pl\/poznan-grunwald\/aktualnosci\/drzwi-otwarte-08-06-2024-bezplatne-lekcje-pokazowe\/#article","isPartOf":{"@id":"https:\/\/mathriders.pl\/poznan-grunwald\/aktualnosci\/drzwi-otwarte-08-06-2024-bezplatne-lekcje-pokazowe\/"},"author":{"name":"grunwald","@id":"https:\/\/mathriders.pl\/poznan-grunwald\/#\/schema\/person\/8ff5deccc752681146b2cd1dcb891ab8"},"headline":"Drzwi otwarte &#8211; 08.06.2024 &#8211; bezp\u0142atne lekcje pokazowe","datePublished":"2024-05-11T11:59:50+00:00","dateModified":"2024-05-11T12:02:31+00:00","mainEntityOfPage":{"@id":"https:\/\/mathriders.pl\/poznan-grunwald\/aktualnosci\/drzwi-otwarte-08-06-2024-bezplatne-lekcje-pokazowe\/"},"wordCount":247,"commentCount":0,"publisher":{"@id":"https:\/\/mathriders.pl\/poznan-grunwald\/#organization"},"image":{"@id":"https:\/\/mathriders.pl\/poznan-grunwald\/aktualnosci\/drzwi-otwarte-08-06-2024-bezplatne-lekcje-pokazowe\/#primaryimage"},"thumbnailUrl":"https:\/\/mathriders.pl\/poznan-grunwald\/wp-content\/uploads\/sites\/48\/2024\/05\/440069328_966024948857273_4147704803835959082_n.jpg","articleSection":["Aktualno\u015bci"],"inLanguage":"pl-PL","potentialAction":[{"@type":"CommentAction","name":"Comment","target":["https:\/\/mathriders.pl\/poznan-grunwald\/aktualnosci\/drzwi-otwarte-08-06-2024-bezplatne-lekcje-pokazowe\/#respond"]}]},{"@type":"WebPage","@id":"https:\/\/mathriders.pl\/poznan-grunwald\/aktualnosci\/drzwi-otwarte-08-06-2024-bezplatne-lekcje-pokazowe\/","url":"https:\/\/mathriders.pl\/poznan-grunwald\/aktualnosci\/drzwi-otwarte-08-06-2024-bezplatne-lekcje-pokazowe\/","name":"Drzwi otwarte - 08.06.2024 - bezp\u0142atne lekcje pokazowe - Pozna\u0144 Grunwald","isPartOf":{"@id":"https:\/\/mathriders.pl\/poznan-grunwald\/#website"},"primaryImageOfPage":{"@id":"https:\/\/mathriders.pl\/poznan-grunwald\/aktualnosci\/drzwi-otwarte-08-06-2024-bezplatne-lekcje-pokazowe\/#primaryimage"},"image":{"@id":"https:\/\/mathriders.pl\/poznan-grunwald\/aktualnosci\/drzwi-otwarte-08-06-2024-bezplatne-lekcje-pokazowe\/#primaryimage"},"thumbnailUrl":"https:\/\/mathriders.pl\/poznan-grunwald\/wp-content\/uploads\/sites\/48\/2024\/05\/440069328_966024948857273_4147704803835959082_n.jpg","datePublished":"2024-05-11T11:59:50+00:00","dateModified":"2024-05-11T12:02:31+00:00","breadcrumb":{"@id":"https:\/\/mathriders.pl\/poznan-grunwald\/aktualnosci\/drzwi-otwarte-08-06-2024-bezplatne-lekcje-pokazowe\/#breadcrumb"},"inLanguage":"pl-PL","potentialAction":[{"@type":"ReadAction","target":["https:\/\/mathriders.pl\/poznan-grunwald\/aktualnosci\/drzwi-otwarte-08-06-2024-bezplatne-lekcje-pokazowe\/"]}]},{"@type":"ImageObject","inLanguage":"pl-PL","@id":"https:\/\/mathriders.pl\/poznan-grunwald\/aktualnosci\/drzwi-otwarte-08-06-2024-bezplatne-lekcje-pokazowe\/#primaryimage","url":"https:\/\/mathriders.pl\/poznan-grunwald\/wp-content\/uploads\/sites\/48\/2024\/05\/440069328_966024948857273_4147704803835959082_n.jpg","contentUrl":"https:\/\/mathriders.pl\/poznan-grunwald\/wp-content\/uploads\/sites\/48\/2024\/05\/440069328_966024948857273_4147704803835959082_n.jpg","width":940,"height":940},{"@type":"BreadcrumbList","@id":"https:\/\/mathriders.pl\/poznan-grunwald\/aktualnosci\/drzwi-otwarte-08-06-2024-bezplatne-lekcje-pokazowe\/#breadcrumb","itemListElement":[{"@type":"ListItem","position":1,"name":"Strona g\u0142\u00f3wna","item":"https:\/\/mathriders.pl\/poznan-grunwald\/"},{"@type":"ListItem","position":2,"name":"Drzwi otwarte &#8211; 08.06.2024 &#8211; bezp\u0142atne lekcje pokazowe"}]},{"@type":"WebSite","@id":"https:\/\/mathriders.pl\/poznan-grunwald\/#website","url":"https:\/\/mathriders.pl\/poznan-grunwald\/","name":"Pozna\u0144 Grunwald","description":"","publisher":{"@id":"https:\/\/mathriders.pl\/poznan-grunwald\/#organization"},"potentialAction":[{"@type":"SearchAction","target":{"@type":"EntryPoint","urlTemplate":"https:\/\/mathriders.pl\/poznan-grunwald\/?s={search_term_string}"},"query-input":{"@type":"PropertyValueSpecification","valueRequired":true,"valueName":"search_term_string"}}],"inLanguage":"pl-PL"},{"@type":"Organization","@id":"https:\/\/mathriders.pl\/poznan-grunwald\/#organization","name":"Pozna\u0144 Grunwald","url":"https:\/\/mathriders.pl\/poznan-grunwald\/","logo":{"@type":"ImageObject","inLanguage":"pl-PL","@id":"https:\/\/mathriders.pl\/poznan-grunwald\/#\/schema\/logo\/image\/","url":"https:\/\/mathriders.pl\/poznan-grunwald\/wp-content\/uploads\/sites\/48\/2023\/11\/logo.webp","contentUrl":"https:\/\/mathriders.pl\/poznan-grunwald\/wp-content\/uploads\/sites\/48\/2023\/11\/logo.webp","width":157,"height":82,"caption":"Pozna\u0144 Grunwald"},"image":{"@id":"https:\/\/mathriders.pl\/poznan-grunwald\/#\/schema\/logo\/image\/"}},{"@type":"Person","@id":"https:\/\/mathriders.pl\/poznan-grunwald\/#\/schema\/person\/8ff5deccc752681146b2cd1dcb891ab8","name":"grunwald","image":{"@type":"ImageObject","inLanguage":"pl-PL","@id":"https:\/\/mathriders.pl\/poznan-grunwald\/#\/schema\/person\/image\/","url":"https:\/\/secure.gravatar.com\/avatar\/bf73267903f9e6acff3cde4ef11d72eac83f91d29b0e7cc0207dcce9cd375ee3?s=96&d=mm&r=g","contentUrl":"https:\/\/secure.gravatar.com\/avatar\/bf73267903f9e6acff3cde4ef11d72eac83f91d29b0e7cc0207dcce9cd375ee3?s=96&d=mm&r=g","caption":"grunwald"},"url":"https:\/\/mathriders.pl\/poznan-grunwald\/aktualnosci\/author\/grunwald\/"}]}},"taxonomy_info":{"category":[{"value":1,"label":"Aktualno\u015bci"}]},"featured_image_src_large":["https:\/\/mathriders.pl\/poznan-grunwald\/wp-content\/uploads\/sites\/48\/2024\/05\/440069328_966024948857273_4147704803835959082_n.jpg",940,940,false],"author_info":{"display_name":"grunwald","author_link":"https:\/\/mathriders.pl\/poznan-grunwald\/aktualnosci\/author\/grunwald\/"},"comment_info":0,"category_info":[{"term_id":1,"name":"Aktualno\u015bci","slug":"aktualnosci","term_group":0,"term_taxonomy_id":1,"taxonomy":"category","description":"","parent":0,"count":22,"filter":"raw","cat_ID":1,"category_count":22,"category_description":"","cat_name":"Aktualno\u015bci","category_nicename":"aktualnosci","category_parent":0}],"tag_info":false,"_links":{"self":[{"href":"https:\/\/mathriders.pl\/poznan-grunwald\/wp-json\/wp\/v2\/posts\/480","targetHints":{"allow":["GET"]}}],"collection":[{"href":"https:\/\/mathriders.pl\/poznan-grunwald\/wp-json\/wp\/v2\/posts"}],"about":[{"href":"https:\/\/mathriders.pl\/poznan-grunwald\/wp-json\/wp\/v2\/types\/post"}],"author":[{"embeddable":true,"href":"https:\/\/mathriders.pl\/poznan-grunwald\/wp-json\/wp\/v2\/users\/52"}],"replies":[{"embeddable":true,"href":"https:\/\/mathriders.pl\/poznan-grunwald\/wp-json\/wp\/v2\/comments?post=480"}],"version-history":[{"count":1,"href":"https:\/\/mathriders.pl\/poznan-grunwald\/wp-json\/wp\/v2\/posts\/480\/revisions"}],"predecessor-version":[{"id":482,"href":"https:\/\/mathriders.pl\/poznan-grunwald\/wp-json\/wp\/v2\/posts\/480\/revisions\/482"}],"wp:featuredmedia":[{"embeddable":true,"href":"https:\/\/mathriders.pl\/poznan-grunwald\/wp-json\/wp\/v2\/media\/481"}],"wp:attachment":[{"href":"https:\/\/mathriders.pl\/poznan-grunwald\/wp-json\/wp\/v2\/media?parent=480"}],"wp:term":[{"taxonomy":"category","embeddable":true,"href":"https:\/\/mathriders.pl\/poznan-grunwald\/wp-json\/wp\/v2\/categories?post=480"},{"taxonomy":"post_tag","embeddable":true,"href":"https:\/\/mathriders.pl\/poznan-grunwald\/wp-json\/wp\/v2\/tags?post=480"}],"curies":[{"name":"wp","href":"https:\/\/api.w.org\/{rel}","templated":true}]}}