{"id":476,"date":"2024-04-29T10:25:43","date_gmt":"2024-04-29T08:25:43","guid":{"rendered":"https:\/\/mathriders.pl\/poznan-grunwald\/?p=476"},"modified":"2024-05-23T00:44:22","modified_gmt":"2024-05-22T22:44:22","slug":"kolorowy-zawrot-glowy-letnie-warsztaty-w-mathriders","status":"publish","type":"post","link":"https:\/\/mathriders.pl\/poznan-grunwald\/aktualnosci\/kolorowy-zawrot-glowy-letnie-warsztaty-w-mathriders\/","title":{"rendered":"Kolorowy zawr\u00f3t g\u0142owy- letnie warsztaty w MathRiders"},"content":{"rendered":"\n<figure class=\"wp-block-image size-large\"><img loading=\"lazy\" decoding=\"async\" width=\"724\" height=\"1024\" src=\"https:\/\/mathriders.pl\/poznan-grunwald\/wp-content\/uploads\/sites\/48\/2024\/05\/lw_2024-724x1024.jpg\" alt=\"\" class=\"wp-image-520\" srcset=\"https:\/\/mathriders.pl\/poznan-grunwald\/wp-content\/uploads\/sites\/48\/2024\/05\/lw_2024-724x1024.jpg 724w, https:\/\/mathriders.pl\/poznan-grunwald\/wp-content\/uploads\/sites\/48\/2024\/05\/lw_2024-212x300.jpg 212w, https:\/\/mathriders.pl\/poznan-grunwald\/wp-content\/uploads\/sites\/48\/2024\/05\/lw_2024-768x1086.jpg 768w, https:\/\/mathriders.pl\/poznan-grunwald\/wp-content\/uploads\/sites\/48\/2024\/05\/lw_2024-1086x1536.jpg 1086w, https:\/\/mathriders.pl\/poznan-grunwald\/wp-content\/uploads\/sites\/48\/2024\/05\/lw_2024.jpg 1414w\" sizes=\"auto, (max-width: 724px) 100vw, 724px\" \/><\/figure>\n\n\n\n<p>Letnie warsztaty w MathRiders<img loading=\"lazy\" decoding=\"async\" height=\"16\" width=\"16\" src=\"https:\/\/static.xx.fbcdn.net\/images\/emoji.php\/v9\/t6d\/1\/16\/2600.png\" alt=\"\u2600\ufe0f\"><\/p>\n\n\n\n<p>Serdecznie zapraszamy dzieci w wieku od 7 do 12 lat, na warsztaty podczas wakacji.<\/p>\n\n\n\n<p>Temat warsztat\u00f3w to <img loading=\"lazy\" decoding=\"async\" height=\"16\" width=\"16\" alt=\"\ud83c\udf08\" src=\"https:\/\/static.xx.fbcdn.net\/images\/emoji.php\/v9\/t13\/1\/16\/1f308.png\">&#8222;Kolorowy zawr\u00f3t g\u0142owy&#8221;<img loading=\"lazy\" decoding=\"async\" height=\"16\" width=\"16\" alt=\"\ud83c\udf08\" src=\"https:\/\/static.xx.fbcdn.net\/images\/emoji.php\/v9\/t13\/1\/16\/1f308.png\">.<\/p>\n\n\n\n<p>W programie:<\/p>\n\n\n\n<ul class=\"wp-block-list\">\n<li>barwne eksperymenty<\/li>\n\n\n\n<li>tajniki optyki<\/li>\n\n\n\n<li>t\u0119czowy escape room<\/li>\n\n\n\n<li>artystyczne kreacje<\/li>\n\n\n\n<li>kolorowe gry terenowe<\/li>\n<\/ul>\n\n\n\n<p>Zapewniamy:<\/p>\n\n\n\n<ul class=\"wp-block-list\">\n<li>opiek\u0119 od 9:00 do 14:00<\/li>\n\n\n\n<li>kameralne grupy do 14 os\u00f3b<\/li>\n\n\n\n<li>opiek\u0119 2 nauczycieli<\/li>\n\n\n\n<li>wod\u0119 i zdrowe przek\u0105ski<\/li>\n\n\n\n<li>rozwijaj\u0105ce warsztaty<\/li>\n\n\n\n<li>integruj\u0105ce gry i zabawy<\/li>\n\n\n\n<li>aktywno\u015bci na \u015bwie\u017cym powietrzu<\/li>\n<\/ul>\n\n\n\n<p><img loading=\"lazy\" decoding=\"async\" height=\"16\" width=\"16\" alt=\"\ud83d\uddd3\" src=\"https:\/\/static.xx.fbcdn.net\/images\/emoji.php\/v9\/t5c\/1\/16\/1f5d3.png\">Zapraszamy na warsztaty w 2 lokalizacjach:<\/p>\n\n\n\n<p><img loading=\"lazy\" decoding=\"async\" height=\"16\" width=\"16\" alt=\"\ud83d\udccc\" src=\"https:\/\/static.xx.fbcdn.net\/images\/emoji.php\/v9\/tac\/1\/16\/1f4cc.png\">Promienista 30A\/2, Pozna\u0144<\/p>\n\n\n\n<p><img loading=\"lazy\" decoding=\"async\" height=\"16\" width=\"16\" alt=\"\ud83d\udccc\" src=\"https:\/\/static.xx.fbcdn.net\/images\/emoji.php\/v9\/tac\/1\/16\/1f4cc.png\">Pozna\u0144ska 74, Sk\u00f3rzewo<\/p>\n\n\n\n<p>Warsztaty b\u0119d\u0105 si\u0119 odbywa\u0142y w godzinach 9:30 &#8211; 13:30.<\/p>\n\n\n\n<p>Dzieci mo\u017cna przyprowadza\u0107 od godz. 9:00 i odbiera\u0107 do godz.14:00.<\/p>\n\n\n\n<p>Koszt udzia\u0142u w warsztatach (5 dni): 430 z\u0142\/dziecko. Przy zapisie rodze\u0144stwa, koszt za ka\u017cde dziecko wynosi 400 z\u0142.<\/p>\n\n\n\n<p>Szczeg\u00f3\u0142y i zapisy: <a href=\"https:\/\/forms.gle\/69UwtiBPtURF5H2D8?fbclid=IwZXh0bgNhZW0CMTAAAR1WVQ6k7rLwP-l85f1nCWyQhfOePVcf-cR9Qwm3JAmjrIIBXlJt5ecQeRI_aem_AafNBf_ZZ5OIv-4E_h9dOxLkDxb2G9OMovfzo64W6QV0b8PAWYo6FEb0TxBeoc2EKvF5rJP1YEIlim-fZeof1YLl\" rel=\"noreferrer noopener\" target=\"_blank\">https:\/\/forms.gle\/69UwtiBPtURF5H2D8<\/a><\/p>\n\n\n\n<p>Tel. 600 247 383, 603 259 562<\/p>\n\n\n\n<p>Do\u0142\u0105cz do nas i poczuj kolorowy zawr\u00f3t g\u0142owy w \u015bwiecie nauki!<\/p>\n","protected":false},"excerpt":{"rendered":"<p>Letnie warsztaty w MathRiders Serdecznie zapraszamy dzieci w wieku od 7 do 12 lat, na warsztaty podczas wakacji. Temat warsztat\u00f3w to &#8222;Kolorowy zawr\u00f3t g\u0142owy&#8221;. W programie: Zapewniamy: Zapraszamy na warsztaty w 2 lokalizacjach: Promienista 30A\/2, Pozna\u0144 Pozna\u0144ska 74, Sk\u00f3rzewo Warsztaty b\u0119d\u0105 si\u0119 odbywa\u0142y w godzinach 9:30 &#8211; 13:30. Dzieci mo\u017cna przyprowadza\u0107 od godz. 9:00 i&#8230;<\/p>\n","protected":false},"author":52,"featured_media":477,"comment_status":"open","ping_status":"closed","sticky":false,"template":"","format":"standard","meta":{"_acf_changed":false,"_kad_blocks_custom_css":"","_kad_blocks_head_custom_js":"","_kad_blocks_body_custom_js":"","_kad_blocks_footer_custom_js":"","_kad_post_transparent":"","_kad_post_title":"","_kad_post_layout":"","_kad_post_sidebar_id":"","_kad_post_content_style":"","_kad_post_vertical_padding":"","_kad_post_feature":"","_kad_post_feature_position":"","_kad_post_header":false,"_kad_post_footer":false,"_kad_post_classname":"","footnotes":""},"categories":[1],"tags":[],"class_list":["post-476","post","type-post","status-publish","format-standard","has-post-thumbnail","hentry","category-aktualnosci"],"acf":[],"yoast_head":"<!-- This site is optimized with the Yoast SEO plugin v27.0 - https:\/\/yoast.com\/product\/yoast-seo-wordpress\/ -->\n<title>Kolorowy zawr\u00f3t g\u0142owy- letnie warsztaty w MathRiders - Pozna\u0144 Grunwald<\/title>\n<meta name=\"robots\" content=\"index, follow, max-snippet:-1, max-image-preview:large, max-video-preview:-1\" \/>\n<link rel=\"canonical\" href=\"https:\/\/mathriders.pl\/poznan-grunwald\/aktualnosci\/kolorowy-zawrot-glowy-letnie-warsztaty-w-mathriders\/\" \/>\n<meta property=\"og:locale\" content=\"pl_PL\" \/>\n<meta property=\"og:type\" content=\"article\" \/>\n<meta property=\"og:title\" content=\"Kolorowy zawr\u00f3t g\u0142owy- letnie warsztaty w MathRiders - Pozna\u0144 Grunwald\" \/>\n<meta property=\"og:description\" content=\"Letnie warsztaty w MathRiders Serdecznie zapraszamy dzieci w wieku od 7 do 12 lat, na warsztaty podczas wakacji. Temat warsztat\u00f3w to &#8222;Kolorowy zawr\u00f3t g\u0142owy&#8221;. W programie: Zapewniamy: Zapraszamy na warsztaty w 2 lokalizacjach: Promienista 30A\/2, Pozna\u0144 Pozna\u0144ska 74, Sk\u00f3rzewo Warsztaty b\u0119d\u0105 si\u0119 odbywa\u0142y w godzinach 9:30 &#8211; 13:30. Dzieci mo\u017cna przyprowadza\u0107 od godz. 9:00 i...\" \/>\n<meta property=\"og:url\" content=\"https:\/\/mathriders.pl\/poznan-grunwald\/aktualnosci\/kolorowy-zawrot-glowy-letnie-warsztaty-w-mathriders\/\" \/>\n<meta property=\"og:site_name\" content=\"Pozna\u0144 Grunwald\" \/>\n<meta property=\"article:published_time\" content=\"2024-04-29T08:25:43+00:00\" \/>\n<meta property=\"article:modified_time\" content=\"2024-05-22T22:44:22+00:00\" \/>\n<meta property=\"og:image\" content=\"https:\/\/mathriders.pl\/poznan-grunwald\/wp-content\/uploads\/sites\/48\/2024\/04\/440113813_959134812879620_3252307284134280069_n.jpg\" \/>\n\t<meta property=\"og:image:width\" content=\"1080\" \/>\n\t<meta property=\"og:image:height\" content=\"1080\" \/>\n\t<meta property=\"og:image:type\" content=\"image\/jpeg\" \/>\n<meta name=\"author\" content=\"grunwald\" \/>\n<meta name=\"twitter:card\" content=\"summary_large_image\" \/>\n<meta name=\"twitter:label1\" content=\"Napisane przez\" \/>\n\t<meta name=\"twitter:data1\" content=\"grunwald\" \/>\n\t<meta name=\"twitter:label2\" content=\"Szacowany czas czytania\" \/>\n\t<meta name=\"twitter:data2\" content=\"3 minuty\" \/>\n<script type=\"application\/ld+json\" class=\"yoast-schema-graph\">{\"@context\":\"https:\/\/schema.org\",\"@graph\":[{\"@type\":\"Article\",\"@id\":\"https:\/\/mathriders.pl\/poznan-grunwald\/aktualnosci\/kolorowy-zawrot-glowy-letnie-warsztaty-w-mathriders\/#article\",\"isPartOf\":{\"@id\":\"https:\/\/mathriders.pl\/poznan-grunwald\/aktualnosci\/kolorowy-zawrot-glowy-letnie-warsztaty-w-mathriders\/\"},\"author\":{\"name\":\"grunwald\",\"@id\":\"https:\/\/mathriders.pl\/poznan-grunwald\/#\/schema\/person\/8ff5deccc752681146b2cd1dcb891ab8\"},\"headline\":\"Kolorowy zawr\u00f3t g\u0142owy- letnie warsztaty w MathRiders\",\"datePublished\":\"2024-04-29T08:25:43+00:00\",\"dateModified\":\"2024-05-22T22:44:22+00:00\",\"mainEntityOfPage\":{\"@id\":\"https:\/\/mathriders.pl\/poznan-grunwald\/aktualnosci\/kolorowy-zawrot-glowy-letnie-warsztaty-w-mathriders\/\"},\"wordCount\":154,\"commentCount\":0,\"publisher\":{\"@id\":\"https:\/\/mathriders.pl\/poznan-grunwald\/#organization\"},\"image\":{\"@id\":\"https:\/\/mathriders.pl\/poznan-grunwald\/aktualnosci\/kolorowy-zawrot-glowy-letnie-warsztaty-w-mathriders\/#primaryimage\"},\"thumbnailUrl\":\"https:\/\/mathriders.pl\/poznan-grunwald\/wp-content\/uploads\/sites\/48\/2024\/04\/440113813_959134812879620_3252307284134280069_n.jpg\",\"articleSection\":[\"Aktualno\u015bci\"],\"inLanguage\":\"pl-PL\",\"potentialAction\":[{\"@type\":\"CommentAction\",\"name\":\"Comment\",\"target\":[\"https:\/\/mathriders.pl\/poznan-grunwald\/aktualnosci\/kolorowy-zawrot-glowy-letnie-warsztaty-w-mathriders\/#respond\"]}]},{\"@type\":\"WebPage\",\"@id\":\"https:\/\/mathriders.pl\/poznan-grunwald\/aktualnosci\/kolorowy-zawrot-glowy-letnie-warsztaty-w-mathriders\/\",\"url\":\"https:\/\/mathriders.pl\/poznan-grunwald\/aktualnosci\/kolorowy-zawrot-glowy-letnie-warsztaty-w-mathriders\/\",\"name\":\"Kolorowy zawr\u00f3t g\u0142owy- letnie warsztaty w MathRiders - Pozna\u0144 Grunwald\",\"isPartOf\":{\"@id\":\"https:\/\/mathriders.pl\/poznan-grunwald\/#website\"},\"primaryImageOfPage\":{\"@id\":\"https:\/\/mathriders.pl\/poznan-grunwald\/aktualnosci\/kolorowy-zawrot-glowy-letnie-warsztaty-w-mathriders\/#primaryimage\"},\"image\":{\"@id\":\"https:\/\/mathriders.pl\/poznan-grunwald\/aktualnosci\/kolorowy-zawrot-glowy-letnie-warsztaty-w-mathriders\/#primaryimage\"},\"thumbnailUrl\":\"https:\/\/mathriders.pl\/poznan-grunwald\/wp-content\/uploads\/sites\/48\/2024\/04\/440113813_959134812879620_3252307284134280069_n.jpg\",\"datePublished\":\"2024-04-29T08:25:43+00:00\",\"dateModified\":\"2024-05-22T22:44:22+00:00\",\"breadcrumb\":{\"@id\":\"https:\/\/mathriders.pl\/poznan-grunwald\/aktualnosci\/kolorowy-zawrot-glowy-letnie-warsztaty-w-mathriders\/#breadcrumb\"},\"inLanguage\":\"pl-PL\",\"potentialAction\":[{\"@type\":\"ReadAction\",\"target\":[\"https:\/\/mathriders.pl\/poznan-grunwald\/aktualnosci\/kolorowy-zawrot-glowy-letnie-warsztaty-w-mathriders\/\"]}]},{\"@type\":\"ImageObject\",\"inLanguage\":\"pl-PL\",\"@id\":\"https:\/\/mathriders.pl\/poznan-grunwald\/aktualnosci\/kolorowy-zawrot-glowy-letnie-warsztaty-w-mathriders\/#primaryimage\",\"url\":\"https:\/\/mathriders.pl\/poznan-grunwald\/wp-content\/uploads\/sites\/48\/2024\/04\/440113813_959134812879620_3252307284134280069_n.jpg\",\"contentUrl\":\"https:\/\/mathriders.pl\/poznan-grunwald\/wp-content\/uploads\/sites\/48\/2024\/04\/440113813_959134812879620_3252307284134280069_n.jpg\",\"width\":1080,\"height\":1080},{\"@type\":\"BreadcrumbList\",\"@id\":\"https:\/\/mathriders.pl\/poznan-grunwald\/aktualnosci\/kolorowy-zawrot-glowy-letnie-warsztaty-w-mathriders\/#breadcrumb\",\"itemListElement\":[{\"@type\":\"ListItem\",\"position\":1,\"name\":\"Strona g\u0142\u00f3wna\",\"item\":\"https:\/\/mathriders.pl\/poznan-grunwald\/\"},{\"@type\":\"ListItem\",\"position\":2,\"name\":\"Kolorowy zawr\u00f3t g\u0142owy- letnie warsztaty w MathRiders\"}]},{\"@type\":\"WebSite\",\"@id\":\"https:\/\/mathriders.pl\/poznan-grunwald\/#website\",\"url\":\"https:\/\/mathriders.pl\/poznan-grunwald\/\",\"name\":\"Pozna\u0144 Grunwald\",\"description\":\"\",\"publisher\":{\"@id\":\"https:\/\/mathriders.pl\/poznan-grunwald\/#organization\"},\"potentialAction\":[{\"@type\":\"SearchAction\",\"target\":{\"@type\":\"EntryPoint\",\"urlTemplate\":\"https:\/\/mathriders.pl\/poznan-grunwald\/?s={search_term_string}\"},\"query-input\":{\"@type\":\"PropertyValueSpecification\",\"valueRequired\":true,\"valueName\":\"search_term_string\"}}],\"inLanguage\":\"pl-PL\"},{\"@type\":\"Organization\",\"@id\":\"https:\/\/mathriders.pl\/poznan-grunwald\/#organization\",\"name\":\"Pozna\u0144 Grunwald\",\"url\":\"https:\/\/mathriders.pl\/poznan-grunwald\/\",\"logo\":{\"@type\":\"ImageObject\",\"inLanguage\":\"pl-PL\",\"@id\":\"https:\/\/mathriders.pl\/poznan-grunwald\/#\/schema\/logo\/image\/\",\"url\":\"https:\/\/mathriders.pl\/poznan-grunwald\/wp-content\/uploads\/sites\/48\/2023\/11\/logo.webp\",\"contentUrl\":\"https:\/\/mathriders.pl\/poznan-grunwald\/wp-content\/uploads\/sites\/48\/2023\/11\/logo.webp\",\"width\":157,\"height\":82,\"caption\":\"Pozna\u0144 Grunwald\"},\"image\":{\"@id\":\"https:\/\/mathriders.pl\/poznan-grunwald\/#\/schema\/logo\/image\/\"}},{\"@type\":\"Person\",\"@id\":\"https:\/\/mathriders.pl\/poznan-grunwald\/#\/schema\/person\/8ff5deccc752681146b2cd1dcb891ab8\",\"name\":\"grunwald\",\"image\":{\"@type\":\"ImageObject\",\"inLanguage\":\"pl-PL\",\"@id\":\"https:\/\/mathriders.pl\/poznan-grunwald\/#\/schema\/person\/image\/\",\"url\":\"https:\/\/secure.gravatar.com\/avatar\/bf73267903f9e6acff3cde4ef11d72eac83f91d29b0e7cc0207dcce9cd375ee3?s=96&d=mm&r=g\",\"contentUrl\":\"https:\/\/secure.gravatar.com\/avatar\/bf73267903f9e6acff3cde4ef11d72eac83f91d29b0e7cc0207dcce9cd375ee3?s=96&d=mm&r=g\",\"caption\":\"grunwald\"},\"url\":\"https:\/\/mathriders.pl\/poznan-grunwald\/aktualnosci\/author\/grunwald\/\"}]}<\/script>\n<!-- \/ Yoast SEO plugin. -->","yoast_head_json":{"title":"Kolorowy zawr\u00f3t g\u0142owy- letnie warsztaty w MathRiders - Pozna\u0144 Grunwald","robots":{"index":"index","follow":"follow","max-snippet":"max-snippet:-1","max-image-preview":"max-image-preview:large","max-video-preview":"max-video-preview:-1"},"canonical":"https:\/\/mathriders.pl\/poznan-grunwald\/aktualnosci\/kolorowy-zawrot-glowy-letnie-warsztaty-w-mathriders\/","og_locale":"pl_PL","og_type":"article","og_title":"Kolorowy zawr\u00f3t g\u0142owy- letnie warsztaty w MathRiders - Pozna\u0144 Grunwald","og_description":"Letnie warsztaty w MathRiders Serdecznie zapraszamy dzieci w wieku od 7 do 12 lat, na warsztaty podczas wakacji. Temat warsztat\u00f3w to &#8222;Kolorowy zawr\u00f3t g\u0142owy&#8221;. W programie: Zapewniamy: Zapraszamy na warsztaty w 2 lokalizacjach: Promienista 30A\/2, Pozna\u0144 Pozna\u0144ska 74, Sk\u00f3rzewo Warsztaty b\u0119d\u0105 si\u0119 odbywa\u0142y w godzinach 9:30 &#8211; 13:30. Dzieci mo\u017cna przyprowadza\u0107 od godz. 9:00 i...","og_url":"https:\/\/mathriders.pl\/poznan-grunwald\/aktualnosci\/kolorowy-zawrot-glowy-letnie-warsztaty-w-mathriders\/","og_site_name":"Pozna\u0144 Grunwald","article_published_time":"2024-04-29T08:25:43+00:00","article_modified_time":"2024-05-22T22:44:22+00:00","og_image":[{"width":1080,"height":1080,"url":"https:\/\/mathriders.pl\/poznan-grunwald\/wp-content\/uploads\/sites\/48\/2024\/04\/440113813_959134812879620_3252307284134280069_n.jpg","type":"image\/jpeg"}],"author":"grunwald","twitter_card":"summary_large_image","twitter_misc":{"Napisane przez":"grunwald","Szacowany czas czytania":"3 minuty"},"schema":{"@context":"https:\/\/schema.org","@graph":[{"@type":"Article","@id":"https:\/\/mathriders.pl\/poznan-grunwald\/aktualnosci\/kolorowy-zawrot-glowy-letnie-warsztaty-w-mathriders\/#article","isPartOf":{"@id":"https:\/\/mathriders.pl\/poznan-grunwald\/aktualnosci\/kolorowy-zawrot-glowy-letnie-warsztaty-w-mathriders\/"},"author":{"name":"grunwald","@id":"https:\/\/mathriders.pl\/poznan-grunwald\/#\/schema\/person\/8ff5deccc752681146b2cd1dcb891ab8"},"headline":"Kolorowy zawr\u00f3t g\u0142owy- letnie warsztaty w MathRiders","datePublished":"2024-04-29T08:25:43+00:00","dateModified":"2024-05-22T22:44:22+00:00","mainEntityOfPage":{"@id":"https:\/\/mathriders.pl\/poznan-grunwald\/aktualnosci\/kolorowy-zawrot-glowy-letnie-warsztaty-w-mathriders\/"},"wordCount":154,"commentCount":0,"publisher":{"@id":"https:\/\/mathriders.pl\/poznan-grunwald\/#organization"},"image":{"@id":"https:\/\/mathriders.pl\/poznan-grunwald\/aktualnosci\/kolorowy-zawrot-glowy-letnie-warsztaty-w-mathriders\/#primaryimage"},"thumbnailUrl":"https:\/\/mathriders.pl\/poznan-grunwald\/wp-content\/uploads\/sites\/48\/2024\/04\/440113813_959134812879620_3252307284134280069_n.jpg","articleSection":["Aktualno\u015bci"],"inLanguage":"pl-PL","potentialAction":[{"@type":"CommentAction","name":"Comment","target":["https:\/\/mathriders.pl\/poznan-grunwald\/aktualnosci\/kolorowy-zawrot-glowy-letnie-warsztaty-w-mathriders\/#respond"]}]},{"@type":"WebPage","@id":"https:\/\/mathriders.pl\/poznan-grunwald\/aktualnosci\/kolorowy-zawrot-glowy-letnie-warsztaty-w-mathriders\/","url":"https:\/\/mathriders.pl\/poznan-grunwald\/aktualnosci\/kolorowy-zawrot-glowy-letnie-warsztaty-w-mathriders\/","name":"Kolorowy zawr\u00f3t g\u0142owy- letnie warsztaty w MathRiders - Pozna\u0144 Grunwald","isPartOf":{"@id":"https:\/\/mathriders.pl\/poznan-grunwald\/#website"},"primaryImageOfPage":{"@id":"https:\/\/mathriders.pl\/poznan-grunwald\/aktualnosci\/kolorowy-zawrot-glowy-letnie-warsztaty-w-mathriders\/#primaryimage"},"image":{"@id":"https:\/\/mathriders.pl\/poznan-grunwald\/aktualnosci\/kolorowy-zawrot-glowy-letnie-warsztaty-w-mathriders\/#primaryimage"},"thumbnailUrl":"https:\/\/mathriders.pl\/poznan-grunwald\/wp-content\/uploads\/sites\/48\/2024\/04\/440113813_959134812879620_3252307284134280069_n.jpg","datePublished":"2024-04-29T08:25:43+00:00","dateModified":"2024-05-22T22:44:22+00:00","breadcrumb":{"@id":"https:\/\/mathriders.pl\/poznan-grunwald\/aktualnosci\/kolorowy-zawrot-glowy-letnie-warsztaty-w-mathriders\/#breadcrumb"},"inLanguage":"pl-PL","potentialAction":[{"@type":"ReadAction","target":["https:\/\/mathriders.pl\/poznan-grunwald\/aktualnosci\/kolorowy-zawrot-glowy-letnie-warsztaty-w-mathriders\/"]}]},{"@type":"ImageObject","inLanguage":"pl-PL","@id":"https:\/\/mathriders.pl\/poznan-grunwald\/aktualnosci\/kolorowy-zawrot-glowy-letnie-warsztaty-w-mathriders\/#primaryimage","url":"https:\/\/mathriders.pl\/poznan-grunwald\/wp-content\/uploads\/sites\/48\/2024\/04\/440113813_959134812879620_3252307284134280069_n.jpg","contentUrl":"https:\/\/mathriders.pl\/poznan-grunwald\/wp-content\/uploads\/sites\/48\/2024\/04\/440113813_959134812879620_3252307284134280069_n.jpg","width":1080,"height":1080},{"@type":"BreadcrumbList","@id":"https:\/\/mathriders.pl\/poznan-grunwald\/aktualnosci\/kolorowy-zawrot-glowy-letnie-warsztaty-w-mathriders\/#breadcrumb","itemListElement":[{"@type":"ListItem","position":1,"name":"Strona g\u0142\u00f3wna","item":"https:\/\/mathriders.pl\/poznan-grunwald\/"},{"@type":"ListItem","position":2,"name":"Kolorowy zawr\u00f3t g\u0142owy- letnie warsztaty w MathRiders"}]},{"@type":"WebSite","@id":"https:\/\/mathriders.pl\/poznan-grunwald\/#website","url":"https:\/\/mathriders.pl\/poznan-grunwald\/","name":"Pozna\u0144 Grunwald","description":"","publisher":{"@id":"https:\/\/mathriders.pl\/poznan-grunwald\/#organization"},"potentialAction":[{"@type":"SearchAction","target":{"@type":"EntryPoint","urlTemplate":"https:\/\/mathriders.pl\/poznan-grunwald\/?s={search_term_string}"},"query-input":{"@type":"PropertyValueSpecification","valueRequired":true,"valueName":"search_term_string"}}],"inLanguage":"pl-PL"},{"@type":"Organization","@id":"https:\/\/mathriders.pl\/poznan-grunwald\/#organization","name":"Pozna\u0144 Grunwald","url":"https:\/\/mathriders.pl\/poznan-grunwald\/","logo":{"@type":"ImageObject","inLanguage":"pl-PL","@id":"https:\/\/mathriders.pl\/poznan-grunwald\/#\/schema\/logo\/image\/","url":"https:\/\/mathriders.pl\/poznan-grunwald\/wp-content\/uploads\/sites\/48\/2023\/11\/logo.webp","contentUrl":"https:\/\/mathriders.pl\/poznan-grunwald\/wp-content\/uploads\/sites\/48\/2023\/11\/logo.webp","width":157,"height":82,"caption":"Pozna\u0144 Grunwald"},"image":{"@id":"https:\/\/mathriders.pl\/poznan-grunwald\/#\/schema\/logo\/image\/"}},{"@type":"Person","@id":"https:\/\/mathriders.pl\/poznan-grunwald\/#\/schema\/person\/8ff5deccc752681146b2cd1dcb891ab8","name":"grunwald","image":{"@type":"ImageObject","inLanguage":"pl-PL","@id":"https:\/\/mathriders.pl\/poznan-grunwald\/#\/schema\/person\/image\/","url":"https:\/\/secure.gravatar.com\/avatar\/bf73267903f9e6acff3cde4ef11d72eac83f91d29b0e7cc0207dcce9cd375ee3?s=96&d=mm&r=g","contentUrl":"https:\/\/secure.gravatar.com\/avatar\/bf73267903f9e6acff3cde4ef11d72eac83f91d29b0e7cc0207dcce9cd375ee3?s=96&d=mm&r=g","caption":"grunwald"},"url":"https:\/\/mathriders.pl\/poznan-grunwald\/aktualnosci\/author\/grunwald\/"}]}},"taxonomy_info":{"category":[{"value":1,"label":"Aktualno\u015bci"}]},"featured_image_src_large":["https:\/\/mathriders.pl\/poznan-grunwald\/wp-content\/uploads\/sites\/48\/2024\/04\/440113813_959134812879620_3252307284134280069_n-1024x1024.jpg",1024,1024,true],"author_info":{"display_name":"grunwald","author_link":"https:\/\/mathriders.pl\/poznan-grunwald\/aktualnosci\/author\/grunwald\/"},"comment_info":0,"category_info":[{"term_id":1,"name":"Aktualno\u015bci","slug":"aktualnosci","term_group":0,"term_taxonomy_id":1,"taxonomy":"category","description":"","parent":0,"count":22,"filter":"raw","cat_ID":1,"category_count":22,"category_description":"","cat_name":"Aktualno\u015bci","category_nicename":"aktualnosci","category_parent":0}],"tag_info":false,"_links":{"self":[{"href":"https:\/\/mathriders.pl\/poznan-grunwald\/wp-json\/wp\/v2\/posts\/476","targetHints":{"allow":["GET"]}}],"collection":[{"href":"https:\/\/mathriders.pl\/poznan-grunwald\/wp-json\/wp\/v2\/posts"}],"about":[{"href":"https:\/\/mathriders.pl\/poznan-grunwald\/wp-json\/wp\/v2\/types\/post"}],"author":[{"embeddable":true,"href":"https:\/\/mathriders.pl\/poznan-grunwald\/wp-json\/wp\/v2\/users\/52"}],"replies":[{"embeddable":true,"href":"https:\/\/mathriders.pl\/poznan-grunwald\/wp-json\/wp\/v2\/comments?post=476"}],"version-history":[{"count":2,"href":"https:\/\/mathriders.pl\/poznan-grunwald\/wp-json\/wp\/v2\/posts\/476\/revisions"}],"predecessor-version":[{"id":522,"href":"https:\/\/mathriders.pl\/poznan-grunwald\/wp-json\/wp\/v2\/posts\/476\/revisions\/522"}],"wp:featuredmedia":[{"embeddable":true,"href":"https:\/\/mathriders.pl\/poznan-grunwald\/wp-json\/wp\/v2\/media\/477"}],"wp:attachment":[{"href":"https:\/\/mathriders.pl\/poznan-grunwald\/wp-json\/wp\/v2\/media?parent=476"}],"wp:term":[{"taxonomy":"category","embeddable":true,"href":"https:\/\/mathriders.pl\/poznan-grunwald\/wp-json\/wp\/v2\/categories?post=476"},{"taxonomy":"post_tag","embeddable":true,"href":"https:\/\/mathriders.pl\/poznan-grunwald\/wp-json\/wp\/v2\/tags?post=476"}],"curies":[{"name":"wp","href":"https:\/\/api.w.org\/{rel}","templated":true}]}}