{"id":370,"date":"2023-08-28T09:33:00","date_gmt":"2023-08-28T07:33:00","guid":{"rendered":"https:\/\/mathriders.pl\/poznan-grunwald\/?p=370"},"modified":"2024-05-12T02:36:57","modified_gmt":"2024-05-12T00:36:57","slug":"drzwi-otwarte-02-03-09-2023-bezplatne-lekcje-pokazowe","status":"publish","type":"post","link":"https:\/\/mathriders.pl\/poznan-grunwald\/aktualnosci\/drzwi-otwarte-02-03-09-2023-bezplatne-lekcje-pokazowe\/","title":{"rendered":"Drzwi otwarte &#8211; 02-03.09.2023 &#8211; bezp\u0142atne lekcje pokazowe"},"content":{"rendered":"\n<p>Drodzy rodzice,<\/p>\n\n\n\n<p>Dzi\u0119kujemy za liczne zg\u0142oszenia na lekcje pokazowe \u2013 cz\u0119\u015b\u0107 grup zosta\u0142a zape\u0142niona, dlatego dok\u0142adamy nowe .<\/p>\n\n\n\n<p>Poni\u017cej aktualizacja grafiku:<\/p>\n\n\n\n<p>Sobota 2 wrze\u015bnia:<\/p>\n\n\n\n<p>\u2013 godz. 9:45 \u2013 dzieci w wieku 3 \u2013 4 lata &#8211; brak miejsc\/lista rezerwowa<\/p>\n\n\n\n<p>\u2013 godz. 11:00 \u2013 dzieci w wieku 5 \u2013 6 lat &#8211; brak miejsc\/lista rezerwowa<\/p>\n\n\n\n<p>\u2013 godz. 12:30 \u2013 uczniowie klas 1 i 2 SP &#8211; brak miejsc\/lista rezerwowa<\/p>\n\n\n\n<p>\u2013 godz. 14:00 \u2013 uczniowie klas 3 i 4 SP<\/p>\n\n\n\n<p>\u2013 godz. 15:30 \u2013 uczniowie klas 5 i 6 SP<\/p>\n\n\n\n<p>Niedziela 3 wrze\u015bnia:<\/p>\n\n\n\n<p>\u2013 godz. 9:45 \u2013 dzieci w wieku 3 \u2013 4 lata &#8211; nowa grupa\u2757\ufe0f<\/p>\n\n\n\n<p>\u2013 godz. 11:00 \u2013 dzieci w wieku 5 \u2013 6 lat &#8211; nowa grupa\u2757\ufe0f<\/p>\n\n\n\n<p>\u2013 godz. 12:30 \u2013 uczniowie klas 1 i 2 SP &#8211; nowa grupa \u2757\ufe0f<\/p>\n\n\n\n<p>Zapraszamy do dalszych zapis\u00f3w <\/p>\n\n\n\n<p><a href=\"https:\/\/bit.ly\/drzwiotwartewrzesien\">https:\/\/bit.ly\/drzwiotwartewrzesien<\/a> <\/p>\n\n\n\n<p><\/p>\n\n\n<div class=\"wp-block-image\">\n<figure class=\"aligncenter size-full\"><img loading=\"lazy\" decoding=\"async\" width=\"540\" height=\"400\" src=\"https:\/\/mathriders.pl\/poznan-grunwald\/wp-content\/uploads\/sites\/48\/2023\/12\/do-zdj.webp\" alt=\"\" class=\"wp-image-371\" srcset=\"https:\/\/mathriders.pl\/poznan-grunwald\/wp-content\/uploads\/sites\/48\/2023\/12\/do-zdj.webp 540w, https:\/\/mathriders.pl\/poznan-grunwald\/wp-content\/uploads\/sites\/48\/2023\/12\/do-zdj-300x222.webp 300w\" sizes=\"auto, (max-width: 540px) 100vw, 540px\" \/><\/figure>\n<\/div>","protected":false},"excerpt":{"rendered":"<p>Drodzy rodzice, Dzi\u0119kujemy za liczne zg\u0142oszenia na lekcje pokazowe \u2013 cz\u0119\u015b\u0107 grup zosta\u0142a zape\u0142niona, dlatego dok\u0142adamy nowe . Poni\u017cej aktualizacja grafiku: Sobota 2 wrze\u015bnia: \u2013 godz. 9:45 \u2013 dzieci w wieku 3 \u2013 4 lata &#8211; brak miejsc\/lista rezerwowa \u2013 godz. 11:00 \u2013 dzieci w wieku 5 \u2013 6 lat &#8211; brak miejsc\/lista rezerwowa \u2013&#8230;<\/p>\n","protected":false},"author":6,"featured_media":372,"comment_status":"open","ping_status":"closed","sticky":false,"template":"","format":"standard","meta":{"_acf_changed":false,"_kad_blocks_custom_css":"","_kad_blocks_head_custom_js":"","_kad_blocks_body_custom_js":"","_kad_blocks_footer_custom_js":"","_kad_post_transparent":"","_kad_post_title":"","_kad_post_layout":"","_kad_post_sidebar_id":"","_kad_post_content_style":"","_kad_post_vertical_padding":"","_kad_post_feature":"","_kad_post_feature_position":"","_kad_post_header":false,"_kad_post_footer":false,"_kad_post_classname":"","footnotes":""},"categories":[1],"tags":[],"class_list":["post-370","post","type-post","status-publish","format-standard","has-post-thumbnail","hentry","category-aktualnosci"],"acf":[],"yoast_head":"<!-- This site is optimized with the Yoast SEO plugin v27.0 - https:\/\/yoast.com\/product\/yoast-seo-wordpress\/ -->\n<title>Drzwi otwarte - 02-03.09.2023 - bezp\u0142atne lekcje pokazowe - Pozna\u0144 Grunwald<\/title>\n<meta name=\"robots\" content=\"index, follow, max-snippet:-1, max-image-preview:large, max-video-preview:-1\" \/>\n<link rel=\"canonical\" href=\"https:\/\/mathriders.pl\/poznan-grunwald\/aktualnosci\/drzwi-otwarte-02-03-09-2023-bezplatne-lekcje-pokazowe\/\" \/>\n<meta property=\"og:locale\" content=\"pl_PL\" \/>\n<meta property=\"og:type\" content=\"article\" \/>\n<meta property=\"og:title\" content=\"Drzwi otwarte - 02-03.09.2023 - bezp\u0142atne lekcje pokazowe - Pozna\u0144 Grunwald\" \/>\n<meta property=\"og:description\" content=\"Drodzy rodzice, Dzi\u0119kujemy za liczne zg\u0142oszenia na lekcje pokazowe \u2013 cz\u0119\u015b\u0107 grup zosta\u0142a zape\u0142niona, dlatego dok\u0142adamy nowe . Poni\u017cej aktualizacja grafiku: Sobota 2 wrze\u015bnia: \u2013 godz. 9:45 \u2013 dzieci w wieku 3 \u2013 4 lata &#8211; brak miejsc\/lista rezerwowa \u2013 godz. 11:00 \u2013 dzieci w wieku 5 \u2013 6 lat &#8211; brak miejsc\/lista rezerwowa \u2013...\" \/>\n<meta property=\"og:url\" content=\"https:\/\/mathriders.pl\/poznan-grunwald\/aktualnosci\/drzwi-otwarte-02-03-09-2023-bezplatne-lekcje-pokazowe\/\" \/>\n<meta property=\"og:site_name\" content=\"Pozna\u0144 Grunwald\" \/>\n<meta property=\"article:published_time\" content=\"2023-08-28T07:33:00+00:00\" \/>\n<meta property=\"article:modified_time\" content=\"2024-05-12T00:36:57+00:00\" \/>\n<meta property=\"og:image\" content=\"https:\/\/mathriders.pl\/poznan-grunwald\/wp-content\/uploads\/sites\/48\/2023\/12\/do-2-1.webp\" \/>\n\t<meta property=\"og:image:width\" content=\"1530\" \/>\n\t<meta property=\"og:image:height\" content=\"652\" \/>\n\t<meta property=\"og:image:type\" content=\"image\/webp\" \/>\n<meta name=\"author\" content=\"sylwia\" \/>\n<meta name=\"twitter:card\" content=\"summary_large_image\" \/>\n<meta name=\"twitter:label1\" content=\"Napisane przez\" \/>\n\t<meta name=\"twitter:data1\" content=\"sylwia\" \/>\n\t<meta name=\"twitter:label2\" content=\"Szacowany czas czytania\" \/>\n\t<meta name=\"twitter:data2\" content=\"2 minuty\" \/>\n<script type=\"application\/ld+json\" class=\"yoast-schema-graph\">{\"@context\":\"https:\/\/schema.org\",\"@graph\":[{\"@type\":\"Article\",\"@id\":\"https:\/\/mathriders.pl\/poznan-grunwald\/aktualnosci\/drzwi-otwarte-02-03-09-2023-bezplatne-lekcje-pokazowe\/#article\",\"isPartOf\":{\"@id\":\"https:\/\/mathriders.pl\/poznan-grunwald\/aktualnosci\/drzwi-otwarte-02-03-09-2023-bezplatne-lekcje-pokazowe\/\"},\"author\":{\"name\":\"sylwia\",\"@id\":\"https:\/\/mathriders.pl\/poznan-grunwald\/#\/schema\/person\/ed7d439fb9e99aa84b58ef252dd4f21f\"},\"headline\":\"Drzwi otwarte &#8211; 02-03.09.2023 &#8211; bezp\u0142atne lekcje pokazowe\",\"datePublished\":\"2023-08-28T07:33:00+00:00\",\"dateModified\":\"2024-05-12T00:36:57+00:00\",\"mainEntityOfPage\":{\"@id\":\"https:\/\/mathriders.pl\/poznan-grunwald\/aktualnosci\/drzwi-otwarte-02-03-09-2023-bezplatne-lekcje-pokazowe\/\"},\"wordCount\":113,\"commentCount\":0,\"publisher\":{\"@id\":\"https:\/\/mathriders.pl\/poznan-grunwald\/#organization\"},\"image\":{\"@id\":\"https:\/\/mathriders.pl\/poznan-grunwald\/aktualnosci\/drzwi-otwarte-02-03-09-2023-bezplatne-lekcje-pokazowe\/#primaryimage\"},\"thumbnailUrl\":\"https:\/\/mathriders.pl\/poznan-grunwald\/wp-content\/uploads\/sites\/48\/2023\/12\/do-2-1.webp\",\"articleSection\":[\"Aktualno\u015bci\"],\"inLanguage\":\"pl-PL\",\"potentialAction\":[{\"@type\":\"CommentAction\",\"name\":\"Comment\",\"target\":[\"https:\/\/mathriders.pl\/poznan-grunwald\/aktualnosci\/drzwi-otwarte-02-03-09-2023-bezplatne-lekcje-pokazowe\/#respond\"]}]},{\"@type\":\"WebPage\",\"@id\":\"https:\/\/mathriders.pl\/poznan-grunwald\/aktualnosci\/drzwi-otwarte-02-03-09-2023-bezplatne-lekcje-pokazowe\/\",\"url\":\"https:\/\/mathriders.pl\/poznan-grunwald\/aktualnosci\/drzwi-otwarte-02-03-09-2023-bezplatne-lekcje-pokazowe\/\",\"name\":\"Drzwi otwarte - 02-03.09.2023 - bezp\u0142atne lekcje pokazowe - Pozna\u0144 Grunwald\",\"isPartOf\":{\"@id\":\"https:\/\/mathriders.pl\/poznan-grunwald\/#website\"},\"primaryImageOfPage\":{\"@id\":\"https:\/\/mathriders.pl\/poznan-grunwald\/aktualnosci\/drzwi-otwarte-02-03-09-2023-bezplatne-lekcje-pokazowe\/#primaryimage\"},\"image\":{\"@id\":\"https:\/\/mathriders.pl\/poznan-grunwald\/aktualnosci\/drzwi-otwarte-02-03-09-2023-bezplatne-lekcje-pokazowe\/#primaryimage\"},\"thumbnailUrl\":\"https:\/\/mathriders.pl\/poznan-grunwald\/wp-content\/uploads\/sites\/48\/2023\/12\/do-2-1.webp\",\"datePublished\":\"2023-08-28T07:33:00+00:00\",\"dateModified\":\"2024-05-12T00:36:57+00:00\",\"breadcrumb\":{\"@id\":\"https:\/\/mathriders.pl\/poznan-grunwald\/aktualnosci\/drzwi-otwarte-02-03-09-2023-bezplatne-lekcje-pokazowe\/#breadcrumb\"},\"inLanguage\":\"pl-PL\",\"potentialAction\":[{\"@type\":\"ReadAction\",\"target\":[\"https:\/\/mathriders.pl\/poznan-grunwald\/aktualnosci\/drzwi-otwarte-02-03-09-2023-bezplatne-lekcje-pokazowe\/\"]}]},{\"@type\":\"ImageObject\",\"inLanguage\":\"pl-PL\",\"@id\":\"https:\/\/mathriders.pl\/poznan-grunwald\/aktualnosci\/drzwi-otwarte-02-03-09-2023-bezplatne-lekcje-pokazowe\/#primaryimage\",\"url\":\"https:\/\/mathriders.pl\/poznan-grunwald\/wp-content\/uploads\/sites\/48\/2023\/12\/do-2-1.webp\",\"contentUrl\":\"https:\/\/mathriders.pl\/poznan-grunwald\/wp-content\/uploads\/sites\/48\/2023\/12\/do-2-1.webp\",\"width\":1530,\"height\":652},{\"@type\":\"BreadcrumbList\",\"@id\":\"https:\/\/mathriders.pl\/poznan-grunwald\/aktualnosci\/drzwi-otwarte-02-03-09-2023-bezplatne-lekcje-pokazowe\/#breadcrumb\",\"itemListElement\":[{\"@type\":\"ListItem\",\"position\":1,\"name\":\"Strona g\u0142\u00f3wna\",\"item\":\"https:\/\/mathriders.pl\/poznan-grunwald\/\"},{\"@type\":\"ListItem\",\"position\":2,\"name\":\"Drzwi otwarte &#8211; 02-03.09.2023 &#8211; bezp\u0142atne lekcje pokazowe\"}]},{\"@type\":\"WebSite\",\"@id\":\"https:\/\/mathriders.pl\/poznan-grunwald\/#website\",\"url\":\"https:\/\/mathriders.pl\/poznan-grunwald\/\",\"name\":\"Pozna\u0144 Grunwald\",\"description\":\"\",\"publisher\":{\"@id\":\"https:\/\/mathriders.pl\/poznan-grunwald\/#organization\"},\"potentialAction\":[{\"@type\":\"SearchAction\",\"target\":{\"@type\":\"EntryPoint\",\"urlTemplate\":\"https:\/\/mathriders.pl\/poznan-grunwald\/?s={search_term_string}\"},\"query-input\":{\"@type\":\"PropertyValueSpecification\",\"valueRequired\":true,\"valueName\":\"search_term_string\"}}],\"inLanguage\":\"pl-PL\"},{\"@type\":\"Organization\",\"@id\":\"https:\/\/mathriders.pl\/poznan-grunwald\/#organization\",\"name\":\"Pozna\u0144 Grunwald\",\"url\":\"https:\/\/mathriders.pl\/poznan-grunwald\/\",\"logo\":{\"@type\":\"ImageObject\",\"inLanguage\":\"pl-PL\",\"@id\":\"https:\/\/mathriders.pl\/poznan-grunwald\/#\/schema\/logo\/image\/\",\"url\":\"https:\/\/mathriders.pl\/poznan-grunwald\/wp-content\/uploads\/sites\/48\/2023\/11\/logo.webp\",\"contentUrl\":\"https:\/\/mathriders.pl\/poznan-grunwald\/wp-content\/uploads\/sites\/48\/2023\/11\/logo.webp\",\"width\":157,\"height\":82,\"caption\":\"Pozna\u0144 Grunwald\"},\"image\":{\"@id\":\"https:\/\/mathriders.pl\/poznan-grunwald\/#\/schema\/logo\/image\/\"}},{\"@type\":\"Person\",\"@id\":\"https:\/\/mathriders.pl\/poznan-grunwald\/#\/schema\/person\/ed7d439fb9e99aa84b58ef252dd4f21f\",\"name\":\"sylwia\",\"image\":{\"@type\":\"ImageObject\",\"inLanguage\":\"pl-PL\",\"@id\":\"https:\/\/mathriders.pl\/poznan-grunwald\/#\/schema\/person\/image\/\",\"url\":\"https:\/\/secure.gravatar.com\/avatar\/2024a5c60b6f7548acf2f26749cdf58bc85deefeac8fb99357abac40d3a120dc?s=96&d=mm&r=g\",\"contentUrl\":\"https:\/\/secure.gravatar.com\/avatar\/2024a5c60b6f7548acf2f26749cdf58bc85deefeac8fb99357abac40d3a120dc?s=96&d=mm&r=g\",\"caption\":\"sylwia\"},\"url\":\"https:\/\/mathriders.pl\/poznan-grunwald\/aktualnosci\/author\/sylwia\/\"}]}<\/script>\n<!-- \/ Yoast SEO plugin. -->","yoast_head_json":{"title":"Drzwi otwarte - 02-03.09.2023 - bezp\u0142atne lekcje pokazowe - Pozna\u0144 Grunwald","robots":{"index":"index","follow":"follow","max-snippet":"max-snippet:-1","max-image-preview":"max-image-preview:large","max-video-preview":"max-video-preview:-1"},"canonical":"https:\/\/mathriders.pl\/poznan-grunwald\/aktualnosci\/drzwi-otwarte-02-03-09-2023-bezplatne-lekcje-pokazowe\/","og_locale":"pl_PL","og_type":"article","og_title":"Drzwi otwarte - 02-03.09.2023 - bezp\u0142atne lekcje pokazowe - Pozna\u0144 Grunwald","og_description":"Drodzy rodzice, Dzi\u0119kujemy za liczne zg\u0142oszenia na lekcje pokazowe \u2013 cz\u0119\u015b\u0107 grup zosta\u0142a zape\u0142niona, dlatego dok\u0142adamy nowe . Poni\u017cej aktualizacja grafiku: Sobota 2 wrze\u015bnia: \u2013 godz. 9:45 \u2013 dzieci w wieku 3 \u2013 4 lata &#8211; brak miejsc\/lista rezerwowa \u2013 godz. 11:00 \u2013 dzieci w wieku 5 \u2013 6 lat &#8211; brak miejsc\/lista rezerwowa \u2013...","og_url":"https:\/\/mathriders.pl\/poznan-grunwald\/aktualnosci\/drzwi-otwarte-02-03-09-2023-bezplatne-lekcje-pokazowe\/","og_site_name":"Pozna\u0144 Grunwald","article_published_time":"2023-08-28T07:33:00+00:00","article_modified_time":"2024-05-12T00:36:57+00:00","og_image":[{"width":1530,"height":652,"url":"https:\/\/mathriders.pl\/poznan-grunwald\/wp-content\/uploads\/sites\/48\/2023\/12\/do-2-1.webp","type":"image\/webp"}],"author":"sylwia","twitter_card":"summary_large_image","twitter_misc":{"Napisane przez":"sylwia","Szacowany czas czytania":"2 minuty"},"schema":{"@context":"https:\/\/schema.org","@graph":[{"@type":"Article","@id":"https:\/\/mathriders.pl\/poznan-grunwald\/aktualnosci\/drzwi-otwarte-02-03-09-2023-bezplatne-lekcje-pokazowe\/#article","isPartOf":{"@id":"https:\/\/mathriders.pl\/poznan-grunwald\/aktualnosci\/drzwi-otwarte-02-03-09-2023-bezplatne-lekcje-pokazowe\/"},"author":{"name":"sylwia","@id":"https:\/\/mathriders.pl\/poznan-grunwald\/#\/schema\/person\/ed7d439fb9e99aa84b58ef252dd4f21f"},"headline":"Drzwi otwarte &#8211; 02-03.09.2023 &#8211; bezp\u0142atne lekcje pokazowe","datePublished":"2023-08-28T07:33:00+00:00","dateModified":"2024-05-12T00:36:57+00:00","mainEntityOfPage":{"@id":"https:\/\/mathriders.pl\/poznan-grunwald\/aktualnosci\/drzwi-otwarte-02-03-09-2023-bezplatne-lekcje-pokazowe\/"},"wordCount":113,"commentCount":0,"publisher":{"@id":"https:\/\/mathriders.pl\/poznan-grunwald\/#organization"},"image":{"@id":"https:\/\/mathriders.pl\/poznan-grunwald\/aktualnosci\/drzwi-otwarte-02-03-09-2023-bezplatne-lekcje-pokazowe\/#primaryimage"},"thumbnailUrl":"https:\/\/mathriders.pl\/poznan-grunwald\/wp-content\/uploads\/sites\/48\/2023\/12\/do-2-1.webp","articleSection":["Aktualno\u015bci"],"inLanguage":"pl-PL","potentialAction":[{"@type":"CommentAction","name":"Comment","target":["https:\/\/mathriders.pl\/poznan-grunwald\/aktualnosci\/drzwi-otwarte-02-03-09-2023-bezplatne-lekcje-pokazowe\/#respond"]}]},{"@type":"WebPage","@id":"https:\/\/mathriders.pl\/poznan-grunwald\/aktualnosci\/drzwi-otwarte-02-03-09-2023-bezplatne-lekcje-pokazowe\/","url":"https:\/\/mathriders.pl\/poznan-grunwald\/aktualnosci\/drzwi-otwarte-02-03-09-2023-bezplatne-lekcje-pokazowe\/","name":"Drzwi otwarte - 02-03.09.2023 - bezp\u0142atne lekcje pokazowe - Pozna\u0144 Grunwald","isPartOf":{"@id":"https:\/\/mathriders.pl\/poznan-grunwald\/#website"},"primaryImageOfPage":{"@id":"https:\/\/mathriders.pl\/poznan-grunwald\/aktualnosci\/drzwi-otwarte-02-03-09-2023-bezplatne-lekcje-pokazowe\/#primaryimage"},"image":{"@id":"https:\/\/mathriders.pl\/poznan-grunwald\/aktualnosci\/drzwi-otwarte-02-03-09-2023-bezplatne-lekcje-pokazowe\/#primaryimage"},"thumbnailUrl":"https:\/\/mathriders.pl\/poznan-grunwald\/wp-content\/uploads\/sites\/48\/2023\/12\/do-2-1.webp","datePublished":"2023-08-28T07:33:00+00:00","dateModified":"2024-05-12T00:36:57+00:00","breadcrumb":{"@id":"https:\/\/mathriders.pl\/poznan-grunwald\/aktualnosci\/drzwi-otwarte-02-03-09-2023-bezplatne-lekcje-pokazowe\/#breadcrumb"},"inLanguage":"pl-PL","potentialAction":[{"@type":"ReadAction","target":["https:\/\/mathriders.pl\/poznan-grunwald\/aktualnosci\/drzwi-otwarte-02-03-09-2023-bezplatne-lekcje-pokazowe\/"]}]},{"@type":"ImageObject","inLanguage":"pl-PL","@id":"https:\/\/mathriders.pl\/poznan-grunwald\/aktualnosci\/drzwi-otwarte-02-03-09-2023-bezplatne-lekcje-pokazowe\/#primaryimage","url":"https:\/\/mathriders.pl\/poznan-grunwald\/wp-content\/uploads\/sites\/48\/2023\/12\/do-2-1.webp","contentUrl":"https:\/\/mathriders.pl\/poznan-grunwald\/wp-content\/uploads\/sites\/48\/2023\/12\/do-2-1.webp","width":1530,"height":652},{"@type":"BreadcrumbList","@id":"https:\/\/mathriders.pl\/poznan-grunwald\/aktualnosci\/drzwi-otwarte-02-03-09-2023-bezplatne-lekcje-pokazowe\/#breadcrumb","itemListElement":[{"@type":"ListItem","position":1,"name":"Strona g\u0142\u00f3wna","item":"https:\/\/mathriders.pl\/poznan-grunwald\/"},{"@type":"ListItem","position":2,"name":"Drzwi otwarte &#8211; 02-03.09.2023 &#8211; bezp\u0142atne lekcje pokazowe"}]},{"@type":"WebSite","@id":"https:\/\/mathriders.pl\/poznan-grunwald\/#website","url":"https:\/\/mathriders.pl\/poznan-grunwald\/","name":"Pozna\u0144 Grunwald","description":"","publisher":{"@id":"https:\/\/mathriders.pl\/poznan-grunwald\/#organization"},"potentialAction":[{"@type":"SearchAction","target":{"@type":"EntryPoint","urlTemplate":"https:\/\/mathriders.pl\/poznan-grunwald\/?s={search_term_string}"},"query-input":{"@type":"PropertyValueSpecification","valueRequired":true,"valueName":"search_term_string"}}],"inLanguage":"pl-PL"},{"@type":"Organization","@id":"https:\/\/mathriders.pl\/poznan-grunwald\/#organization","name":"Pozna\u0144 Grunwald","url":"https:\/\/mathriders.pl\/poznan-grunwald\/","logo":{"@type":"ImageObject","inLanguage":"pl-PL","@id":"https:\/\/mathriders.pl\/poznan-grunwald\/#\/schema\/logo\/image\/","url":"https:\/\/mathriders.pl\/poznan-grunwald\/wp-content\/uploads\/sites\/48\/2023\/11\/logo.webp","contentUrl":"https:\/\/mathriders.pl\/poznan-grunwald\/wp-content\/uploads\/sites\/48\/2023\/11\/logo.webp","width":157,"height":82,"caption":"Pozna\u0144 Grunwald"},"image":{"@id":"https:\/\/mathriders.pl\/poznan-grunwald\/#\/schema\/logo\/image\/"}},{"@type":"Person","@id":"https:\/\/mathriders.pl\/poznan-grunwald\/#\/schema\/person\/ed7d439fb9e99aa84b58ef252dd4f21f","name":"sylwia","image":{"@type":"ImageObject","inLanguage":"pl-PL","@id":"https:\/\/mathriders.pl\/poznan-grunwald\/#\/schema\/person\/image\/","url":"https:\/\/secure.gravatar.com\/avatar\/2024a5c60b6f7548acf2f26749cdf58bc85deefeac8fb99357abac40d3a120dc?s=96&d=mm&r=g","contentUrl":"https:\/\/secure.gravatar.com\/avatar\/2024a5c60b6f7548acf2f26749cdf58bc85deefeac8fb99357abac40d3a120dc?s=96&d=mm&r=g","caption":"sylwia"},"url":"https:\/\/mathriders.pl\/poznan-grunwald\/aktualnosci\/author\/sylwia\/"}]}},"taxonomy_info":{"category":[{"value":1,"label":"Aktualno\u015bci"}]},"featured_image_src_large":["https:\/\/mathriders.pl\/poznan-grunwald\/wp-content\/uploads\/sites\/48\/2023\/12\/do-2-1-1024x436.webp",1024,436,true],"author_info":{"display_name":"sylwia","author_link":"https:\/\/mathriders.pl\/poznan-grunwald\/aktualnosci\/author\/sylwia\/"},"comment_info":0,"category_info":[{"term_id":1,"name":"Aktualno\u015bci","slug":"aktualnosci","term_group":0,"term_taxonomy_id":1,"taxonomy":"category","description":"","parent":0,"count":22,"filter":"raw","cat_ID":1,"category_count":22,"category_description":"","cat_name":"Aktualno\u015bci","category_nicename":"aktualnosci","category_parent":0}],"tag_info":false,"_links":{"self":[{"href":"https:\/\/mathriders.pl\/poznan-grunwald\/wp-json\/wp\/v2\/posts\/370","targetHints":{"allow":["GET"]}}],"collection":[{"href":"https:\/\/mathriders.pl\/poznan-grunwald\/wp-json\/wp\/v2\/posts"}],"about":[{"href":"https:\/\/mathriders.pl\/poznan-grunwald\/wp-json\/wp\/v2\/types\/post"}],"author":[{"embeddable":true,"href":"https:\/\/mathriders.pl\/poznan-grunwald\/wp-json\/wp\/v2\/users\/6"}],"replies":[{"embeddable":true,"href":"https:\/\/mathriders.pl\/poznan-grunwald\/wp-json\/wp\/v2\/comments?post=370"}],"version-history":[{"count":2,"href":"https:\/\/mathriders.pl\/poznan-grunwald\/wp-json\/wp\/v2\/posts\/370\/revisions"}],"predecessor-version":[{"id":483,"href":"https:\/\/mathriders.pl\/poznan-grunwald\/wp-json\/wp\/v2\/posts\/370\/revisions\/483"}],"wp:featuredmedia":[{"embeddable":true,"href":"https:\/\/mathriders.pl\/poznan-grunwald\/wp-json\/wp\/v2\/media\/372"}],"wp:attachment":[{"href":"https:\/\/mathriders.pl\/poznan-grunwald\/wp-json\/wp\/v2\/media?parent=370"}],"wp:term":[{"taxonomy":"category","embeddable":true,"href":"https:\/\/mathriders.pl\/poznan-grunwald\/wp-json\/wp\/v2\/categories?post=370"},{"taxonomy":"post_tag","embeddable":true,"href":"https:\/\/mathriders.pl\/poznan-grunwald\/wp-json\/wp\/v2\/tags?post=370"}],"curies":[{"name":"wp","href":"https:\/\/api.w.org\/{rel}","templated":true}]}}