{"id":586,"date":"2025-03-15T20:08:55","date_gmt":"2025-03-15T19:08:55","guid":{"rendered":"https:\/\/mathriders.pl\/myslowice\/?p=586"},"modified":"2025-08-09T20:13:00","modified_gmt":"2025-08-09T18:13:00","slug":"swieto-liczby-pi-w-mathriders-myslowice-kreatywna-matematyka-dla-dzieci","status":"publish","type":"post","link":"https:\/\/mathriders.pl\/myslowice\/aktualnosci\/swieto-liczby-pi-w-mathriders-myslowice-kreatywna-matematyka-dla-dzieci\/","title":{"rendered":"\u015awi\u0119to Liczby Pi w MathRiders Mys\u0142owice \u2013 kreatywna matematyka dla dzieci"},"content":{"rendered":"\n<p>Czy matematyka mo\u017ce by\u0107 \u015bwi\u0119tem? Oczywi\u015bcie, \u017ce tak! \ud83c\udf89 W MathRiders Mys\u0142owice ka\u017cdego roku obchodzimy <strong>\u015awi\u0119to Liczby Pi<\/strong>, kt\u00f3re zamienia nauk\u0119 w wyj\u0105tkow\u0105, pe\u0142n\u0105 rado\u015bci i kreatywno\u015bci przygod\u0119. To doskona\u0142y przyk\u0142ad, \u017ce <strong>matematyka dla dzieci<\/strong> mo\u017ce by\u0107 ciekawa, inspiruj\u0105ca i dost\u0119pna dla ka\u017cdego \u2013 wystarczy odpowiednie podej\u015bcie.<\/p>\n\n\n<style>.wp-block-kadence-advancedgallery .kb-gallery-type-masonry.kb-gallery-id-586_2b7ac8-0d{margin:-5px;}.kb-gallery-type-masonry.kb-gallery-id-586_2b7ac8-0d .kadence-blocks-gallery-item{padding:5px;}.kb-gallery-id-586_2b7ac8-0d .kadence-blocks-gallery-item .kb-gal-image-radius, .kb-gallery-id-586_2b7ac8-0d .kb-slide-item .kb-gal-image-radius img{border-radius:0px 0px 0px 0px;;}<\/style><div class=\"kb-gallery-wrap-id-586_2b7ac8-0d alignnone wp-block-kadence-advancedgallery\"><ul class=\"kb-gallery-ul kb-gallery-non-static kb-gallery-type-masonry kb-masonry-init kb-gallery-id-586_2b7ac8-0d kb-gallery-caption-style-bottom-hover kb-gallery-filter-none\" data-image-filter=\"none\" data-item-selector=\".kadence-blocks-gallery-item\" data-lightbox-caption=\"true\" data-columns-xxl=\"3\" data-columns-xl=\"3\" data-columns-md=\"3\" data-columns-sm=\"2\" data-columns-xs=\"1\" data-columns-ss=\"1\"><li class=\"kadence-blocks-gallery-item\" tabindex=\"0\"><div class=\"kadence-blocks-gallery-item-inner\"><figure class=\"kb-gallery-figure kadence-blocks-gallery-item-hide-caption\"><div class=\"kb-gal-image-radius\" style=\"max-width:1024px;\"><div class=\"kb-gallery-image-contain kadence-blocks-gallery-intrinsic\" style=\"padding-bottom:66%;\"><img loading=\"lazy\" decoding=\"async\" src=\"https:\/\/mathriders.pl\/myslowice\/wp-content\/uploads\/sites\/43\/2025\/08\/2024-25-zajecia-mr-10-1024x684.jpg\" width=\"1024\" height=\"684\" alt=\"\" data-full-image=\"https:\/\/mathriders.pl\/myslowice\/wp-content\/uploads\/sites\/43\/2025\/08\/2024-25-zajecia-mr-10-scaled.jpg\" data-light-image=\"https:\/\/mathriders.pl\/myslowice\/wp-content\/uploads\/sites\/43\/2025\/08\/2024-25-zajecia-mr-10-scaled.jpg\" data-id=\"577\" class=\"wp-image-577\" srcset=\"https:\/\/mathriders.pl\/myslowice\/wp-content\/uploads\/sites\/43\/2025\/08\/2024-25-zajecia-mr-10-1024x684.jpg 1024w, https:\/\/mathriders.pl\/myslowice\/wp-content\/uploads\/sites\/43\/2025\/08\/2024-25-zajecia-mr-10-300x200.jpg 300w, https:\/\/mathriders.pl\/myslowice\/wp-content\/uploads\/sites\/43\/2025\/08\/2024-25-zajecia-mr-10-768x513.jpg 768w, https:\/\/mathriders.pl\/myslowice\/wp-content\/uploads\/sites\/43\/2025\/08\/2024-25-zajecia-mr-10-1536x1025.jpg 1536w, https:\/\/mathriders.pl\/myslowice\/wp-content\/uploads\/sites\/43\/2025\/08\/2024-25-zajecia-mr-10-2048x1367.jpg 2048w\" sizes=\"auto, (max-width: 1024px) 100vw, 1024px\" \/><\/div><\/div><\/figure><\/div><\/li><\/ul><\/div>\n\n\n<h2 class=\"wp-block-heading\"><strong>Dlaczego w MathRiders Mys\u0142owice obchodzimy \u015awi\u0119to Liczby Pi?<\/strong><\/h2>\n\n\n\n<p>14 marca, czyli 3.14, to mi\u0119dzynarodowe <strong>\u015awi\u0119to Liczby Pi<\/strong> \u2013 symbolu, kt\u00f3ry zna ka\u017cdy matematyk i mi\u0142o\u015bnik zagadek logicznych. W MathRiders Mys\u0142owice traktujemy t\u0119 dat\u0119 jako \u015bwietn\u0105 okazj\u0119 do pokazania, \u017ce <strong>nauka matematyki dla dzieci w Mys\u0142owicach<\/strong> to nie tylko zadania w zeszycie, ale przede wszystkim rado\u015b\u0107 odkrywania.<\/p>\n\n\n\n<p>Podczas tego dnia wprowadzamy dzieci w fascynuj\u0105cy \u015bwiat liczb, geometrii i proporcji poprzez zabawy, eksperymenty i wyzwania, kt\u00f3re anga\u017cuj\u0105 wszystkie zmys\u0142y.<\/p>\n\n\n<style>.kb-gallery-id-586_040b20-4c .kadence-blocks-gallery-item .kb-gal-image-radius, .kb-gallery-id-586_040b20-4c .kb-slide-item .kb-gal-image-radius img{border-radius:0px 0px 0px 0px;;}.kb-gallery-wrap-id-586_040b20-4c.wp-block-kadence-advancedgallery{overflow:visible;}.kb-gallery-wrap-id-586_040b20-4c.wp-block-kadence-advancedgallery .kt-blocks-carousel{overflow:visible;}<\/style><div class=\"kb-gallery-wrap-id-586_040b20-4c alignnone wp-block-kadence-advancedgallery\"><div class=\"kb-gallery-ul kb-gallery-non-static kb-gallery-type-slider kb-gallery-id-586_040b20-4c kb-gallery-caption-style-bottom-hover kb-gallery-filter-none\" data-image-filter=\"none\" data-lightbox-caption=\"true\"><div class=\"kt-blocks-carousel splide kt-carousel-container-dotstyle-dark kt-carousel-arrowstyle-none kt-carousel-dotstyle-dark kb-slider-group-arrow kb-slider-arrow-position-center\" data-slider-anim-speed=\"400\" data-slider-scroll=\"1\" data-slider-arrows=\"false\" data-slider-fade=\"true\" data-slider-dots=\"true\" data-slider-type=\"slider\" data-slider-hover-pause=\"false\" data-slider-auto=\"\" data-slider-speed=\"7000\" data-show-pause-button=\"false\"><div class=\"splide__track\"><ul class=\"kt-blocks-carousel-init kb-blocks-slider splide__list\"><li class=\"kb-slide-item kb-gallery-slide-item splide__slide\"><div class=\"kadence-blocks-gallery-item\"><div class=\"kadence-blocks-gallery-item-inner\"><figure class=\"kb-gallery-figure kadence-blocks-gallery-item-hide-caption\"><div class=\"kb-gal-image-radius\"><div class=\"kb-gallery-image-contain kadence-blocks-gallery-intrinsic kb-gallery-image-ratio-land32 kb-has-image-ratio-land32\" ><img loading=\"lazy\" decoding=\"async\" src=\"https:\/\/mathriders.pl\/myslowice\/wp-content\/uploads\/sites\/43\/2025\/08\/2025-dzien-pi-13-1024x684.jpg\" width=\"1024\" height=\"684\" alt=\"\" data-full-image=\"https:\/\/mathriders.pl\/myslowice\/wp-content\/uploads\/sites\/43\/2025\/08\/2025-dzien-pi-13-scaled.jpg\" data-light-image=\"https:\/\/mathriders.pl\/myslowice\/wp-content\/uploads\/sites\/43\/2025\/08\/2025-dzien-pi-13-scaled.jpg\" data-id=\"575\" class=\"wp-image-575 skip-lazy\" srcset=\"https:\/\/mathriders.pl\/myslowice\/wp-content\/uploads\/sites\/43\/2025\/08\/2025-dzien-pi-13-1024x684.jpg 1024w, https:\/\/mathriders.pl\/myslowice\/wp-content\/uploads\/sites\/43\/2025\/08\/2025-dzien-pi-13-300x200.jpg 300w, https:\/\/mathriders.pl\/myslowice\/wp-content\/uploads\/sites\/43\/2025\/08\/2025-dzien-pi-13-768x513.jpg 768w, https:\/\/mathriders.pl\/myslowice\/wp-content\/uploads\/sites\/43\/2025\/08\/2025-dzien-pi-13-1536x1025.jpg 1536w, https:\/\/mathriders.pl\/myslowice\/wp-content\/uploads\/sites\/43\/2025\/08\/2025-dzien-pi-13-2048x1367.jpg 2048w\" sizes=\"auto, (max-width: 1024px) 100vw, 1024px\" \/><\/div><\/div><\/figure><\/div><\/div><\/li><\/ul><\/div><\/div><\/div><\/div>\n\n\n<h2 class=\"wp-block-heading\"><strong>Nauka przez do\u015bwiadczenie i wsp\u00f3\u0142prac\u0119<\/strong><\/h2>\n\n\n\n<p>W MathRiders Mys\u0142owice wierzymy, \u017ce <strong>kreatywna matematyka dla dzieci<\/strong> to klucz do trwa\u0142ego zrozumienia. Dlatego podczas zaj\u0119\u0107 \u2013 tak\u017ce tych \u015bwi\u0105tecznych \u2013 dzieci pracuj\u0105 w parach lub zespo\u0142ach, wspieraj\u0105c si\u0119 i ucz\u0105c od siebie nawzajem.<\/p>\n\n\n\n<p>Takie podej\u015bcie rozwija umiej\u0119tno\u015bci komunikacyjne, buduje pewno\u015b\u0107 siebie i uczy, \u017ce rozwi\u0105zywanie problem\u00f3w to cz\u0119sto efekt wsp\u00f3\u0142pracy, a nie tylko indywidualnej pracy.<\/p>\n\n\n\n<hr class=\"wp-block-separator has-alpha-channel-opacity\" \/>\n\n\n\n<h2 class=\"wp-block-heading\"><strong>Dlaczego rodzice wybieraj\u0105 MathRiders Mys\u0142owice?<\/strong><\/h2>\n\n\n\n<p>\ud83d\udccc Ma\u0142e grupy \u2013 dzi\u0119ki temu ka\u017cde dziecko otrzymuje indywidualne wsparcie.<br>\ud83d\udccc Nauka przez zabaw\u0119 \u2013 dzieci rozwi\u0105zuj\u0105 zadania, nie czuj\u0105c presji.<br>\ud83d\udccc Do\u015bwiadczeni trenerzy \u2013 pasjonaci matematyki, kt\u00f3rzy potrafi\u0105 zarazi\u0107 swoj\u0105 pasj\u0105.<br>\ud83d\udccc Bogaty program \u2013 od prostych zagadek po ambitne projekty i konkursy.<br>\ud83d\udccc Przyjazna atmosfera \u2013 miejsce, w kt\u00f3rym dzieci chc\u0105 sp\u0119dza\u0107 czas.<\/p>\n\n\n<style>.kb-gallery-id-586_79a588-48 .kadence-blocks-gallery-item .kb-gal-image-radius, .kb-gallery-id-586_79a588-48 .kb-slide-item .kb-gal-image-radius img{border-radius:0px 0px 0px 0px;;}.kb-gallery-wrap-id-586_79a588-48.wp-block-kadence-advancedgallery{overflow:visible;}.kb-gallery-wrap-id-586_79a588-48.wp-block-kadence-advancedgallery .kt-blocks-carousel{overflow:visible;}<\/style><div class=\"kb-gallery-wrap-id-586_79a588-48 alignnone wp-block-kadence-advancedgallery\"><div class=\"kb-gallery-ul kb-gallery-non-static kb-gallery-type-slider kb-gallery-id-586_79a588-48 kb-gallery-caption-style-bottom-hover kb-gallery-filter-none\" data-image-filter=\"none\" data-lightbox-caption=\"true\"><div class=\"kt-blocks-carousel splide kt-carousel-container-dotstyle-dark kt-carousel-arrowstyle-none kt-carousel-dotstyle-dark kb-slider-group-arrow kb-slider-arrow-position-center\" data-slider-anim-speed=\"400\" data-slider-scroll=\"1\" data-slider-arrows=\"false\" data-slider-fade=\"true\" data-slider-dots=\"true\" data-slider-type=\"slider\" data-slider-hover-pause=\"false\" data-slider-auto=\"\" data-slider-speed=\"7000\" data-show-pause-button=\"false\"><div class=\"splide__track\"><ul class=\"kt-blocks-carousel-init kb-blocks-slider splide__list\"><li class=\"kb-slide-item kb-gallery-slide-item splide__slide\"><div class=\"kadence-blocks-gallery-item\"><div class=\"kadence-blocks-gallery-item-inner\"><figure class=\"kb-gallery-figure kadence-blocks-gallery-item-hide-caption\"><div class=\"kb-gal-image-radius\"><div class=\"kb-gallery-image-contain kadence-blocks-gallery-intrinsic kb-gallery-image-ratio-land32 kb-has-image-ratio-land32\" ><img loading=\"lazy\" decoding=\"async\" src=\"https:\/\/mathriders.pl\/myslowice\/wp-content\/uploads\/sites\/43\/2025\/08\/2025-dzien-pi-06-1024x684.jpg\" width=\"1024\" height=\"684\" alt=\"\" data-full-image=\"https:\/\/mathriders.pl\/myslowice\/wp-content\/uploads\/sites\/43\/2025\/08\/2025-dzien-pi-06-scaled.jpg\" data-light-image=\"https:\/\/mathriders.pl\/myslowice\/wp-content\/uploads\/sites\/43\/2025\/08\/2025-dzien-pi-06-scaled.jpg\" data-id=\"578\" class=\"wp-image-578 skip-lazy\" srcset=\"https:\/\/mathriders.pl\/myslowice\/wp-content\/uploads\/sites\/43\/2025\/08\/2025-dzien-pi-06-1024x684.jpg 1024w, https:\/\/mathriders.pl\/myslowice\/wp-content\/uploads\/sites\/43\/2025\/08\/2025-dzien-pi-06-300x200.jpg 300w, https:\/\/mathriders.pl\/myslowice\/wp-content\/uploads\/sites\/43\/2025\/08\/2025-dzien-pi-06-768x513.jpg 768w, https:\/\/mathriders.pl\/myslowice\/wp-content\/uploads\/sites\/43\/2025\/08\/2025-dzien-pi-06-1536x1025.jpg 1536w, https:\/\/mathriders.pl\/myslowice\/wp-content\/uploads\/sites\/43\/2025\/08\/2025-dzien-pi-06-2048x1367.jpg 2048w\" sizes=\"auto, (max-width: 1024px) 100vw, 1024px\" \/><\/div><\/div><\/figure><\/div><\/div><\/li><\/ul><\/div><\/div><\/div><\/div>\n\n\n<h2 class=\"wp-block-heading\"><strong>\u015awi\u0119to Liczby Pi \u2013 nie tylko raz w roku<\/strong><\/h2>\n\n\n\n<p>Cho\u0107 14 marca jest wyj\u0105tkow\u0105 dat\u0105, w MathRiders Mys\u0142owice <strong>matematyka dla dzieci<\/strong> jest \u015bwi\u0119tem przez ca\u0142y rok. Organizujemy warsztaty tematyczne, konkursy, projekty grupowe i wydarzenia specjalne, kt\u00f3re pokazuj\u0105, \u017ce liczby i wzory mog\u0105 by\u0107 fascynuj\u0105ce.<\/p>\n\n\n<style>.kb-gallery-id-586_f0f802-bb .kadence-blocks-gallery-item .kb-gal-image-radius, .kb-gallery-id-586_f0f802-bb .kb-slide-item .kb-gal-image-radius img{border-radius:0px 0px 0px 0px;;}.kb-gallery-wrap-id-586_f0f802-bb.wp-block-kadence-advancedgallery{overflow:visible;}.kb-gallery-wrap-id-586_f0f802-bb.wp-block-kadence-advancedgallery .kt-blocks-carousel{overflow:visible;}<\/style><div class=\"kb-gallery-wrap-id-586_f0f802-bb alignnone wp-block-kadence-advancedgallery\"><div class=\"kb-gallery-ul kb-gallery-non-static kb-gallery-type-slider kb-gallery-id-586_f0f802-bb kb-gallery-caption-style-bottom-hover kb-gallery-filter-none\" data-image-filter=\"none\" data-lightbox-caption=\"true\"><div class=\"kt-blocks-carousel splide kt-carousel-container-dotstyle-dark kt-carousel-arrowstyle-none kt-carousel-dotstyle-dark kb-slider-group-arrow kb-slider-arrow-position-center\" data-slider-anim-speed=\"400\" data-slider-scroll=\"1\" data-slider-arrows=\"false\" data-slider-fade=\"true\" data-slider-dots=\"true\" data-slider-type=\"slider\" data-slider-hover-pause=\"false\" data-slider-auto=\"\" data-slider-speed=\"7000\" data-show-pause-button=\"false\"><div class=\"splide__track\"><ul class=\"kt-blocks-carousel-init kb-blocks-slider splide__list\"><li class=\"kb-slide-item kb-gallery-slide-item splide__slide\"><div class=\"kadence-blocks-gallery-item\"><div class=\"kadence-blocks-gallery-item-inner\"><figure class=\"kb-gallery-figure kadence-blocks-gallery-item-hide-caption\"><div class=\"kb-gal-image-radius\"><div class=\"kb-gallery-image-contain kadence-blocks-gallery-intrinsic kb-gallery-image-ratio-land32 kb-has-image-ratio-land32\" ><img loading=\"lazy\" decoding=\"async\" src=\"https:\/\/mathriders.pl\/myslowice\/wp-content\/uploads\/sites\/43\/2025\/08\/2025-dzien-pi-20-1024x684.jpg\" width=\"1024\" height=\"684\" alt=\"\" data-full-image=\"https:\/\/mathriders.pl\/myslowice\/wp-content\/uploads\/sites\/43\/2025\/08\/2025-dzien-pi-20-scaled.jpg\" data-light-image=\"https:\/\/mathriders.pl\/myslowice\/wp-content\/uploads\/sites\/43\/2025\/08\/2025-dzien-pi-20-scaled.jpg\" data-id=\"579\" class=\"wp-image-579 skip-lazy\" srcset=\"https:\/\/mathriders.pl\/myslowice\/wp-content\/uploads\/sites\/43\/2025\/08\/2025-dzien-pi-20-1024x684.jpg 1024w, https:\/\/mathriders.pl\/myslowice\/wp-content\/uploads\/sites\/43\/2025\/08\/2025-dzien-pi-20-300x200.jpg 300w, https:\/\/mathriders.pl\/myslowice\/wp-content\/uploads\/sites\/43\/2025\/08\/2025-dzien-pi-20-768x513.jpg 768w, https:\/\/mathriders.pl\/myslowice\/wp-content\/uploads\/sites\/43\/2025\/08\/2025-dzien-pi-20-1536x1025.jpg 1536w, https:\/\/mathriders.pl\/myslowice\/wp-content\/uploads\/sites\/43\/2025\/08\/2025-dzien-pi-20-2048x1367.jpg 2048w\" sizes=\"auto, (max-width: 1024px) 100vw, 1024px\" \/><\/div><\/div><\/figure><\/div><\/div><\/li><\/ul><\/div><\/div><\/div><\/div>\n\n\n<h3 class=\"wp-block-heading\"><strong>Zapisz swoje dziecko na kurs matematyki w Mys\u0142owicach<\/strong><\/h3>\n\n\n\n<p>Je\u015bli chcesz, aby Twoje dziecko polubi\u0142o matematyk\u0119, zrozumia\u0142o j\u0105 i zacz\u0119\u0142o widzie\u0107 w niej co\u015b wi\u0119cej ni\u017c szkolny obowi\u0105zek \u2013 zapraszamy do MathRiders Mys\u0142owice.<\/p>\n","protected":false},"excerpt":{"rendered":"<p>Czy matematyka mo\u017ce by\u0107 \u015bwi\u0119tem? Oczywi\u015bcie, \u017ce tak! \ud83c\udf89 W MathRiders Mys\u0142owice ka\u017cdego roku obchodzimy \u015awi\u0119to Liczby Pi, kt\u00f3re zamienia nauk\u0119 w wyj\u0105tkow\u0105, pe\u0142n\u0105 rado\u015bci i kreatywno\u015bci przygod\u0119. To doskona\u0142y przyk\u0142ad, \u017ce matematyka dla dzieci mo\u017ce by\u0107 ciekawa, inspiruj\u0105ca i dost\u0119pna dla ka\u017cdego \u2013 wystarczy odpowiednie podej\u015bcie. Dlaczego w MathRiders Mys\u0142owice obchodzimy \u015awi\u0119to Liczby Pi?&#8230;<\/p>\n","protected":false},"author":46,"featured_media":587,"comment_status":"open","ping_status":"closed","sticky":false,"template":"","format":"standard","meta":{"_acf_changed":false,"_kad_blocks_custom_css":"","_kad_blocks_head_custom_js":"","_kad_blocks_body_custom_js":"","_kad_blocks_footer_custom_js":"","_kad_post_transparent":"","_kad_post_title":"","_kad_post_layout":"","_kad_post_sidebar_id":"","_kad_post_content_style":"","_kad_post_vertical_padding":"","_kad_post_feature":"","_kad_post_feature_position":"","_kad_post_header":false,"_kad_post_footer":false,"_kad_post_classname":"","footnotes":""},"categories":[1],"tags":[],"class_list":["post-586","post","type-post","status-publish","format-standard","has-post-thumbnail","hentry","category-aktualnosci"],"acf":[],"yoast_head":"<!-- This site is optimized with the Yoast SEO plugin v27.0 - https:\/\/yoast.com\/product\/yoast-seo-wordpress\/ -->\n<title>\u015awi\u0119to Liczby Pi w MathRiders Mys\u0142owice \u2013 kreatywna matematyka dla dzieci - Mys\u0142owice<\/title>\n<meta name=\"robots\" content=\"index, follow, max-snippet:-1, max-image-preview:large, max-video-preview:-1\" \/>\n<link rel=\"canonical\" href=\"https:\/\/mathriders.pl\/myslowice\/aktualnosci\/swieto-liczby-pi-w-mathriders-myslowice-kreatywna-matematyka-dla-dzieci\/\" \/>\n<meta property=\"og:locale\" content=\"pl_PL\" \/>\n<meta property=\"og:type\" content=\"article\" \/>\n<meta property=\"og:title\" content=\"\u015awi\u0119to Liczby Pi w MathRiders Mys\u0142owice \u2013 kreatywna matematyka dla dzieci - Mys\u0142owice\" \/>\n<meta property=\"og:description\" content=\"Czy matematyka mo\u017ce by\u0107 \u015bwi\u0119tem? Oczywi\u015bcie, \u017ce tak! \ud83c\udf89 W MathRiders Mys\u0142owice ka\u017cdego roku obchodzimy \u015awi\u0119to Liczby Pi, kt\u00f3re zamienia nauk\u0119 w wyj\u0105tkow\u0105, pe\u0142n\u0105 rado\u015bci i kreatywno\u015bci przygod\u0119. To doskona\u0142y przyk\u0142ad, \u017ce matematyka dla dzieci mo\u017ce by\u0107 ciekawa, inspiruj\u0105ca i dost\u0119pna dla ka\u017cdego \u2013 wystarczy odpowiednie podej\u015bcie. Dlaczego w MathRiders Mys\u0142owice obchodzimy \u015awi\u0119to Liczby Pi?...\" \/>\n<meta property=\"og:url\" content=\"https:\/\/mathriders.pl\/myslowice\/aktualnosci\/swieto-liczby-pi-w-mathriders-myslowice-kreatywna-matematyka-dla-dzieci\/\" \/>\n<meta property=\"og:site_name\" content=\"Mys\u0142owice\" \/>\n<meta property=\"article:published_time\" content=\"2025-03-15T19:08:55+00:00\" \/>\n<meta property=\"article:modified_time\" content=\"2025-08-09T18:13:00+00:00\" \/>\n<meta property=\"og:image\" content=\"https:\/\/mathriders.pl\/myslowice\/wp-content\/uploads\/sites\/43\/2025\/08\/wzor-3-1024x576.png\" \/>\n\t<meta property=\"og:image:width\" content=\"1024\" \/>\n\t<meta property=\"og:image:height\" content=\"576\" \/>\n\t<meta property=\"og:image:type\" content=\"image\/png\" \/>\n<meta name=\"author\" content=\"myslowicesekretariat\" \/>\n<meta name=\"twitter:card\" content=\"summary_large_image\" \/>\n<meta name=\"twitter:label1\" content=\"Napisane przez\" \/>\n\t<meta name=\"twitter:data1\" content=\"myslowicesekretariat\" \/>\n\t<meta name=\"twitter:label2\" content=\"Szacowany czas czytania\" \/>\n\t<meta name=\"twitter:data2\" content=\"3 minuty\" \/>\n<script type=\"application\/ld+json\" class=\"yoast-schema-graph\">{\"@context\":\"https:\/\/schema.org\",\"@graph\":[{\"@type\":\"Article\",\"@id\":\"https:\/\/mathriders.pl\/myslowice\/aktualnosci\/swieto-liczby-pi-w-mathriders-myslowice-kreatywna-matematyka-dla-dzieci\/#article\",\"isPartOf\":{\"@id\":\"https:\/\/mathriders.pl\/myslowice\/aktualnosci\/swieto-liczby-pi-w-mathriders-myslowice-kreatywna-matematyka-dla-dzieci\/\"},\"author\":{\"name\":\"myslowicesekretariat\",\"@id\":\"https:\/\/mathriders.pl\/myslowice\/#\/schema\/person\/82c56ee1abadaf1380b92e84c9cbff3b\"},\"headline\":\"\u015awi\u0119to Liczby Pi w MathRiders Mys\u0142owice \u2013 kreatywna matematyka dla dzieci\",\"datePublished\":\"2025-03-15T19:08:55+00:00\",\"dateModified\":\"2025-08-09T18:13:00+00:00\",\"mainEntityOfPage\":{\"@id\":\"https:\/\/mathriders.pl\/myslowice\/aktualnosci\/swieto-liczby-pi-w-mathriders-myslowice-kreatywna-matematyka-dla-dzieci\/\"},\"wordCount\":388,\"commentCount\":0,\"publisher\":{\"@id\":\"https:\/\/mathriders.pl\/myslowice\/#organization\"},\"image\":{\"@id\":\"https:\/\/mathriders.pl\/myslowice\/aktualnosci\/swieto-liczby-pi-w-mathriders-myslowice-kreatywna-matematyka-dla-dzieci\/#primaryimage\"},\"thumbnailUrl\":\"https:\/\/mathriders.pl\/myslowice\/wp-content\/uploads\/sites\/43\/2025\/08\/wzor-3.png\",\"articleSection\":[\"Aktualno\u015bci\"],\"inLanguage\":\"pl-PL\",\"potentialAction\":[{\"@type\":\"CommentAction\",\"name\":\"Comment\",\"target\":[\"https:\/\/mathriders.pl\/myslowice\/aktualnosci\/swieto-liczby-pi-w-mathriders-myslowice-kreatywna-matematyka-dla-dzieci\/#respond\"]}]},{\"@type\":\"WebPage\",\"@id\":\"https:\/\/mathriders.pl\/myslowice\/aktualnosci\/swieto-liczby-pi-w-mathriders-myslowice-kreatywna-matematyka-dla-dzieci\/\",\"url\":\"https:\/\/mathriders.pl\/myslowice\/aktualnosci\/swieto-liczby-pi-w-mathriders-myslowice-kreatywna-matematyka-dla-dzieci\/\",\"name\":\"\u015awi\u0119to Liczby Pi w MathRiders Mys\u0142owice \u2013 kreatywna matematyka dla dzieci - Mys\u0142owice\",\"isPartOf\":{\"@id\":\"https:\/\/mathriders.pl\/myslowice\/#website\"},\"primaryImageOfPage\":{\"@id\":\"https:\/\/mathriders.pl\/myslowice\/aktualnosci\/swieto-liczby-pi-w-mathriders-myslowice-kreatywna-matematyka-dla-dzieci\/#primaryimage\"},\"image\":{\"@id\":\"https:\/\/mathriders.pl\/myslowice\/aktualnosci\/swieto-liczby-pi-w-mathriders-myslowice-kreatywna-matematyka-dla-dzieci\/#primaryimage\"},\"thumbnailUrl\":\"https:\/\/mathriders.pl\/myslowice\/wp-content\/uploads\/sites\/43\/2025\/08\/wzor-3.png\",\"datePublished\":\"2025-03-15T19:08:55+00:00\",\"dateModified\":\"2025-08-09T18:13:00+00:00\",\"breadcrumb\":{\"@id\":\"https:\/\/mathriders.pl\/myslowice\/aktualnosci\/swieto-liczby-pi-w-mathriders-myslowice-kreatywna-matematyka-dla-dzieci\/#breadcrumb\"},\"inLanguage\":\"pl-PL\",\"potentialAction\":[{\"@type\":\"ReadAction\",\"target\":[\"https:\/\/mathriders.pl\/myslowice\/aktualnosci\/swieto-liczby-pi-w-mathriders-myslowice-kreatywna-matematyka-dla-dzieci\/\"]}]},{\"@type\":\"ImageObject\",\"inLanguage\":\"pl-PL\",\"@id\":\"https:\/\/mathriders.pl\/myslowice\/aktualnosci\/swieto-liczby-pi-w-mathriders-myslowice-kreatywna-matematyka-dla-dzieci\/#primaryimage\",\"url\":\"https:\/\/mathriders.pl\/myslowice\/wp-content\/uploads\/sites\/43\/2025\/08\/wzor-3.png\",\"contentUrl\":\"https:\/\/mathriders.pl\/myslowice\/wp-content\/uploads\/sites\/43\/2025\/08\/wzor-3.png\",\"width\":1920,\"height\":1080},{\"@type\":\"BreadcrumbList\",\"@id\":\"https:\/\/mathriders.pl\/myslowice\/aktualnosci\/swieto-liczby-pi-w-mathriders-myslowice-kreatywna-matematyka-dla-dzieci\/#breadcrumb\",\"itemListElement\":[{\"@type\":\"ListItem\",\"position\":1,\"name\":\"Strona g\u0142\u00f3wna\",\"item\":\"https:\/\/mathriders.pl\/myslowice\/\"},{\"@type\":\"ListItem\",\"position\":2,\"name\":\"\u015awi\u0119to Liczby Pi w MathRiders Mys\u0142owice \u2013 kreatywna matematyka dla dzieci\"}]},{\"@type\":\"WebSite\",\"@id\":\"https:\/\/mathriders.pl\/myslowice\/#website\",\"url\":\"https:\/\/mathriders.pl\/myslowice\/\",\"name\":\"Mys\u0142owice\",\"description\":\"\",\"publisher\":{\"@id\":\"https:\/\/mathriders.pl\/myslowice\/#organization\"},\"potentialAction\":[{\"@type\":\"SearchAction\",\"target\":{\"@type\":\"EntryPoint\",\"urlTemplate\":\"https:\/\/mathriders.pl\/myslowice\/?s={search_term_string}\"},\"query-input\":{\"@type\":\"PropertyValueSpecification\",\"valueRequired\":true,\"valueName\":\"search_term_string\"}}],\"inLanguage\":\"pl-PL\"},{\"@type\":\"Organization\",\"@id\":\"https:\/\/mathriders.pl\/myslowice\/#organization\",\"name\":\"Mys\u0142owice\",\"url\":\"https:\/\/mathriders.pl\/myslowice\/\",\"logo\":{\"@type\":\"ImageObject\",\"inLanguage\":\"pl-PL\",\"@id\":\"https:\/\/mathriders.pl\/myslowice\/#\/schema\/logo\/image\/\",\"url\":\"https:\/\/mathriders.pl\/myslowice\/wp-content\/uploads\/sites\/43\/2023\/11\/logo.webp\",\"contentUrl\":\"https:\/\/mathriders.pl\/myslowice\/wp-content\/uploads\/sites\/43\/2023\/11\/logo.webp\",\"width\":157,\"height\":82,\"caption\":\"Mys\u0142owice\"},\"image\":{\"@id\":\"https:\/\/mathriders.pl\/myslowice\/#\/schema\/logo\/image\/\"}},{\"@type\":\"Person\",\"@id\":\"https:\/\/mathriders.pl\/myslowice\/#\/schema\/person\/82c56ee1abadaf1380b92e84c9cbff3b\",\"name\":\"myslowicesekretariat\",\"image\":{\"@type\":\"ImageObject\",\"inLanguage\":\"pl-PL\",\"@id\":\"https:\/\/mathriders.pl\/myslowice\/#\/schema\/person\/image\/\",\"url\":\"https:\/\/secure.gravatar.com\/avatar\/431ecfe5a05c7304b773410e285f6f5f0ed945b0e4448ae2f42f22a86f8c86d3?s=96&d=mm&r=g\",\"contentUrl\":\"https:\/\/secure.gravatar.com\/avatar\/431ecfe5a05c7304b773410e285f6f5f0ed945b0e4448ae2f42f22a86f8c86d3?s=96&d=mm&r=g\",\"caption\":\"myslowicesekretariat\"},\"url\":\"https:\/\/mathriders.pl\/myslowice\/aktualnosci\/author\/myslowicesekretariat\/\"}]}<\/script>\n<!-- \/ Yoast SEO plugin. -->","yoast_head_json":{"title":"\u015awi\u0119to Liczby Pi w MathRiders Mys\u0142owice \u2013 kreatywna matematyka dla dzieci - Mys\u0142owice","robots":{"index":"index","follow":"follow","max-snippet":"max-snippet:-1","max-image-preview":"max-image-preview:large","max-video-preview":"max-video-preview:-1"},"canonical":"https:\/\/mathriders.pl\/myslowice\/aktualnosci\/swieto-liczby-pi-w-mathriders-myslowice-kreatywna-matematyka-dla-dzieci\/","og_locale":"pl_PL","og_type":"article","og_title":"\u015awi\u0119to Liczby Pi w MathRiders Mys\u0142owice \u2013 kreatywna matematyka dla dzieci - Mys\u0142owice","og_description":"Czy matematyka mo\u017ce by\u0107 \u015bwi\u0119tem? Oczywi\u015bcie, \u017ce tak! \ud83c\udf89 W MathRiders Mys\u0142owice ka\u017cdego roku obchodzimy \u015awi\u0119to Liczby Pi, kt\u00f3re zamienia nauk\u0119 w wyj\u0105tkow\u0105, pe\u0142n\u0105 rado\u015bci i kreatywno\u015bci przygod\u0119. To doskona\u0142y przyk\u0142ad, \u017ce matematyka dla dzieci mo\u017ce by\u0107 ciekawa, inspiruj\u0105ca i dost\u0119pna dla ka\u017cdego \u2013 wystarczy odpowiednie podej\u015bcie. Dlaczego w MathRiders Mys\u0142owice obchodzimy \u015awi\u0119to Liczby Pi?...","og_url":"https:\/\/mathriders.pl\/myslowice\/aktualnosci\/swieto-liczby-pi-w-mathriders-myslowice-kreatywna-matematyka-dla-dzieci\/","og_site_name":"Mys\u0142owice","article_published_time":"2025-03-15T19:08:55+00:00","article_modified_time":"2025-08-09T18:13:00+00:00","og_image":[{"width":1024,"height":576,"url":"https:\/\/mathriders.pl\/myslowice\/wp-content\/uploads\/sites\/43\/2025\/08\/wzor-3-1024x576.png","type":"image\/png"}],"author":"myslowicesekretariat","twitter_card":"summary_large_image","twitter_misc":{"Napisane przez":"myslowicesekretariat","Szacowany czas czytania":"3 minuty"},"schema":{"@context":"https:\/\/schema.org","@graph":[{"@type":"Article","@id":"https:\/\/mathriders.pl\/myslowice\/aktualnosci\/swieto-liczby-pi-w-mathriders-myslowice-kreatywna-matematyka-dla-dzieci\/#article","isPartOf":{"@id":"https:\/\/mathriders.pl\/myslowice\/aktualnosci\/swieto-liczby-pi-w-mathriders-myslowice-kreatywna-matematyka-dla-dzieci\/"},"author":{"name":"myslowicesekretariat","@id":"https:\/\/mathriders.pl\/myslowice\/#\/schema\/person\/82c56ee1abadaf1380b92e84c9cbff3b"},"headline":"\u015awi\u0119to Liczby Pi w MathRiders Mys\u0142owice \u2013 kreatywna matematyka dla dzieci","datePublished":"2025-03-15T19:08:55+00:00","dateModified":"2025-08-09T18:13:00+00:00","mainEntityOfPage":{"@id":"https:\/\/mathriders.pl\/myslowice\/aktualnosci\/swieto-liczby-pi-w-mathriders-myslowice-kreatywna-matematyka-dla-dzieci\/"},"wordCount":388,"commentCount":0,"publisher":{"@id":"https:\/\/mathriders.pl\/myslowice\/#organization"},"image":{"@id":"https:\/\/mathriders.pl\/myslowice\/aktualnosci\/swieto-liczby-pi-w-mathriders-myslowice-kreatywna-matematyka-dla-dzieci\/#primaryimage"},"thumbnailUrl":"https:\/\/mathriders.pl\/myslowice\/wp-content\/uploads\/sites\/43\/2025\/08\/wzor-3.png","articleSection":["Aktualno\u015bci"],"inLanguage":"pl-PL","potentialAction":[{"@type":"CommentAction","name":"Comment","target":["https:\/\/mathriders.pl\/myslowice\/aktualnosci\/swieto-liczby-pi-w-mathriders-myslowice-kreatywna-matematyka-dla-dzieci\/#respond"]}]},{"@type":"WebPage","@id":"https:\/\/mathriders.pl\/myslowice\/aktualnosci\/swieto-liczby-pi-w-mathriders-myslowice-kreatywna-matematyka-dla-dzieci\/","url":"https:\/\/mathriders.pl\/myslowice\/aktualnosci\/swieto-liczby-pi-w-mathriders-myslowice-kreatywna-matematyka-dla-dzieci\/","name":"\u015awi\u0119to Liczby Pi w MathRiders Mys\u0142owice \u2013 kreatywna matematyka dla dzieci - Mys\u0142owice","isPartOf":{"@id":"https:\/\/mathriders.pl\/myslowice\/#website"},"primaryImageOfPage":{"@id":"https:\/\/mathriders.pl\/myslowice\/aktualnosci\/swieto-liczby-pi-w-mathriders-myslowice-kreatywna-matematyka-dla-dzieci\/#primaryimage"},"image":{"@id":"https:\/\/mathriders.pl\/myslowice\/aktualnosci\/swieto-liczby-pi-w-mathriders-myslowice-kreatywna-matematyka-dla-dzieci\/#primaryimage"},"thumbnailUrl":"https:\/\/mathriders.pl\/myslowice\/wp-content\/uploads\/sites\/43\/2025\/08\/wzor-3.png","datePublished":"2025-03-15T19:08:55+00:00","dateModified":"2025-08-09T18:13:00+00:00","breadcrumb":{"@id":"https:\/\/mathriders.pl\/myslowice\/aktualnosci\/swieto-liczby-pi-w-mathriders-myslowice-kreatywna-matematyka-dla-dzieci\/#breadcrumb"},"inLanguage":"pl-PL","potentialAction":[{"@type":"ReadAction","target":["https:\/\/mathriders.pl\/myslowice\/aktualnosci\/swieto-liczby-pi-w-mathriders-myslowice-kreatywna-matematyka-dla-dzieci\/"]}]},{"@type":"ImageObject","inLanguage":"pl-PL","@id":"https:\/\/mathriders.pl\/myslowice\/aktualnosci\/swieto-liczby-pi-w-mathriders-myslowice-kreatywna-matematyka-dla-dzieci\/#primaryimage","url":"https:\/\/mathriders.pl\/myslowice\/wp-content\/uploads\/sites\/43\/2025\/08\/wzor-3.png","contentUrl":"https:\/\/mathriders.pl\/myslowice\/wp-content\/uploads\/sites\/43\/2025\/08\/wzor-3.png","width":1920,"height":1080},{"@type":"BreadcrumbList","@id":"https:\/\/mathriders.pl\/myslowice\/aktualnosci\/swieto-liczby-pi-w-mathriders-myslowice-kreatywna-matematyka-dla-dzieci\/#breadcrumb","itemListElement":[{"@type":"ListItem","position":1,"name":"Strona g\u0142\u00f3wna","item":"https:\/\/mathriders.pl\/myslowice\/"},{"@type":"ListItem","position":2,"name":"\u015awi\u0119to Liczby Pi w MathRiders Mys\u0142owice \u2013 kreatywna matematyka dla dzieci"}]},{"@type":"WebSite","@id":"https:\/\/mathriders.pl\/myslowice\/#website","url":"https:\/\/mathriders.pl\/myslowice\/","name":"Mys\u0142owice","description":"","publisher":{"@id":"https:\/\/mathriders.pl\/myslowice\/#organization"},"potentialAction":[{"@type":"SearchAction","target":{"@type":"EntryPoint","urlTemplate":"https:\/\/mathriders.pl\/myslowice\/?s={search_term_string}"},"query-input":{"@type":"PropertyValueSpecification","valueRequired":true,"valueName":"search_term_string"}}],"inLanguage":"pl-PL"},{"@type":"Organization","@id":"https:\/\/mathriders.pl\/myslowice\/#organization","name":"Mys\u0142owice","url":"https:\/\/mathriders.pl\/myslowice\/","logo":{"@type":"ImageObject","inLanguage":"pl-PL","@id":"https:\/\/mathriders.pl\/myslowice\/#\/schema\/logo\/image\/","url":"https:\/\/mathriders.pl\/myslowice\/wp-content\/uploads\/sites\/43\/2023\/11\/logo.webp","contentUrl":"https:\/\/mathriders.pl\/myslowice\/wp-content\/uploads\/sites\/43\/2023\/11\/logo.webp","width":157,"height":82,"caption":"Mys\u0142owice"},"image":{"@id":"https:\/\/mathriders.pl\/myslowice\/#\/schema\/logo\/image\/"}},{"@type":"Person","@id":"https:\/\/mathriders.pl\/myslowice\/#\/schema\/person\/82c56ee1abadaf1380b92e84c9cbff3b","name":"myslowicesekretariat","image":{"@type":"ImageObject","inLanguage":"pl-PL","@id":"https:\/\/mathriders.pl\/myslowice\/#\/schema\/person\/image\/","url":"https:\/\/secure.gravatar.com\/avatar\/431ecfe5a05c7304b773410e285f6f5f0ed945b0e4448ae2f42f22a86f8c86d3?s=96&d=mm&r=g","contentUrl":"https:\/\/secure.gravatar.com\/avatar\/431ecfe5a05c7304b773410e285f6f5f0ed945b0e4448ae2f42f22a86f8c86d3?s=96&d=mm&r=g","caption":"myslowicesekretariat"},"url":"https:\/\/mathriders.pl\/myslowice\/aktualnosci\/author\/myslowicesekretariat\/"}]}},"taxonomy_info":{"category":[{"value":1,"label":"Aktualno\u015bci"}]},"featured_image_src_large":["https:\/\/mathriders.pl\/myslowice\/wp-content\/uploads\/sites\/43\/2025\/08\/wzor-3-1024x576.png",1024,576,true],"author_info":{"display_name":"myslowicesekretariat","author_link":"https:\/\/mathriders.pl\/myslowice\/aktualnosci\/author\/myslowicesekretariat\/"},"comment_info":0,"category_info":[{"term_id":1,"name":"Aktualno\u015bci","slug":"aktualnosci","term_group":0,"term_taxonomy_id":1,"taxonomy":"category","description":"","parent":0,"count":13,"filter":"raw","cat_ID":1,"category_count":13,"category_description":"","cat_name":"Aktualno\u015bci","category_nicename":"aktualnosci","category_parent":0}],"tag_info":false,"_links":{"self":[{"href":"https:\/\/mathriders.pl\/myslowice\/wp-json\/wp\/v2\/posts\/586","targetHints":{"allow":["GET"]}}],"collection":[{"href":"https:\/\/mathriders.pl\/myslowice\/wp-json\/wp\/v2\/posts"}],"about":[{"href":"https:\/\/mathriders.pl\/myslowice\/wp-json\/wp\/v2\/types\/post"}],"author":[{"embeddable":true,"href":"https:\/\/mathriders.pl\/myslowice\/wp-json\/wp\/v2\/users\/46"}],"replies":[{"embeddable":true,"href":"https:\/\/mathriders.pl\/myslowice\/wp-json\/wp\/v2\/comments?post=586"}],"version-history":[{"count":1,"href":"https:\/\/mathriders.pl\/myslowice\/wp-json\/wp\/v2\/posts\/586\/revisions"}],"predecessor-version":[{"id":588,"href":"https:\/\/mathriders.pl\/myslowice\/wp-json\/wp\/v2\/posts\/586\/revisions\/588"}],"wp:featuredmedia":[{"embeddable":true,"href":"https:\/\/mathriders.pl\/myslowice\/wp-json\/wp\/v2\/media\/587"}],"wp:attachment":[{"href":"https:\/\/mathriders.pl\/myslowice\/wp-json\/wp\/v2\/media?parent=586"}],"wp:term":[{"taxonomy":"category","embeddable":true,"href":"https:\/\/mathriders.pl\/myslowice\/wp-json\/wp\/v2\/categories?post=586"},{"taxonomy":"post_tag","embeddable":true,"href":"https:\/\/mathriders.pl\/myslowice\/wp-json\/wp\/v2\/tags?post=586"}],"curies":[{"name":"wp","href":"https:\/\/api.w.org\/{rel}","templated":true}]}}