{"id":813,"date":"2024-03-21T12:38:59","date_gmt":"2024-03-21T11:38:59","guid":{"rendered":"https:\/\/mathriders.pl\/lodz-widzew\/?p=813"},"modified":"2024-09-03T13:59:51","modified_gmt":"2024-09-03T11:59:51","slug":"warsztat-z-bryl-i-figur-dla-klas-i-iii","status":"publish","type":"post","link":"https:\/\/mathriders.pl\/lodz-widzew\/aktualnosci\/warsztat-z-bryl-i-figur-dla-klas-i-iii\/","title":{"rendered":"Warsztat z BRY\u0141 I FIGUR dla klas I-III"},"content":{"rendered":"\n<p>Wiosna powoli budzi si\u0119 do \u017cycia, tak wi\u0119c i my przychodzimy do Was z kolejnymi warsztatami &#8211; tym razem warsztatem z bry\u0142 i figur dla klas I &#8211; III <img loading=\"lazy\" decoding=\"async\" height=\"16\" width=\"16\" alt=\"\ud83d\ude01\" src=\"https:\/\/static.xx.fbcdn.net\/images\/emoji.php\/v9\/t4f\/1\/16\/1f601.png\"><\/p>\n\n\n\n<p class=\"has-text-align-center\"><strong><em>Czemu w\u0142a\u015bnie bry\u0142y i figury?<\/em><\/strong><\/p>\n\n\n\n<p>Ot\u00f3\u017c sprawdzaj\u0105c Wasze prace konkursowe z I etapu Og\u00f3lnopolskiego Konkursu Puchacz Piotr zorientowali\u015bmy si\u0119, \u017ce bardzo du\u017ca cz\u0119\u015b\u0107 z Was boryka si\u0119 z niema\u0142ymi trudno\u015bciami dotycz\u0105cymi w\u0142a\u015bnie nich. Ilo\u015b\u0107 kraw\u0119dzi, wierzcho\u0142k\u00f3w, \u015bcian i wiele innych wiadomo\u015bci, kt\u00f3re ich dotycz\u0105&#8230;Wierzymy, \u017ce <a><\/a>naprawd\u0119 mo\u017ce by\u0107 przyt\u0142aczaj\u0105ca, dlatego przychodzimy Wam z pomoc\u0105! <img loading=\"lazy\" decoding=\"async\" height=\"16\" width=\"16\" alt=\"\u263a\ufe0f\" src=\"https:\/\/static.xx.fbcdn.net\/images\/emoji.php\/v9\/tfb\/1\/16\/263a.png\"><\/p>\n\n\n\n<p><em><img loading=\"lazy\" decoding=\"async\" height=\"16\" width=\"16\" src=\"https:\/\/static.xx.fbcdn.net\/images\/emoji.php\/v9\/t50\/1\/16\/2757.png\" alt=\"\u2757\ufe0f\">Ju\u017c 5 kwietnia 2024 roku o godzinie 17:45 zapraszamy na godzinne warsztaty, kt\u00f3re w mig rozwiej\u0105 wszelkie w\u0105tpliwo\u015bci<img loading=\"lazy\" decoding=\"async\" height=\"16\" width=\"16\" src=\"https:\/\/static.xx.fbcdn.net\/images\/emoji.php\/v9\/t50\/1\/16\/2757.png\" alt=\"\u2757\ufe0f\"><\/em><\/p>\n\n\n\n<p>Jest to doskona\u0142e uzupe\u0142nienie nadchodz\u0105cych warsztat\u00f3w do II etapu Konkursu Puchacza Piotra, ale nie tylko. <img loading=\"lazy\" decoding=\"async\" height=\"16\" width=\"16\" alt=\"\ud83d\ude04\" src=\"https:\/\/static.xx.fbcdn.net\/images\/emoji.php\/v9\/td2\/1\/16\/1f604.png\"><\/p>\n\n\n\n<p>Zapraszamy na warsztaty wszystkich, kt\u00f3rzy nie czuj\u0105, \u017ce ich mocn\u0105 stron\u0105 s\u0105 w\u0142a\u015bnie figury i bry\u0142y, ale r\u00f3wnie\u017c i tych, kt\u00f3rzy chc\u0105 zapobiec przysz\u0142ym problematycznym zagadnieniom zwi\u0105zanymi z powy\u017cszym tematem. Jak wiadomo &#8211; lepiej zapobiega\u0107 ni\u017c naprawia\u0107 <img loading=\"lazy\" decoding=\"async\" height=\"16\" width=\"16\" alt=\"\ud83d\ude0f\" src=\"https:\/\/static.xx.fbcdn.net\/images\/emoji.php\/v9\/t4\/1\/16\/1f60f.png\"><\/p>\n\n\n\n<p>Cena? Jedyne 50 z\u0142 za u\u017cyteczn\u0105 i szerok\u0105 wiedz\u0119 po\u0142\u0105czon\u0105 z praktycznymi umiej\u0119tno\u015bciami! <img loading=\"lazy\" decoding=\"async\" height=\"16\" width=\"16\" alt=\"\ud83e\udd70\" src=\"https:\/\/static.xx.fbcdn.net\/images\/emoji.php\/v9\/tea\/1\/16\/1f970.png\"><\/p>\n\n\n\n<p>Zapisy pod numerem telefonu:<\/p>\n\n\n\n<p>692-465-711<\/p>\n\n\n\n<figure class=\"wp-block-image size-large\"><img loading=\"lazy\" decoding=\"async\" width=\"724\" height=\"1024\" src=\"https:\/\/mathriders.pl\/lodz-widzew\/wp-content\/uploads\/sites\/10\/2024\/03\/warsztat-724x1024.png\" alt=\"Warsztat z BRY\u0141 I FIGUR dla klas I-III\" class=\"wp-image-814\" srcset=\"https:\/\/mathriders.pl\/lodz-widzew\/wp-content\/uploads\/sites\/10\/2024\/03\/warsztat-724x1024.png 724w, https:\/\/mathriders.pl\/lodz-widzew\/wp-content\/uploads\/sites\/10\/2024\/03\/warsztat-212x300.png 212w, https:\/\/mathriders.pl\/lodz-widzew\/wp-content\/uploads\/sites\/10\/2024\/03\/warsztat-768x1086.png 768w, https:\/\/mathriders.pl\/lodz-widzew\/wp-content\/uploads\/sites\/10\/2024\/03\/warsztat-1086x1536.png 1086w, https:\/\/mathriders.pl\/lodz-widzew\/wp-content\/uploads\/sites\/10\/2024\/03\/warsztat-1448x2048.png 1448w, https:\/\/mathriders.pl\/lodz-widzew\/wp-content\/uploads\/sites\/10\/2024\/03\/warsztat.png 1587w\" sizes=\"auto, (max-width: 724px) 100vw, 724px\" \/><\/figure>\n","protected":false},"excerpt":{"rendered":"<p>Wiosna powoli budzi si\u0119 do \u017cycia, tak wi\u0119c i my przychodzimy do Was z kolejnymi warsztatami &#8211; tym razem warsztatem z bry\u0142 i figur dla klas I &#8211; III Czemu w\u0142a\u015bnie bry\u0142y i figury? Ot\u00f3\u017c sprawdzaj\u0105c Wasze prace konkursowe z I etapu Og\u00f3lnopolskiego Konkursu Puchacz Piotr zorientowali\u015bmy si\u0119, \u017ce bardzo du\u017ca cz\u0119\u015b\u0107 z Was boryka&#8230;<\/p>\n","protected":false},"author":17,"featured_media":814,"comment_status":"open","ping_status":"closed","sticky":false,"template":"","format":"standard","meta":{"_acf_changed":false,"_kad_blocks_custom_css":"","_kad_blocks_head_custom_js":"","_kad_blocks_body_custom_js":"","_kad_blocks_footer_custom_js":"","_kad_post_transparent":"","_kad_post_title":"","_kad_post_layout":"","_kad_post_sidebar_id":"","_kad_post_content_style":"","_kad_post_vertical_padding":"","_kad_post_feature":"","_kad_post_feature_position":"","_kad_post_header":false,"_kad_post_footer":false,"_kad_post_classname":"","footnotes":""},"categories":[1,31],"tags":[],"class_list":["post-813","post","type-post","status-publish","format-standard","has-post-thumbnail","hentry","category-aktualnosci","category-warsztaty"],"acf":[],"yoast_head":"<!-- This site is optimized with the Yoast SEO plugin v27.0 - https:\/\/yoast.com\/product\/yoast-seo-wordpress\/ -->\n<title>Warsztat z BRY\u0141 I FIGUR dla klas I-III - \u0141\u00f3d\u017a Widzew<\/title>\n<meta name=\"robots\" content=\"index, follow, max-snippet:-1, max-image-preview:large, max-video-preview:-1\" \/>\n<link rel=\"canonical\" href=\"https:\/\/mathriders.pl\/lodz-widzew\/aktualnosci\/warsztat-z-bryl-i-figur-dla-klas-i-iii\/\" \/>\n<meta property=\"og:locale\" content=\"pl_PL\" \/>\n<meta property=\"og:type\" content=\"article\" \/>\n<meta property=\"og:title\" content=\"Warsztat z BRY\u0141 I FIGUR dla klas I-III - \u0141\u00f3d\u017a Widzew\" \/>\n<meta property=\"og:description\" content=\"Wiosna powoli budzi si\u0119 do \u017cycia, tak wi\u0119c i my przychodzimy do Was z kolejnymi warsztatami &#8211; tym razem warsztatem z bry\u0142 i figur dla klas I &#8211; III Czemu w\u0142a\u015bnie bry\u0142y i figury? Ot\u00f3\u017c sprawdzaj\u0105c Wasze prace konkursowe z I etapu Og\u00f3lnopolskiego Konkursu Puchacz Piotr zorientowali\u015bmy si\u0119, \u017ce bardzo du\u017ca cz\u0119\u015b\u0107 z Was boryka...\" \/>\n<meta property=\"og:url\" content=\"https:\/\/mathriders.pl\/lodz-widzew\/aktualnosci\/warsztat-z-bryl-i-figur-dla-klas-i-iii\/\" \/>\n<meta property=\"og:site_name\" content=\"\u0141\u00f3d\u017a Widzew\" \/>\n<meta property=\"article:published_time\" content=\"2024-03-21T11:38:59+00:00\" \/>\n<meta property=\"article:modified_time\" content=\"2024-09-03T11:59:51+00:00\" \/>\n<meta property=\"og:image\" content=\"https:\/\/mathriders.pl\/lodz-widzew\/wp-content\/uploads\/sites\/10\/2024\/03\/warsztat.png\" \/>\n\t<meta property=\"og:image:width\" content=\"1587\" \/>\n\t<meta property=\"og:image:height\" content=\"2245\" \/>\n\t<meta property=\"og:image:type\" content=\"image\/png\" \/>\n<meta name=\"author\" content=\"widzew\" \/>\n<meta name=\"twitter:card\" content=\"summary_large_image\" \/>\n<meta name=\"twitter:label1\" content=\"Napisane przez\" \/>\n\t<meta name=\"twitter:data1\" content=\"widzew\" \/>\n\t<meta name=\"twitter:label2\" content=\"Szacowany czas czytania\" \/>\n\t<meta name=\"twitter:data2\" content=\"3 minuty\" \/>\n<script type=\"application\/ld+json\" class=\"yoast-schema-graph\">{\"@context\":\"https:\/\/schema.org\",\"@graph\":[{\"@type\":\"Article\",\"@id\":\"https:\/\/mathriders.pl\/lodz-widzew\/aktualnosci\/warsztat-z-bryl-i-figur-dla-klas-i-iii\/#article\",\"isPartOf\":{\"@id\":\"https:\/\/mathriders.pl\/lodz-widzew\/aktualnosci\/warsztat-z-bryl-i-figur-dla-klas-i-iii\/\"},\"author\":{\"name\":\"widzew\",\"@id\":\"https:\/\/mathriders.pl\/lodz-widzew\/#\/schema\/person\/e7d0c5db3cb751071dc59b26566833f1\"},\"headline\":\"Warsztat z BRY\u0141 I FIGUR dla klas I-III\",\"datePublished\":\"2024-03-21T11:38:59+00:00\",\"dateModified\":\"2024-09-03T11:59:51+00:00\",\"mainEntityOfPage\":{\"@id\":\"https:\/\/mathriders.pl\/lodz-widzew\/aktualnosci\/warsztat-z-bryl-i-figur-dla-klas-i-iii\/\"},\"wordCount\":218,\"commentCount\":0,\"publisher\":{\"@id\":\"https:\/\/mathriders.pl\/lodz-widzew\/#organization\"},\"image\":{\"@id\":\"https:\/\/mathriders.pl\/lodz-widzew\/aktualnosci\/warsztat-z-bryl-i-figur-dla-klas-i-iii\/#primaryimage\"},\"thumbnailUrl\":\"https:\/\/mathriders.pl\/lodz-widzew\/wp-content\/uploads\/sites\/10\/2024\/03\/warsztat.png\",\"articleSection\":[\"Aktualno\u015bci\",\"Warsztaty\"],\"inLanguage\":\"pl-PL\",\"potentialAction\":[{\"@type\":\"CommentAction\",\"name\":\"Comment\",\"target\":[\"https:\/\/mathriders.pl\/lodz-widzew\/aktualnosci\/warsztat-z-bryl-i-figur-dla-klas-i-iii\/#respond\"]}]},{\"@type\":\"WebPage\",\"@id\":\"https:\/\/mathriders.pl\/lodz-widzew\/aktualnosci\/warsztat-z-bryl-i-figur-dla-klas-i-iii\/\",\"url\":\"https:\/\/mathriders.pl\/lodz-widzew\/aktualnosci\/warsztat-z-bryl-i-figur-dla-klas-i-iii\/\",\"name\":\"Warsztat z BRY\u0141 I FIGUR dla klas I-III - \u0141\u00f3d\u017a Widzew\",\"isPartOf\":{\"@id\":\"https:\/\/mathriders.pl\/lodz-widzew\/#website\"},\"primaryImageOfPage\":{\"@id\":\"https:\/\/mathriders.pl\/lodz-widzew\/aktualnosci\/warsztat-z-bryl-i-figur-dla-klas-i-iii\/#primaryimage\"},\"image\":{\"@id\":\"https:\/\/mathriders.pl\/lodz-widzew\/aktualnosci\/warsztat-z-bryl-i-figur-dla-klas-i-iii\/#primaryimage\"},\"thumbnailUrl\":\"https:\/\/mathriders.pl\/lodz-widzew\/wp-content\/uploads\/sites\/10\/2024\/03\/warsztat.png\",\"datePublished\":\"2024-03-21T11:38:59+00:00\",\"dateModified\":\"2024-09-03T11:59:51+00:00\",\"breadcrumb\":{\"@id\":\"https:\/\/mathriders.pl\/lodz-widzew\/aktualnosci\/warsztat-z-bryl-i-figur-dla-klas-i-iii\/#breadcrumb\"},\"inLanguage\":\"pl-PL\",\"potentialAction\":[{\"@type\":\"ReadAction\",\"target\":[\"https:\/\/mathriders.pl\/lodz-widzew\/aktualnosci\/warsztat-z-bryl-i-figur-dla-klas-i-iii\/\"]}]},{\"@type\":\"ImageObject\",\"inLanguage\":\"pl-PL\",\"@id\":\"https:\/\/mathriders.pl\/lodz-widzew\/aktualnosci\/warsztat-z-bryl-i-figur-dla-klas-i-iii\/#primaryimage\",\"url\":\"https:\/\/mathriders.pl\/lodz-widzew\/wp-content\/uploads\/sites\/10\/2024\/03\/warsztat.png\",\"contentUrl\":\"https:\/\/mathriders.pl\/lodz-widzew\/wp-content\/uploads\/sites\/10\/2024\/03\/warsztat.png\",\"width\":1587,\"height\":2245,\"caption\":\"Warsztat z BRY\u0141 I FIGUR dla klas I-III\"},{\"@type\":\"BreadcrumbList\",\"@id\":\"https:\/\/mathriders.pl\/lodz-widzew\/aktualnosci\/warsztat-z-bryl-i-figur-dla-klas-i-iii\/#breadcrumb\",\"itemListElement\":[{\"@type\":\"ListItem\",\"position\":1,\"name\":\"Strona g\u0142\u00f3wna\",\"item\":\"https:\/\/mathriders.pl\/lodz-widzew\/\"},{\"@type\":\"ListItem\",\"position\":2,\"name\":\"Warsztat z BRY\u0141 I FIGUR dla klas I-III\"}]},{\"@type\":\"WebSite\",\"@id\":\"https:\/\/mathriders.pl\/lodz-widzew\/#website\",\"url\":\"https:\/\/mathriders.pl\/lodz-widzew\/\",\"name\":\"\u0141\u00f3d\u017a Widzew\",\"description\":\"\",\"publisher\":{\"@id\":\"https:\/\/mathriders.pl\/lodz-widzew\/#organization\"},\"potentialAction\":[{\"@type\":\"SearchAction\",\"target\":{\"@type\":\"EntryPoint\",\"urlTemplate\":\"https:\/\/mathriders.pl\/lodz-widzew\/?s={search_term_string}\"},\"query-input\":{\"@type\":\"PropertyValueSpecification\",\"valueRequired\":true,\"valueName\":\"search_term_string\"}}],\"inLanguage\":\"pl-PL\"},{\"@type\":\"Organization\",\"@id\":\"https:\/\/mathriders.pl\/lodz-widzew\/#organization\",\"name\":\"\u0141\u00f3d\u017a Widzew\",\"url\":\"https:\/\/mathriders.pl\/lodz-widzew\/\",\"logo\":{\"@type\":\"ImageObject\",\"inLanguage\":\"pl-PL\",\"@id\":\"https:\/\/mathriders.pl\/lodz-widzew\/#\/schema\/logo\/image\/\",\"url\":\"https:\/\/mathriders.pl\/lodz-widzew\/wp-content\/uploads\/sites\/10\/2023\/11\/logo.webp\",\"contentUrl\":\"https:\/\/mathriders.pl\/lodz-widzew\/wp-content\/uploads\/sites\/10\/2023\/11\/logo.webp\",\"width\":157,\"height\":82,\"caption\":\"\u0141\u00f3d\u017a Widzew\"},\"image\":{\"@id\":\"https:\/\/mathriders.pl\/lodz-widzew\/#\/schema\/logo\/image\/\"}},{\"@type\":\"Person\",\"@id\":\"https:\/\/mathriders.pl\/lodz-widzew\/#\/schema\/person\/e7d0c5db3cb751071dc59b26566833f1\",\"name\":\"widzew\",\"image\":{\"@type\":\"ImageObject\",\"inLanguage\":\"pl-PL\",\"@id\":\"https:\/\/mathriders.pl\/lodz-widzew\/#\/schema\/person\/image\/\",\"url\":\"https:\/\/secure.gravatar.com\/avatar\/fbef4d7ff7cbed084c7819d1f1335ee1d9212cf1defabd93c0802d1df3170fb3?s=96&d=mm&r=g\",\"contentUrl\":\"https:\/\/secure.gravatar.com\/avatar\/fbef4d7ff7cbed084c7819d1f1335ee1d9212cf1defabd93c0802d1df3170fb3?s=96&d=mm&r=g\",\"caption\":\"widzew\"},\"url\":\"https:\/\/mathriders.pl\/lodz-widzew\/aktualnosci\/author\/widzew\/\"}]}<\/script>\n<!-- \/ Yoast SEO plugin. -->","yoast_head_json":{"title":"Warsztat z BRY\u0141 I FIGUR dla klas I-III - \u0141\u00f3d\u017a Widzew","robots":{"index":"index","follow":"follow","max-snippet":"max-snippet:-1","max-image-preview":"max-image-preview:large","max-video-preview":"max-video-preview:-1"},"canonical":"https:\/\/mathriders.pl\/lodz-widzew\/aktualnosci\/warsztat-z-bryl-i-figur-dla-klas-i-iii\/","og_locale":"pl_PL","og_type":"article","og_title":"Warsztat z BRY\u0141 I FIGUR dla klas I-III - \u0141\u00f3d\u017a Widzew","og_description":"Wiosna powoli budzi si\u0119 do \u017cycia, tak wi\u0119c i my przychodzimy do Was z kolejnymi warsztatami &#8211; tym razem warsztatem z bry\u0142 i figur dla klas I &#8211; III Czemu w\u0142a\u015bnie bry\u0142y i figury? Ot\u00f3\u017c sprawdzaj\u0105c Wasze prace konkursowe z I etapu Og\u00f3lnopolskiego Konkursu Puchacz Piotr zorientowali\u015bmy si\u0119, \u017ce bardzo du\u017ca cz\u0119\u015b\u0107 z Was boryka...","og_url":"https:\/\/mathriders.pl\/lodz-widzew\/aktualnosci\/warsztat-z-bryl-i-figur-dla-klas-i-iii\/","og_site_name":"\u0141\u00f3d\u017a Widzew","article_published_time":"2024-03-21T11:38:59+00:00","article_modified_time":"2024-09-03T11:59:51+00:00","og_image":[{"width":1587,"height":2245,"url":"https:\/\/mathriders.pl\/lodz-widzew\/wp-content\/uploads\/sites\/10\/2024\/03\/warsztat.png","type":"image\/png"}],"author":"widzew","twitter_card":"summary_large_image","twitter_misc":{"Napisane przez":"widzew","Szacowany czas czytania":"3 minuty"},"schema":{"@context":"https:\/\/schema.org","@graph":[{"@type":"Article","@id":"https:\/\/mathriders.pl\/lodz-widzew\/aktualnosci\/warsztat-z-bryl-i-figur-dla-klas-i-iii\/#article","isPartOf":{"@id":"https:\/\/mathriders.pl\/lodz-widzew\/aktualnosci\/warsztat-z-bryl-i-figur-dla-klas-i-iii\/"},"author":{"name":"widzew","@id":"https:\/\/mathriders.pl\/lodz-widzew\/#\/schema\/person\/e7d0c5db3cb751071dc59b26566833f1"},"headline":"Warsztat z BRY\u0141 I FIGUR dla klas I-III","datePublished":"2024-03-21T11:38:59+00:00","dateModified":"2024-09-03T11:59:51+00:00","mainEntityOfPage":{"@id":"https:\/\/mathriders.pl\/lodz-widzew\/aktualnosci\/warsztat-z-bryl-i-figur-dla-klas-i-iii\/"},"wordCount":218,"commentCount":0,"publisher":{"@id":"https:\/\/mathriders.pl\/lodz-widzew\/#organization"},"image":{"@id":"https:\/\/mathriders.pl\/lodz-widzew\/aktualnosci\/warsztat-z-bryl-i-figur-dla-klas-i-iii\/#primaryimage"},"thumbnailUrl":"https:\/\/mathriders.pl\/lodz-widzew\/wp-content\/uploads\/sites\/10\/2024\/03\/warsztat.png","articleSection":["Aktualno\u015bci","Warsztaty"],"inLanguage":"pl-PL","potentialAction":[{"@type":"CommentAction","name":"Comment","target":["https:\/\/mathriders.pl\/lodz-widzew\/aktualnosci\/warsztat-z-bryl-i-figur-dla-klas-i-iii\/#respond"]}]},{"@type":"WebPage","@id":"https:\/\/mathriders.pl\/lodz-widzew\/aktualnosci\/warsztat-z-bryl-i-figur-dla-klas-i-iii\/","url":"https:\/\/mathriders.pl\/lodz-widzew\/aktualnosci\/warsztat-z-bryl-i-figur-dla-klas-i-iii\/","name":"Warsztat z BRY\u0141 I FIGUR dla klas I-III - \u0141\u00f3d\u017a Widzew","isPartOf":{"@id":"https:\/\/mathriders.pl\/lodz-widzew\/#website"},"primaryImageOfPage":{"@id":"https:\/\/mathriders.pl\/lodz-widzew\/aktualnosci\/warsztat-z-bryl-i-figur-dla-klas-i-iii\/#primaryimage"},"image":{"@id":"https:\/\/mathriders.pl\/lodz-widzew\/aktualnosci\/warsztat-z-bryl-i-figur-dla-klas-i-iii\/#primaryimage"},"thumbnailUrl":"https:\/\/mathriders.pl\/lodz-widzew\/wp-content\/uploads\/sites\/10\/2024\/03\/warsztat.png","datePublished":"2024-03-21T11:38:59+00:00","dateModified":"2024-09-03T11:59:51+00:00","breadcrumb":{"@id":"https:\/\/mathriders.pl\/lodz-widzew\/aktualnosci\/warsztat-z-bryl-i-figur-dla-klas-i-iii\/#breadcrumb"},"inLanguage":"pl-PL","potentialAction":[{"@type":"ReadAction","target":["https:\/\/mathriders.pl\/lodz-widzew\/aktualnosci\/warsztat-z-bryl-i-figur-dla-klas-i-iii\/"]}]},{"@type":"ImageObject","inLanguage":"pl-PL","@id":"https:\/\/mathriders.pl\/lodz-widzew\/aktualnosci\/warsztat-z-bryl-i-figur-dla-klas-i-iii\/#primaryimage","url":"https:\/\/mathriders.pl\/lodz-widzew\/wp-content\/uploads\/sites\/10\/2024\/03\/warsztat.png","contentUrl":"https:\/\/mathriders.pl\/lodz-widzew\/wp-content\/uploads\/sites\/10\/2024\/03\/warsztat.png","width":1587,"height":2245,"caption":"Warsztat z BRY\u0141 I FIGUR dla klas I-III"},{"@type":"BreadcrumbList","@id":"https:\/\/mathriders.pl\/lodz-widzew\/aktualnosci\/warsztat-z-bryl-i-figur-dla-klas-i-iii\/#breadcrumb","itemListElement":[{"@type":"ListItem","position":1,"name":"Strona g\u0142\u00f3wna","item":"https:\/\/mathriders.pl\/lodz-widzew\/"},{"@type":"ListItem","position":2,"name":"Warsztat z BRY\u0141 I FIGUR dla klas I-III"}]},{"@type":"WebSite","@id":"https:\/\/mathriders.pl\/lodz-widzew\/#website","url":"https:\/\/mathriders.pl\/lodz-widzew\/","name":"\u0141\u00f3d\u017a Widzew","description":"","publisher":{"@id":"https:\/\/mathriders.pl\/lodz-widzew\/#organization"},"potentialAction":[{"@type":"SearchAction","target":{"@type":"EntryPoint","urlTemplate":"https:\/\/mathriders.pl\/lodz-widzew\/?s={search_term_string}"},"query-input":{"@type":"PropertyValueSpecification","valueRequired":true,"valueName":"search_term_string"}}],"inLanguage":"pl-PL"},{"@type":"Organization","@id":"https:\/\/mathriders.pl\/lodz-widzew\/#organization","name":"\u0141\u00f3d\u017a Widzew","url":"https:\/\/mathriders.pl\/lodz-widzew\/","logo":{"@type":"ImageObject","inLanguage":"pl-PL","@id":"https:\/\/mathriders.pl\/lodz-widzew\/#\/schema\/logo\/image\/","url":"https:\/\/mathriders.pl\/lodz-widzew\/wp-content\/uploads\/sites\/10\/2023\/11\/logo.webp","contentUrl":"https:\/\/mathriders.pl\/lodz-widzew\/wp-content\/uploads\/sites\/10\/2023\/11\/logo.webp","width":157,"height":82,"caption":"\u0141\u00f3d\u017a Widzew"},"image":{"@id":"https:\/\/mathriders.pl\/lodz-widzew\/#\/schema\/logo\/image\/"}},{"@type":"Person","@id":"https:\/\/mathriders.pl\/lodz-widzew\/#\/schema\/person\/e7d0c5db3cb751071dc59b26566833f1","name":"widzew","image":{"@type":"ImageObject","inLanguage":"pl-PL","@id":"https:\/\/mathriders.pl\/lodz-widzew\/#\/schema\/person\/image\/","url":"https:\/\/secure.gravatar.com\/avatar\/fbef4d7ff7cbed084c7819d1f1335ee1d9212cf1defabd93c0802d1df3170fb3?s=96&d=mm&r=g","contentUrl":"https:\/\/secure.gravatar.com\/avatar\/fbef4d7ff7cbed084c7819d1f1335ee1d9212cf1defabd93c0802d1df3170fb3?s=96&d=mm&r=g","caption":"widzew"},"url":"https:\/\/mathriders.pl\/lodz-widzew\/aktualnosci\/author\/widzew\/"}]}},"taxonomy_info":{"category":[{"value":1,"label":"Aktualno\u015bci"},{"value":31,"label":"Warsztaty"}]},"featured_image_src_large":["https:\/\/mathriders.pl\/lodz-widzew\/wp-content\/uploads\/sites\/10\/2024\/03\/warsztat-724x1024.png",724,1024,true],"author_info":{"display_name":"widzew","author_link":"https:\/\/mathriders.pl\/lodz-widzew\/aktualnosci\/author\/widzew\/"},"comment_info":0,"category_info":[{"term_id":1,"name":"Aktualno\u015bci","slug":"aktualnosci","term_group":0,"term_taxonomy_id":1,"taxonomy":"category","description":"","parent":0,"count":73,"filter":"raw","cat_ID":1,"category_count":73,"category_description":"","cat_name":"Aktualno\u015bci","category_nicename":"aktualnosci","category_parent":0},{"term_id":31,"name":"Warsztaty","slug":"warsztaty","term_group":0,"term_taxonomy_id":31,"taxonomy":"category","description":"","parent":0,"count":29,"filter":"raw","cat_ID":31,"category_count":29,"category_description":"","cat_name":"Warsztaty","category_nicename":"warsztaty","category_parent":0}],"tag_info":false,"_links":{"self":[{"href":"https:\/\/mathriders.pl\/lodz-widzew\/wp-json\/wp\/v2\/posts\/813","targetHints":{"allow":["GET"]}}],"collection":[{"href":"https:\/\/mathriders.pl\/lodz-widzew\/wp-json\/wp\/v2\/posts"}],"about":[{"href":"https:\/\/mathriders.pl\/lodz-widzew\/wp-json\/wp\/v2\/types\/post"}],"author":[{"embeddable":true,"href":"https:\/\/mathriders.pl\/lodz-widzew\/wp-json\/wp\/v2\/users\/17"}],"replies":[{"embeddable":true,"href":"https:\/\/mathriders.pl\/lodz-widzew\/wp-json\/wp\/v2\/comments?post=813"}],"version-history":[{"count":2,"href":"https:\/\/mathriders.pl\/lodz-widzew\/wp-json\/wp\/v2\/posts\/813\/revisions"}],"predecessor-version":[{"id":1096,"href":"https:\/\/mathriders.pl\/lodz-widzew\/wp-json\/wp\/v2\/posts\/813\/revisions\/1096"}],"wp:featuredmedia":[{"embeddable":true,"href":"https:\/\/mathriders.pl\/lodz-widzew\/wp-json\/wp\/v2\/media\/814"}],"wp:attachment":[{"href":"https:\/\/mathriders.pl\/lodz-widzew\/wp-json\/wp\/v2\/media?parent=813"}],"wp:term":[{"taxonomy":"category","embeddable":true,"href":"https:\/\/mathriders.pl\/lodz-widzew\/wp-json\/wp\/v2\/categories?post=813"},{"taxonomy":"post_tag","embeddable":true,"href":"https:\/\/mathriders.pl\/lodz-widzew\/wp-json\/wp\/v2\/tags?post=813"}],"curies":[{"name":"wp","href":"https:\/\/api.w.org\/{rel}","templated":true}]}}