{"id":797,"date":"2024-03-31T11:19:38","date_gmt":"2024-03-31T09:19:38","guid":{"rendered":"https:\/\/mathriders.pl\/lodz-widzew\/?p=797"},"modified":"2024-09-03T13:58:11","modified_gmt":"2024-09-03T11:58:11","slug":"wesolego-alleluja","status":"publish","type":"post","link":"https:\/\/mathriders.pl\/lodz-widzew\/aktualnosci\/wesolego-alleluja\/","title":{"rendered":"Weso\u0142ego Alleluja!"},"content":{"rendered":"\n<p>Weso\u0142ych \u015awi\u0105t Wielkanocnych! \ud83d\udc23\ud83c\udf37<\/p>\n\n\n\n<p>\u017byczymy Wam wszystkim rado\u015bci, spokoju i mn\u00f3stwa ciep\u0142ych chwil sp\u0119dzonych w gronie najbli\u017cszych. Niech te \u015awi\u0119ta b\u0119d\u0105 pe\u0142ne u\u015bmiechu, nadziei i wzajemnej \u017cyczliwo\u015bci.<\/p>\n\n\n\n<p>Niech Wielkanocny poranek przyniesie ze sob\u0105 zapach \u015bwie\u017co wypieczonych babek i aromat kie\u0142basek z koszyka. Niech spotkania przy \u015bwi\u0105tecznym stole buduj\u0105 wi\u0119zi rodzinne i przyjacielskie, a \u017cyczliwo\u015b\u0107 i hojno\u015b\u0107 w sercach ka\u017cdego z nas roz\u015bwietlaj\u0105 ten szczeg\u00f3lny czas.<\/p>\n\n\n\n<p>\u017byczymy Wam tak\u017ce, aby\u015bcie odnale\u017ali w sobie si\u0142\u0119 do przezwyci\u0119\u017cania trudno\u015bci, nadziej\u0119 na lepsze jutro i mi\u0142o\u015b\u0107, kt\u00f3ra \u0142\u0105czy Was z bliskimi. Niech te \u015awi\u0119ta nios\u0105 ze sob\u0105 obietnic\u0119 nowego pocz\u0105tku i radosne prze\u017cycia, kt\u00f3re na d\u0142ugo pozostan\u0105 w Waszej pami\u0119ci.<\/p>\n\n\n\n<p>Weso\u0142ych \u015awi\u0105t! \ud83c\udf1f\ud83d\udc30\ud83e\udd5a<br>-Iza, Paulina, Karolina i Justyna<\/p>\n\n\n\n<p>&nbsp;#Wielkanoc #\u015awi\u0119ta #Rado\u015b\u0107 #Nadzieja #MathRiders<\/p>\n\n\n\n<figure class=\"wp-block-image size-full\"><img loading=\"lazy\" decoding=\"async\" width=\"940\" height=\"788\" src=\"https:\/\/mathriders.pl\/lodz-widzew\/wp-content\/uploads\/sites\/10\/2024\/03\/swiat.png\" alt=\"Weso\u0142ego Alleluja!\n\" class=\"wp-image-798\" srcset=\"https:\/\/mathriders.pl\/lodz-widzew\/wp-content\/uploads\/sites\/10\/2024\/03\/swiat.png 940w, https:\/\/mathriders.pl\/lodz-widzew\/wp-content\/uploads\/sites\/10\/2024\/03\/swiat-300x251.png 300w, https:\/\/mathriders.pl\/lodz-widzew\/wp-content\/uploads\/sites\/10\/2024\/03\/swiat-768x644.png 768w\" sizes=\"auto, (max-width: 940px) 100vw, 940px\" \/><\/figure>\n","protected":false},"excerpt":{"rendered":"<p>Weso\u0142ych \u015awi\u0105t Wielkanocnych! \ud83d\udc23\ud83c\udf37 \u017byczymy Wam wszystkim rado\u015bci, spokoju i mn\u00f3stwa ciep\u0142ych chwil sp\u0119dzonych w gronie najbli\u017cszych. Niech te \u015awi\u0119ta b\u0119d\u0105 pe\u0142ne u\u015bmiechu, nadziei i wzajemnej \u017cyczliwo\u015bci. Niech Wielkanocny poranek przyniesie ze sob\u0105 zapach \u015bwie\u017co wypieczonych babek i aromat kie\u0142basek z koszyka. Niech spotkania przy \u015bwi\u0105tecznym stole buduj\u0105 wi\u0119zi rodzinne i przyjacielskie, a \u017cyczliwo\u015b\u0107 i&#8230;<\/p>\n","protected":false},"author":17,"featured_media":798,"comment_status":"open","ping_status":"closed","sticky":false,"template":"","format":"standard","meta":{"_acf_changed":false,"_kad_blocks_custom_css":"","_kad_blocks_head_custom_js":"","_kad_blocks_body_custom_js":"","_kad_blocks_footer_custom_js":"","_kad_post_transparent":"","_kad_post_title":"","_kad_post_layout":"","_kad_post_sidebar_id":"","_kad_post_content_style":"","_kad_post_vertical_padding":"","_kad_post_feature":"","_kad_post_feature_position":"","_kad_post_header":false,"_kad_post_footer":false,"_kad_post_classname":"","footnotes":""},"categories":[1],"tags":[108,8,112,113,106,32,107,35],"class_list":["post-797","post","type-post","status-publish","format-standard","has-post-thumbnail","hentry","category-aktualnosci","tag-alleluja","tag-mathriders","tag-puchacz","tag-radosc","tag-swieto","tag-wesolych-swiat","tag-wielkanoc","tag-zyczenia"],"acf":[],"yoast_head":"<!-- This site is optimized with the Yoast SEO plugin v27.0 - https:\/\/yoast.com\/product\/yoast-seo-wordpress\/ -->\n<title>Weso\u0142ego Alleluja! - \u0141\u00f3d\u017a Widzew<\/title>\n<meta name=\"robots\" content=\"index, follow, max-snippet:-1, max-image-preview:large, max-video-preview:-1\" \/>\n<link rel=\"canonical\" href=\"https:\/\/mathriders.pl\/lodz-widzew\/aktualnosci\/wesolego-alleluja\/\" \/>\n<meta property=\"og:locale\" content=\"pl_PL\" \/>\n<meta property=\"og:type\" content=\"article\" \/>\n<meta property=\"og:title\" content=\"Weso\u0142ego Alleluja! - \u0141\u00f3d\u017a Widzew\" \/>\n<meta property=\"og:description\" content=\"Weso\u0142ych \u015awi\u0105t Wielkanocnych! \ud83d\udc23\ud83c\udf37 \u017byczymy Wam wszystkim rado\u015bci, spokoju i mn\u00f3stwa ciep\u0142ych chwil sp\u0119dzonych w gronie najbli\u017cszych. Niech te \u015awi\u0119ta b\u0119d\u0105 pe\u0142ne u\u015bmiechu, nadziei i wzajemnej \u017cyczliwo\u015bci. Niech Wielkanocny poranek przyniesie ze sob\u0105 zapach \u015bwie\u017co wypieczonych babek i aromat kie\u0142basek z koszyka. Niech spotkania przy \u015bwi\u0105tecznym stole buduj\u0105 wi\u0119zi rodzinne i przyjacielskie, a \u017cyczliwo\u015b\u0107 i...\" \/>\n<meta property=\"og:url\" content=\"https:\/\/mathriders.pl\/lodz-widzew\/aktualnosci\/wesolego-alleluja\/\" \/>\n<meta property=\"og:site_name\" content=\"\u0141\u00f3d\u017a Widzew\" \/>\n<meta property=\"article:published_time\" content=\"2024-03-31T09:19:38+00:00\" \/>\n<meta property=\"article:modified_time\" content=\"2024-09-03T11:58:11+00:00\" \/>\n<meta property=\"og:image\" content=\"https:\/\/mathriders.pl\/lodz-widzew\/wp-content\/uploads\/sites\/10\/2024\/03\/swiat.png\" \/>\n\t<meta property=\"og:image:width\" content=\"940\" \/>\n\t<meta property=\"og:image:height\" content=\"788\" \/>\n\t<meta property=\"og:image:type\" content=\"image\/png\" \/>\n<meta name=\"author\" content=\"widzew\" \/>\n<meta name=\"twitter:card\" content=\"summary_large_image\" \/>\n<meta name=\"twitter:label1\" content=\"Napisane przez\" \/>\n\t<meta name=\"twitter:data1\" content=\"widzew\" \/>\n\t<meta name=\"twitter:label2\" content=\"Szacowany czas czytania\" \/>\n\t<meta name=\"twitter:data2\" content=\"2 minuty\" \/>\n<script type=\"application\/ld+json\" class=\"yoast-schema-graph\">{\"@context\":\"https:\/\/schema.org\",\"@graph\":[{\"@type\":\"Article\",\"@id\":\"https:\/\/mathriders.pl\/lodz-widzew\/aktualnosci\/wesolego-alleluja\/#article\",\"isPartOf\":{\"@id\":\"https:\/\/mathriders.pl\/lodz-widzew\/aktualnosci\/wesolego-alleluja\/\"},\"author\":{\"name\":\"widzew\",\"@id\":\"https:\/\/mathriders.pl\/lodz-widzew\/#\/schema\/person\/e7d0c5db3cb751071dc59b26566833f1\"},\"headline\":\"Weso\u0142ego Alleluja!\",\"datePublished\":\"2024-03-31T09:19:38+00:00\",\"dateModified\":\"2024-09-03T11:58:11+00:00\",\"mainEntityOfPage\":{\"@id\":\"https:\/\/mathriders.pl\/lodz-widzew\/aktualnosci\/wesolego-alleluja\/\"},\"wordCount\":156,\"commentCount\":0,\"publisher\":{\"@id\":\"https:\/\/mathriders.pl\/lodz-widzew\/#organization\"},\"image\":{\"@id\":\"https:\/\/mathriders.pl\/lodz-widzew\/aktualnosci\/wesolego-alleluja\/#primaryimage\"},\"thumbnailUrl\":\"https:\/\/mathriders.pl\/lodz-widzew\/wp-content\/uploads\/sites\/10\/2024\/03\/swiat.png\",\"keywords\":[\"alleluja\",\"mathriders\",\"puchacz\",\"rado\u015b\u0107\",\"\u015bwi\u0119to\",\"weso\u0142ych \u015bwi\u0105t\",\"wielkanoc\",\"\u017cyczenia\"],\"articleSection\":[\"Aktualno\u015bci\"],\"inLanguage\":\"pl-PL\",\"potentialAction\":[{\"@type\":\"CommentAction\",\"name\":\"Comment\",\"target\":[\"https:\/\/mathriders.pl\/lodz-widzew\/aktualnosci\/wesolego-alleluja\/#respond\"]}]},{\"@type\":\"WebPage\",\"@id\":\"https:\/\/mathriders.pl\/lodz-widzew\/aktualnosci\/wesolego-alleluja\/\",\"url\":\"https:\/\/mathriders.pl\/lodz-widzew\/aktualnosci\/wesolego-alleluja\/\",\"name\":\"Weso\u0142ego Alleluja! - \u0141\u00f3d\u017a Widzew\",\"isPartOf\":{\"@id\":\"https:\/\/mathriders.pl\/lodz-widzew\/#website\"},\"primaryImageOfPage\":{\"@id\":\"https:\/\/mathriders.pl\/lodz-widzew\/aktualnosci\/wesolego-alleluja\/#primaryimage\"},\"image\":{\"@id\":\"https:\/\/mathriders.pl\/lodz-widzew\/aktualnosci\/wesolego-alleluja\/#primaryimage\"},\"thumbnailUrl\":\"https:\/\/mathriders.pl\/lodz-widzew\/wp-content\/uploads\/sites\/10\/2024\/03\/swiat.png\",\"datePublished\":\"2024-03-31T09:19:38+00:00\",\"dateModified\":\"2024-09-03T11:58:11+00:00\",\"breadcrumb\":{\"@id\":\"https:\/\/mathriders.pl\/lodz-widzew\/aktualnosci\/wesolego-alleluja\/#breadcrumb\"},\"inLanguage\":\"pl-PL\",\"potentialAction\":[{\"@type\":\"ReadAction\",\"target\":[\"https:\/\/mathriders.pl\/lodz-widzew\/aktualnosci\/wesolego-alleluja\/\"]}]},{\"@type\":\"ImageObject\",\"inLanguage\":\"pl-PL\",\"@id\":\"https:\/\/mathriders.pl\/lodz-widzew\/aktualnosci\/wesolego-alleluja\/#primaryimage\",\"url\":\"https:\/\/mathriders.pl\/lodz-widzew\/wp-content\/uploads\/sites\/10\/2024\/03\/swiat.png\",\"contentUrl\":\"https:\/\/mathriders.pl\/lodz-widzew\/wp-content\/uploads\/sites\/10\/2024\/03\/swiat.png\",\"width\":940,\"height\":788,\"caption\":\"Weso\u0142ego Alleluja!\"},{\"@type\":\"BreadcrumbList\",\"@id\":\"https:\/\/mathriders.pl\/lodz-widzew\/aktualnosci\/wesolego-alleluja\/#breadcrumb\",\"itemListElement\":[{\"@type\":\"ListItem\",\"position\":1,\"name\":\"Strona g\u0142\u00f3wna\",\"item\":\"https:\/\/mathriders.pl\/lodz-widzew\/\"},{\"@type\":\"ListItem\",\"position\":2,\"name\":\"Weso\u0142ego Alleluja!\"}]},{\"@type\":\"WebSite\",\"@id\":\"https:\/\/mathriders.pl\/lodz-widzew\/#website\",\"url\":\"https:\/\/mathriders.pl\/lodz-widzew\/\",\"name\":\"\u0141\u00f3d\u017a Widzew\",\"description\":\"\",\"publisher\":{\"@id\":\"https:\/\/mathriders.pl\/lodz-widzew\/#organization\"},\"potentialAction\":[{\"@type\":\"SearchAction\",\"target\":{\"@type\":\"EntryPoint\",\"urlTemplate\":\"https:\/\/mathriders.pl\/lodz-widzew\/?s={search_term_string}\"},\"query-input\":{\"@type\":\"PropertyValueSpecification\",\"valueRequired\":true,\"valueName\":\"search_term_string\"}}],\"inLanguage\":\"pl-PL\"},{\"@type\":\"Organization\",\"@id\":\"https:\/\/mathriders.pl\/lodz-widzew\/#organization\",\"name\":\"\u0141\u00f3d\u017a Widzew\",\"url\":\"https:\/\/mathriders.pl\/lodz-widzew\/\",\"logo\":{\"@type\":\"ImageObject\",\"inLanguage\":\"pl-PL\",\"@id\":\"https:\/\/mathriders.pl\/lodz-widzew\/#\/schema\/logo\/image\/\",\"url\":\"https:\/\/mathriders.pl\/lodz-widzew\/wp-content\/uploads\/sites\/10\/2023\/11\/logo.webp\",\"contentUrl\":\"https:\/\/mathriders.pl\/lodz-widzew\/wp-content\/uploads\/sites\/10\/2023\/11\/logo.webp\",\"width\":157,\"height\":82,\"caption\":\"\u0141\u00f3d\u017a Widzew\"},\"image\":{\"@id\":\"https:\/\/mathriders.pl\/lodz-widzew\/#\/schema\/logo\/image\/\"}},{\"@type\":\"Person\",\"@id\":\"https:\/\/mathriders.pl\/lodz-widzew\/#\/schema\/person\/e7d0c5db3cb751071dc59b26566833f1\",\"name\":\"widzew\",\"image\":{\"@type\":\"ImageObject\",\"inLanguage\":\"pl-PL\",\"@id\":\"https:\/\/mathriders.pl\/lodz-widzew\/#\/schema\/person\/image\/\",\"url\":\"https:\/\/secure.gravatar.com\/avatar\/fbef4d7ff7cbed084c7819d1f1335ee1d9212cf1defabd93c0802d1df3170fb3?s=96&d=mm&r=g\",\"contentUrl\":\"https:\/\/secure.gravatar.com\/avatar\/fbef4d7ff7cbed084c7819d1f1335ee1d9212cf1defabd93c0802d1df3170fb3?s=96&d=mm&r=g\",\"caption\":\"widzew\"},\"url\":\"https:\/\/mathriders.pl\/lodz-widzew\/aktualnosci\/author\/widzew\/\"}]}<\/script>\n<!-- \/ Yoast SEO plugin. -->","yoast_head_json":{"title":"Weso\u0142ego Alleluja! - \u0141\u00f3d\u017a Widzew","robots":{"index":"index","follow":"follow","max-snippet":"max-snippet:-1","max-image-preview":"max-image-preview:large","max-video-preview":"max-video-preview:-1"},"canonical":"https:\/\/mathriders.pl\/lodz-widzew\/aktualnosci\/wesolego-alleluja\/","og_locale":"pl_PL","og_type":"article","og_title":"Weso\u0142ego Alleluja! - \u0141\u00f3d\u017a Widzew","og_description":"Weso\u0142ych \u015awi\u0105t Wielkanocnych! \ud83d\udc23\ud83c\udf37 \u017byczymy Wam wszystkim rado\u015bci, spokoju i mn\u00f3stwa ciep\u0142ych chwil sp\u0119dzonych w gronie najbli\u017cszych. Niech te \u015awi\u0119ta b\u0119d\u0105 pe\u0142ne u\u015bmiechu, nadziei i wzajemnej \u017cyczliwo\u015bci. Niech Wielkanocny poranek przyniesie ze sob\u0105 zapach \u015bwie\u017co wypieczonych babek i aromat kie\u0142basek z koszyka. Niech spotkania przy \u015bwi\u0105tecznym stole buduj\u0105 wi\u0119zi rodzinne i przyjacielskie, a \u017cyczliwo\u015b\u0107 i...","og_url":"https:\/\/mathriders.pl\/lodz-widzew\/aktualnosci\/wesolego-alleluja\/","og_site_name":"\u0141\u00f3d\u017a Widzew","article_published_time":"2024-03-31T09:19:38+00:00","article_modified_time":"2024-09-03T11:58:11+00:00","og_image":[{"width":940,"height":788,"url":"https:\/\/mathriders.pl\/lodz-widzew\/wp-content\/uploads\/sites\/10\/2024\/03\/swiat.png","type":"image\/png"}],"author":"widzew","twitter_card":"summary_large_image","twitter_misc":{"Napisane przez":"widzew","Szacowany czas czytania":"2 minuty"},"schema":{"@context":"https:\/\/schema.org","@graph":[{"@type":"Article","@id":"https:\/\/mathriders.pl\/lodz-widzew\/aktualnosci\/wesolego-alleluja\/#article","isPartOf":{"@id":"https:\/\/mathriders.pl\/lodz-widzew\/aktualnosci\/wesolego-alleluja\/"},"author":{"name":"widzew","@id":"https:\/\/mathriders.pl\/lodz-widzew\/#\/schema\/person\/e7d0c5db3cb751071dc59b26566833f1"},"headline":"Weso\u0142ego Alleluja!","datePublished":"2024-03-31T09:19:38+00:00","dateModified":"2024-09-03T11:58:11+00:00","mainEntityOfPage":{"@id":"https:\/\/mathriders.pl\/lodz-widzew\/aktualnosci\/wesolego-alleluja\/"},"wordCount":156,"commentCount":0,"publisher":{"@id":"https:\/\/mathriders.pl\/lodz-widzew\/#organization"},"image":{"@id":"https:\/\/mathriders.pl\/lodz-widzew\/aktualnosci\/wesolego-alleluja\/#primaryimage"},"thumbnailUrl":"https:\/\/mathriders.pl\/lodz-widzew\/wp-content\/uploads\/sites\/10\/2024\/03\/swiat.png","keywords":["alleluja","mathriders","puchacz","rado\u015b\u0107","\u015bwi\u0119to","weso\u0142ych \u015bwi\u0105t","wielkanoc","\u017cyczenia"],"articleSection":["Aktualno\u015bci"],"inLanguage":"pl-PL","potentialAction":[{"@type":"CommentAction","name":"Comment","target":["https:\/\/mathriders.pl\/lodz-widzew\/aktualnosci\/wesolego-alleluja\/#respond"]}]},{"@type":"WebPage","@id":"https:\/\/mathriders.pl\/lodz-widzew\/aktualnosci\/wesolego-alleluja\/","url":"https:\/\/mathriders.pl\/lodz-widzew\/aktualnosci\/wesolego-alleluja\/","name":"Weso\u0142ego Alleluja! - \u0141\u00f3d\u017a Widzew","isPartOf":{"@id":"https:\/\/mathriders.pl\/lodz-widzew\/#website"},"primaryImageOfPage":{"@id":"https:\/\/mathriders.pl\/lodz-widzew\/aktualnosci\/wesolego-alleluja\/#primaryimage"},"image":{"@id":"https:\/\/mathriders.pl\/lodz-widzew\/aktualnosci\/wesolego-alleluja\/#primaryimage"},"thumbnailUrl":"https:\/\/mathriders.pl\/lodz-widzew\/wp-content\/uploads\/sites\/10\/2024\/03\/swiat.png","datePublished":"2024-03-31T09:19:38+00:00","dateModified":"2024-09-03T11:58:11+00:00","breadcrumb":{"@id":"https:\/\/mathriders.pl\/lodz-widzew\/aktualnosci\/wesolego-alleluja\/#breadcrumb"},"inLanguage":"pl-PL","potentialAction":[{"@type":"ReadAction","target":["https:\/\/mathriders.pl\/lodz-widzew\/aktualnosci\/wesolego-alleluja\/"]}]},{"@type":"ImageObject","inLanguage":"pl-PL","@id":"https:\/\/mathriders.pl\/lodz-widzew\/aktualnosci\/wesolego-alleluja\/#primaryimage","url":"https:\/\/mathriders.pl\/lodz-widzew\/wp-content\/uploads\/sites\/10\/2024\/03\/swiat.png","contentUrl":"https:\/\/mathriders.pl\/lodz-widzew\/wp-content\/uploads\/sites\/10\/2024\/03\/swiat.png","width":940,"height":788,"caption":"Weso\u0142ego Alleluja!"},{"@type":"BreadcrumbList","@id":"https:\/\/mathriders.pl\/lodz-widzew\/aktualnosci\/wesolego-alleluja\/#breadcrumb","itemListElement":[{"@type":"ListItem","position":1,"name":"Strona g\u0142\u00f3wna","item":"https:\/\/mathriders.pl\/lodz-widzew\/"},{"@type":"ListItem","position":2,"name":"Weso\u0142ego Alleluja!"}]},{"@type":"WebSite","@id":"https:\/\/mathriders.pl\/lodz-widzew\/#website","url":"https:\/\/mathriders.pl\/lodz-widzew\/","name":"\u0141\u00f3d\u017a Widzew","description":"","publisher":{"@id":"https:\/\/mathriders.pl\/lodz-widzew\/#organization"},"potentialAction":[{"@type":"SearchAction","target":{"@type":"EntryPoint","urlTemplate":"https:\/\/mathriders.pl\/lodz-widzew\/?s={search_term_string}"},"query-input":{"@type":"PropertyValueSpecification","valueRequired":true,"valueName":"search_term_string"}}],"inLanguage":"pl-PL"},{"@type":"Organization","@id":"https:\/\/mathriders.pl\/lodz-widzew\/#organization","name":"\u0141\u00f3d\u017a Widzew","url":"https:\/\/mathriders.pl\/lodz-widzew\/","logo":{"@type":"ImageObject","inLanguage":"pl-PL","@id":"https:\/\/mathriders.pl\/lodz-widzew\/#\/schema\/logo\/image\/","url":"https:\/\/mathriders.pl\/lodz-widzew\/wp-content\/uploads\/sites\/10\/2023\/11\/logo.webp","contentUrl":"https:\/\/mathriders.pl\/lodz-widzew\/wp-content\/uploads\/sites\/10\/2023\/11\/logo.webp","width":157,"height":82,"caption":"\u0141\u00f3d\u017a Widzew"},"image":{"@id":"https:\/\/mathriders.pl\/lodz-widzew\/#\/schema\/logo\/image\/"}},{"@type":"Person","@id":"https:\/\/mathriders.pl\/lodz-widzew\/#\/schema\/person\/e7d0c5db3cb751071dc59b26566833f1","name":"widzew","image":{"@type":"ImageObject","inLanguage":"pl-PL","@id":"https:\/\/mathriders.pl\/lodz-widzew\/#\/schema\/person\/image\/","url":"https:\/\/secure.gravatar.com\/avatar\/fbef4d7ff7cbed084c7819d1f1335ee1d9212cf1defabd93c0802d1df3170fb3?s=96&d=mm&r=g","contentUrl":"https:\/\/secure.gravatar.com\/avatar\/fbef4d7ff7cbed084c7819d1f1335ee1d9212cf1defabd93c0802d1df3170fb3?s=96&d=mm&r=g","caption":"widzew"},"url":"https:\/\/mathriders.pl\/lodz-widzew\/aktualnosci\/author\/widzew\/"}]}},"taxonomy_info":{"category":[{"value":1,"label":"Aktualno\u015bci"}],"post_tag":[{"value":108,"label":"alleluja"},{"value":8,"label":"mathriders"},{"value":112,"label":"puchacz"},{"value":113,"label":"rado\u015b\u0107"},{"value":106,"label":"\u015bwi\u0119to"},{"value":32,"label":"weso\u0142ych \u015bwi\u0105t"},{"value":107,"label":"wielkanoc"},{"value":35,"label":"\u017cyczenia"}]},"featured_image_src_large":["https:\/\/mathriders.pl\/lodz-widzew\/wp-content\/uploads\/sites\/10\/2024\/03\/swiat.png",940,788,false],"author_info":{"display_name":"widzew","author_link":"https:\/\/mathriders.pl\/lodz-widzew\/aktualnosci\/author\/widzew\/"},"comment_info":0,"category_info":[{"term_id":1,"name":"Aktualno\u015bci","slug":"aktualnosci","term_group":0,"term_taxonomy_id":1,"taxonomy":"category","description":"","parent":0,"count":73,"filter":"raw","cat_ID":1,"category_count":73,"category_description":"","cat_name":"Aktualno\u015bci","category_nicename":"aktualnosci","category_parent":0}],"tag_info":[{"term_id":108,"name":"alleluja","slug":"alleluja","term_group":0,"term_taxonomy_id":108,"taxonomy":"post_tag","description":"","parent":0,"count":1,"filter":"raw"},{"term_id":8,"name":"mathriders","slug":"mathriders","term_group":0,"term_taxonomy_id":8,"taxonomy":"post_tag","description":"","parent":0,"count":51,"filter":"raw"},{"term_id":112,"name":"puchacz","slug":"puchacz","term_group":0,"term_taxonomy_id":112,"taxonomy":"post_tag","description":"","parent":0,"count":1,"filter":"raw"},{"term_id":113,"name":"rado\u015b\u0107","slug":"radosc","term_group":0,"term_taxonomy_id":113,"taxonomy":"post_tag","description":"","parent":0,"count":1,"filter":"raw"},{"term_id":106,"name":"\u015bwi\u0119to","slug":"swieto","term_group":0,"term_taxonomy_id":106,"taxonomy":"post_tag","description":"","parent":0,"count":2,"filter":"raw"},{"term_id":32,"name":"weso\u0142ych \u015bwi\u0105t","slug":"wesolych-swiat","term_group":0,"term_taxonomy_id":32,"taxonomy":"post_tag","description":"","parent":0,"count":2,"filter":"raw"},{"term_id":107,"name":"wielkanoc","slug":"wielkanoc","term_group":0,"term_taxonomy_id":107,"taxonomy":"post_tag","description":"","parent":0,"count":3,"filter":"raw"},{"term_id":35,"name":"\u017cyczenia","slug":"zyczenia","term_group":0,"term_taxonomy_id":35,"taxonomy":"post_tag","description":"","parent":0,"count":8,"filter":"raw"}],"_links":{"self":[{"href":"https:\/\/mathriders.pl\/lodz-widzew\/wp-json\/wp\/v2\/posts\/797","targetHints":{"allow":["GET"]}}],"collection":[{"href":"https:\/\/mathriders.pl\/lodz-widzew\/wp-json\/wp\/v2\/posts"}],"about":[{"href":"https:\/\/mathriders.pl\/lodz-widzew\/wp-json\/wp\/v2\/types\/post"}],"author":[{"embeddable":true,"href":"https:\/\/mathriders.pl\/lodz-widzew\/wp-json\/wp\/v2\/users\/17"}],"replies":[{"embeddable":true,"href":"https:\/\/mathriders.pl\/lodz-widzew\/wp-json\/wp\/v2\/comments?post=797"}],"version-history":[{"count":2,"href":"https:\/\/mathriders.pl\/lodz-widzew\/wp-json\/wp\/v2\/posts\/797\/revisions"}],"predecessor-version":[{"id":1092,"href":"https:\/\/mathriders.pl\/lodz-widzew\/wp-json\/wp\/v2\/posts\/797\/revisions\/1092"}],"wp:featuredmedia":[{"embeddable":true,"href":"https:\/\/mathriders.pl\/lodz-widzew\/wp-json\/wp\/v2\/media\/798"}],"wp:attachment":[{"href":"https:\/\/mathriders.pl\/lodz-widzew\/wp-json\/wp\/v2\/media?parent=797"}],"wp:term":[{"taxonomy":"category","embeddable":true,"href":"https:\/\/mathriders.pl\/lodz-widzew\/wp-json\/wp\/v2\/categories?post=797"},{"taxonomy":"post_tag","embeddable":true,"href":"https:\/\/mathriders.pl\/lodz-widzew\/wp-json\/wp\/v2\/tags?post=797"}],"curies":[{"name":"wp","href":"https:\/\/api.w.org\/{rel}","templated":true}]}}