{"id":500,"date":"2024-01-08T14:53:20","date_gmt":"2024-01-08T13:53:20","guid":{"rendered":"https:\/\/mathriders.pl\/lodz-widzew\/?p=500"},"modified":"2024-09-03T14:00:50","modified_gmt":"2024-09-03T12:00:50","slug":"ferie-z-puchaczem-piotrem","status":"publish","type":"post","link":"https:\/\/mathriders.pl\/lodz-widzew\/aktualnosci\/ferie-z-puchaczem-piotrem\/","title":{"rendered":"Ferie z Puchaczem Piotrem!"},"content":{"rendered":"\n<p class=\"has-text-align-center\"><strong>Drodzy Rodzice!<\/strong> <img loading=\"lazy\" decoding=\"async\" height=\"16\" width=\"16\" src=\"https:\/\/static.xx.fbcdn.net\/images\/emoji.php\/v9\/t33\/2\/16\/1f49a.png\" alt=\"\ud83d\udc9a\"><\/p>\n\n\n\n<p>Ju\u017c czas zapisa\u0107 swoje pociechy na zimowe warsztaty w MathRiders podczas ferii. <strong><em>Przygotowali\u015bmy dla Was 2 opcje:<\/em><\/strong><\/p>\n\n\n\n<!--more-->\n\n\n\n<p><strong><em>1) w pierwszym tygodniu tj. 29.01-02.02 w godzinach 09:00-15:00<\/em><\/strong><\/p>\n\n\n\n<p><strong>ZAPRASZAMY WAS<\/strong> na seri\u0119 zimowych warsztat\u00f3w z Puchaczem Piotrem dla dzieci w wieku 6-10 lat<img loading=\"lazy\" decoding=\"async\" height=\"16\" width=\"16\" src=\"https:\/\/static.xx.fbcdn.net\/images\/emoji.php\/v9\/tf7\/2\/16\/1f929.png\" alt=\"\ud83e\udd29\"><\/p>\n\n\n\n<p>Ka\u017cdy dzie\u0144 to zupe\u0142nie nowa ods\u0142ona tematyczna i szereg zaskakuj\u0105cych aktywno\u015bci <img loading=\"lazy\" decoding=\"async\" height=\"16\" width=\"16\" alt=\"\ud83d\ude03\" src=\"https:\/\/static.xx.fbcdn.net\/images\/emoji.php\/v9\/tf0\/2\/16\/1f603.png\"><\/p>\n\n\n\n<p><em><strong>29.01 <\/strong>-Puchacz ku ochronie planety<\/em><\/p>\n\n\n\n<p><em><strong>30.01 <\/strong>-Puchacz w Komnacie Tajemnic<\/em><\/p>\n\n\n\n<p><em><strong>31.01<\/strong> -Puchacz w odwiedzinach w Parku Jurajskim<\/em><\/p>\n\n\n\n<p><em><strong>01.02<\/strong> -Puchacz w podr\u00f3\u017cy do Chin<\/em><\/p>\n\n\n\n<p><em><strong>02.02 <\/strong>-Przebiera\u0144cowy zawr\u00f3t g\u0142owy<\/em><\/p>\n\n\n\n<p><strong>Ka\u017cdego dnia +1H MATEMATYKI MATHRIDERS!<\/strong> <img loading=\"lazy\" decoding=\"async\" height=\"16\" width=\"16\" src=\"https:\/\/static.xx.fbcdn.net\/images\/emoji.php\/v9\/tf0\/2\/16\/1f603.png\" alt=\"\ud83d\ude03\"><\/p>\n\n\n\n<p class=\"has-text-align-center\">Mo\u017cecie zapisa\u0107 si\u0119 na pojedyncze warsztaty (150 z\u0142.) albo wybra\u0107 ca\u0142y pakiet zimowego szale\u0144stwa z Mathriders (630z\u0142.)<img loading=\"lazy\" decoding=\"async\" height=\"16\" width=\"16\" src=\"https:\/\/static.xx.fbcdn.net\/images\/emoji.php\/v9\/tf0\/2\/16\/1f603.png\" alt=\"\ud83d\ude03\"><\/p>\n\n\n\n<p>Oczywi\u015bcie <strong>dla naszych aktywnych uczestnik\u00f3w zaj\u0119\u0107 przewidujemy zni\u017ck\u0119 przy wyborze ca\u0142ego pakietu<\/strong>, tak\u017ce nie zwlekajcie, booooo&#8230; ilo\u015b\u0107 miejsc ograniczona <img loading=\"lazy\" decoding=\"async\" height=\"16\" width=\"16\" src=\"https:\/\/static.xx.fbcdn.net\/images\/emoji.php\/v9\/tf6\/2\/16\/1f609.png\" alt=\"\ud83d\ude09\"><\/p>\n\n\n\n<p><strong>2)<\/strong> <strong><em>w drugim tygodniu przygotowali\u015bmy dla Was szereg matematycznych warsztat\u00f3w, kt\u00f3re z pewno\u015bci\u0105 w produktywny spos\u00f3b urozmaic\u0105 Wam zimowe popo\u0142udnia 17:00-18:30<\/em><\/strong> <img loading=\"lazy\" decoding=\"async\" height=\"16\" width=\"16\" src=\"https:\/\/static.xx.fbcdn.net\/images\/emoji.php\/v9\/t7c\/2\/16\/263a.png\" alt=\"\u263a\ufe0f\"><\/p>\n\n\n\n<p><strong>Zapraszamy Was:<\/strong><\/p>\n\n\n\n<p><strong>05.02<\/strong> &#8211; na warsztat z tabliczki mno\u017cenia, kt\u00f3ry nie tylko doskonale utrwali ju\u017c opanowan\u0105 przez Was wiedz\u0119, ale r\u00f3wnie\u017c w razie potrzeby w kreatywny spos\u00f3b uzupe\u0142ni potencjalne niedoci\u0105gni\u0119cia <strong>(kl.1-3)<\/strong><img loading=\"lazy\" decoding=\"async\" height=\"16\" width=\"16\" src=\"https:\/\/static.xx.fbcdn.net\/images\/emoji.php\/v9\/tf0\/2\/16\/1f603.png\" alt=\"\ud83d\ude03\"> <strong>(69 z\u0142)<\/strong><\/p>\n\n\n\n<p><strong>6.02 <\/strong>&#8211; na warsztat przygotowuj\u0105cy przysz\u0142ych uczestnik\u00f3w konkursu &#8222;Kangurek&#8221; <strong>(kl. 2)<\/strong> pod okiem profesjonalist\u00f3w logicznego my\u015blenia <strong>(69 z\u0142)<\/strong><\/p>\n\n\n\n<p><strong>07.02 <\/strong>&#8211; na warsztat przygotowuj\u0105cy przysz\u0142ych uczestnik\u00f3w konkursu &#8222;Kangurek&#8221; <strong>(kl. 3 i 4)<\/strong> pod okiem profesjonalist\u00f3w logicznego my\u015blenia <strong>(69 z\u0142)<\/strong><\/p>\n\n\n\n<p><strong>09.02<\/strong> &#8211; na wiecz\u00f3r filmowy, kt\u00f3ry umili Wam ostatnie chwile dwutygodniowych ferii zimowych. Oczywi\u015bcie popcornu, aromatycznej pizzy i gor\u0105cej czekolady jak zawsze nie mo\u017ce zabrakn\u0105\u0107 <strong>(5-10 lat)<\/strong><img loading=\"lazy\" decoding=\"async\" height=\"16\" width=\"16\" src=\"https:\/\/static.xx.fbcdn.net\/images\/emoji.php\/v9\/tf0\/2\/16\/1f603.png\" alt=\"\ud83d\ude03\"> <strong>(69 z\u0142)<\/strong><\/p>\n\n\n\n<p class=\"has-text-align-center\"><strong>Zapisy przyjmujemy na miejscu b\u0105d\u017a pod numerem telefonu:<\/strong><\/p>\n\n\n\n<p class=\"has-text-align-center\"><strong>692-465-711<\/strong><\/p>\n\n\n\n<p><\/p>\n\n\n\n<figure class=\"wp-block-gallery has-nested-images columns-default is-cropped wp-block-gallery-1 is-layout-flex wp-block-gallery-is-layout-flex\">\n<figure class=\"wp-block-image size-large\"><img loading=\"lazy\" decoding=\"async\" width=\"737\" height=\"1024\" data-id=\"501\" src=\"https:\/\/mathriders.pl\/lodz-widzew\/wp-content\/uploads\/sites\/10\/2024\/01\/warsztaty-1-737x1024.jpeg\" alt=\"Ferie z Puchaczem Piotrem!\" class=\"wp-image-501\" srcset=\"https:\/\/mathriders.pl\/lodz-widzew\/wp-content\/uploads\/sites\/10\/2024\/01\/warsztaty-1-737x1024.jpeg 737w, https:\/\/mathriders.pl\/lodz-widzew\/wp-content\/uploads\/sites\/10\/2024\/01\/warsztaty-1-216x300.jpeg 216w, https:\/\/mathriders.pl\/lodz-widzew\/wp-content\/uploads\/sites\/10\/2024\/01\/warsztaty-1-768x1067.jpeg 768w, https:\/\/mathriders.pl\/lodz-widzew\/wp-content\/uploads\/sites\/10\/2024\/01\/warsztaty-1-1106x1536.jpeg 1106w, https:\/\/mathriders.pl\/lodz-widzew\/wp-content\/uploads\/sites\/10\/2024\/01\/warsztaty-1.jpeg 1234w\" sizes=\"auto, (max-width: 737px) 100vw, 737px\" \/><\/figure>\n<\/figure>\n\n\n\n<figure class=\"wp-block-image size-large\"><img loading=\"lazy\" decoding=\"async\" width=\"727\" height=\"1024\" src=\"https:\/\/mathriders.pl\/lodz-widzew\/wp-content\/uploads\/sites\/10\/2024\/01\/harmonogram-1-727x1024.jpeg\" alt=\"Ferie z Puchaczem Piotrem!\" class=\"wp-image-502\" srcset=\"https:\/\/mathriders.pl\/lodz-widzew\/wp-content\/uploads\/sites\/10\/2024\/01\/harmonogram-1-727x1024.jpeg 727w, https:\/\/mathriders.pl\/lodz-widzew\/wp-content\/uploads\/sites\/10\/2024\/01\/harmonogram-1-213x300.jpeg 213w, https:\/\/mathriders.pl\/lodz-widzew\/wp-content\/uploads\/sites\/10\/2024\/01\/harmonogram-1-768x1082.jpeg 768w, https:\/\/mathriders.pl\/lodz-widzew\/wp-content\/uploads\/sites\/10\/2024\/01\/harmonogram-1-1090x1536.jpeg 1090w, https:\/\/mathriders.pl\/lodz-widzew\/wp-content\/uploads\/sites\/10\/2024\/01\/harmonogram-1.jpeg 1212w\" sizes=\"auto, (max-width: 727px) 100vw, 727px\" \/><\/figure>\n\n\n\n<figure class=\"wp-block-image size-large\"><img loading=\"lazy\" decoding=\"async\" width=\"724\" height=\"1024\" src=\"https:\/\/mathriders.pl\/lodz-widzew\/wp-content\/uploads\/sites\/10\/2024\/01\/blue-white-illustrative-hello-winter-poster-1-724x1024.png\" alt=\"Ferie z Puchaczem Piotrem!\" class=\"wp-image-503\" srcset=\"https:\/\/mathriders.pl\/lodz-widzew\/wp-content\/uploads\/sites\/10\/2024\/01\/blue-white-illustrative-hello-winter-poster-1-724x1024.png 724w, https:\/\/mathriders.pl\/lodz-widzew\/wp-content\/uploads\/sites\/10\/2024\/01\/blue-white-illustrative-hello-winter-poster-1-212x300.png 212w, https:\/\/mathriders.pl\/lodz-widzew\/wp-content\/uploads\/sites\/10\/2024\/01\/blue-white-illustrative-hello-winter-poster-1-768x1086.png 768w, https:\/\/mathriders.pl\/lodz-widzew\/wp-content\/uploads\/sites\/10\/2024\/01\/blue-white-illustrative-hello-winter-poster-1-1086x1536.png 1086w, https:\/\/mathriders.pl\/lodz-widzew\/wp-content\/uploads\/sites\/10\/2024\/01\/blue-white-illustrative-hello-winter-poster-1.png 1414w\" sizes=\"auto, (max-width: 724px) 100vw, 724px\" \/><\/figure>\n","protected":false},"excerpt":{"rendered":"<p>Drodzy Rodzice! Ju\u017c czas zapisa\u0107 swoje pociechy na zimowe warsztaty w MathRiders podczas ferii. Przygotowali\u015bmy dla Was 2 opcje:<\/p>\n","protected":false},"author":17,"featured_media":504,"comment_status":"open","ping_status":"closed","sticky":false,"template":"","format":"standard","meta":{"_acf_changed":false,"_kad_blocks_custom_css":"","_kad_blocks_head_custom_js":"","_kad_blocks_body_custom_js":"","_kad_blocks_footer_custom_js":"","_kad_post_transparent":"","_kad_post_title":"","_kad_post_layout":"","_kad_post_sidebar_id":"","_kad_post_content_style":"","_kad_post_vertical_padding":"","_kad_post_feature":"","_kad_post_feature_position":"","_kad_post_header":false,"_kad_post_footer":false,"_kad_post_classname":"","footnotes":""},"categories":[1,31],"tags":[26,67,66,63,17,28,61,27,42,64,23,62,41,16],"class_list":["post-500","post","type-post","status-publish","format-standard","has-post-thumbnail","hentry","category-aktualnosci","category-warsztaty","tag-26","tag-badz-kim-chcesz","tag-dinozaury","tag-eko","tag-ekologia","tag-ferie","tag-ferie-2024","tag-ferie-zimowe","tag-kangurek","tag-magia","tag-przebierance","tag-przygotowanie-do-kangurka","tag-tabliczka-mnozenia","tag-warsztaty-zimowe"],"acf":[],"yoast_head":"<!-- This site is optimized with the Yoast SEO plugin v27.0 - https:\/\/yoast.com\/product\/yoast-seo-wordpress\/ -->\n<title>Ferie z Puchaczem Piotrem! - \u0141\u00f3d\u017a Widzew<\/title>\n<meta name=\"robots\" content=\"index, follow, max-snippet:-1, max-image-preview:large, max-video-preview:-1\" \/>\n<link rel=\"canonical\" href=\"https:\/\/mathriders.pl\/lodz-widzew\/aktualnosci\/ferie-z-puchaczem-piotrem\/\" \/>\n<meta property=\"og:locale\" content=\"pl_PL\" \/>\n<meta property=\"og:type\" content=\"article\" \/>\n<meta property=\"og:title\" content=\"Ferie z Puchaczem Piotrem! - \u0141\u00f3d\u017a Widzew\" \/>\n<meta property=\"og:description\" content=\"Drodzy Rodzice! Ju\u017c czas zapisa\u0107 swoje pociechy na zimowe warsztaty w MathRiders podczas ferii. Przygotowali\u015bmy dla Was 2 opcje:\" \/>\n<meta property=\"og:url\" content=\"https:\/\/mathriders.pl\/lodz-widzew\/aktualnosci\/ferie-z-puchaczem-piotrem\/\" \/>\n<meta property=\"og:site_name\" content=\"\u0141\u00f3d\u017a Widzew\" \/>\n<meta property=\"article:published_time\" content=\"2024-01-08T13:53:20+00:00\" \/>\n<meta property=\"article:modified_time\" content=\"2024-09-03T12:00:50+00:00\" \/>\n<meta property=\"og:image\" content=\"https:\/\/mathriders.pl\/lodz-widzew\/wp-content\/uploads\/sites\/10\/2024\/01\/ferie.png\" \/>\n\t<meta property=\"og:image:width\" content=\"1080\" \/>\n\t<meta property=\"og:image:height\" content=\"1080\" \/>\n\t<meta property=\"og:image:type\" content=\"image\/png\" \/>\n<meta name=\"author\" content=\"widzew\" \/>\n<meta name=\"twitter:card\" content=\"summary_large_image\" \/>\n<meta name=\"twitter:label1\" content=\"Napisane przez\" \/>\n\t<meta name=\"twitter:data1\" content=\"widzew\" \/>\n\t<meta name=\"twitter:label2\" content=\"Szacowany czas czytania\" \/>\n\t<meta name=\"twitter:data2\" content=\"5 minut\" \/>\n<script type=\"application\/ld+json\" class=\"yoast-schema-graph\">{\"@context\":\"https:\/\/schema.org\",\"@graph\":[{\"@type\":\"Article\",\"@id\":\"https:\/\/mathriders.pl\/lodz-widzew\/aktualnosci\/ferie-z-puchaczem-piotrem\/#article\",\"isPartOf\":{\"@id\":\"https:\/\/mathriders.pl\/lodz-widzew\/aktualnosci\/ferie-z-puchaczem-piotrem\/\"},\"author\":{\"name\":\"widzew\",\"@id\":\"https:\/\/mathriders.pl\/lodz-widzew\/#\/schema\/person\/e7d0c5db3cb751071dc59b26566833f1\"},\"headline\":\"Ferie z Puchaczem Piotrem!\",\"datePublished\":\"2024-01-08T13:53:20+00:00\",\"dateModified\":\"2024-09-03T12:00:50+00:00\",\"mainEntityOfPage\":{\"@id\":\"https:\/\/mathriders.pl\/lodz-widzew\/aktualnosci\/ferie-z-puchaczem-piotrem\/\"},\"wordCount\":287,\"commentCount\":0,\"publisher\":{\"@id\":\"https:\/\/mathriders.pl\/lodz-widzew\/#organization\"},\"image\":{\"@id\":\"https:\/\/mathriders.pl\/lodz-widzew\/aktualnosci\/ferie-z-puchaczem-piotrem\/#primaryimage\"},\"thumbnailUrl\":\"https:\/\/mathriders.pl\/lodz-widzew\/wp-content\/uploads\/sites\/10\/2024\/01\/ferie.png\",\"keywords\":[\"2024\",\"b\u0105d\u017a kim chcesz\",\"dinozaury\",\"eko\",\"ekologia\",\"ferie\",\"ferie 2024\",\"ferie zimowe\",\"kangurek\",\"magia\",\"przebiera\u0144ce\",\"przygotowanie do kangurka\",\"tabliczka mno\u017cenia\",\"warsztaty zimowe\"],\"articleSection\":[\"Aktualno\u015bci\",\"Warsztaty\"],\"inLanguage\":\"pl-PL\",\"potentialAction\":[{\"@type\":\"CommentAction\",\"name\":\"Comment\",\"target\":[\"https:\/\/mathriders.pl\/lodz-widzew\/aktualnosci\/ferie-z-puchaczem-piotrem\/#respond\"]}]},{\"@type\":\"WebPage\",\"@id\":\"https:\/\/mathriders.pl\/lodz-widzew\/aktualnosci\/ferie-z-puchaczem-piotrem\/\",\"url\":\"https:\/\/mathriders.pl\/lodz-widzew\/aktualnosci\/ferie-z-puchaczem-piotrem\/\",\"name\":\"Ferie z Puchaczem Piotrem! - \u0141\u00f3d\u017a Widzew\",\"isPartOf\":{\"@id\":\"https:\/\/mathriders.pl\/lodz-widzew\/#website\"},\"primaryImageOfPage\":{\"@id\":\"https:\/\/mathriders.pl\/lodz-widzew\/aktualnosci\/ferie-z-puchaczem-piotrem\/#primaryimage\"},\"image\":{\"@id\":\"https:\/\/mathriders.pl\/lodz-widzew\/aktualnosci\/ferie-z-puchaczem-piotrem\/#primaryimage\"},\"thumbnailUrl\":\"https:\/\/mathriders.pl\/lodz-widzew\/wp-content\/uploads\/sites\/10\/2024\/01\/ferie.png\",\"datePublished\":\"2024-01-08T13:53:20+00:00\",\"dateModified\":\"2024-09-03T12:00:50+00:00\",\"breadcrumb\":{\"@id\":\"https:\/\/mathriders.pl\/lodz-widzew\/aktualnosci\/ferie-z-puchaczem-piotrem\/#breadcrumb\"},\"inLanguage\":\"pl-PL\",\"potentialAction\":[{\"@type\":\"ReadAction\",\"target\":[\"https:\/\/mathriders.pl\/lodz-widzew\/aktualnosci\/ferie-z-puchaczem-piotrem\/\"]}]},{\"@type\":\"ImageObject\",\"inLanguage\":\"pl-PL\",\"@id\":\"https:\/\/mathriders.pl\/lodz-widzew\/aktualnosci\/ferie-z-puchaczem-piotrem\/#primaryimage\",\"url\":\"https:\/\/mathriders.pl\/lodz-widzew\/wp-content\/uploads\/sites\/10\/2024\/01\/ferie.png\",\"contentUrl\":\"https:\/\/mathriders.pl\/lodz-widzew\/wp-content\/uploads\/sites\/10\/2024\/01\/ferie.png\",\"width\":1080,\"height\":1080,\"caption\":\"Ferie z Puchaczem Piotrem!\"},{\"@type\":\"BreadcrumbList\",\"@id\":\"https:\/\/mathriders.pl\/lodz-widzew\/aktualnosci\/ferie-z-puchaczem-piotrem\/#breadcrumb\",\"itemListElement\":[{\"@type\":\"ListItem\",\"position\":1,\"name\":\"Strona g\u0142\u00f3wna\",\"item\":\"https:\/\/mathriders.pl\/lodz-widzew\/\"},{\"@type\":\"ListItem\",\"position\":2,\"name\":\"Ferie z Puchaczem Piotrem!\"}]},{\"@type\":\"WebSite\",\"@id\":\"https:\/\/mathriders.pl\/lodz-widzew\/#website\",\"url\":\"https:\/\/mathriders.pl\/lodz-widzew\/\",\"name\":\"\u0141\u00f3d\u017a Widzew\",\"description\":\"\",\"publisher\":{\"@id\":\"https:\/\/mathriders.pl\/lodz-widzew\/#organization\"},\"potentialAction\":[{\"@type\":\"SearchAction\",\"target\":{\"@type\":\"EntryPoint\",\"urlTemplate\":\"https:\/\/mathriders.pl\/lodz-widzew\/?s={search_term_string}\"},\"query-input\":{\"@type\":\"PropertyValueSpecification\",\"valueRequired\":true,\"valueName\":\"search_term_string\"}}],\"inLanguage\":\"pl-PL\"},{\"@type\":\"Organization\",\"@id\":\"https:\/\/mathriders.pl\/lodz-widzew\/#organization\",\"name\":\"\u0141\u00f3d\u017a Widzew\",\"url\":\"https:\/\/mathriders.pl\/lodz-widzew\/\",\"logo\":{\"@type\":\"ImageObject\",\"inLanguage\":\"pl-PL\",\"@id\":\"https:\/\/mathriders.pl\/lodz-widzew\/#\/schema\/logo\/image\/\",\"url\":\"https:\/\/mathriders.pl\/lodz-widzew\/wp-content\/uploads\/sites\/10\/2023\/11\/logo.webp\",\"contentUrl\":\"https:\/\/mathriders.pl\/lodz-widzew\/wp-content\/uploads\/sites\/10\/2023\/11\/logo.webp\",\"width\":157,\"height\":82,\"caption\":\"\u0141\u00f3d\u017a Widzew\"},\"image\":{\"@id\":\"https:\/\/mathriders.pl\/lodz-widzew\/#\/schema\/logo\/image\/\"}},{\"@type\":\"Person\",\"@id\":\"https:\/\/mathriders.pl\/lodz-widzew\/#\/schema\/person\/e7d0c5db3cb751071dc59b26566833f1\",\"name\":\"widzew\",\"image\":{\"@type\":\"ImageObject\",\"inLanguage\":\"pl-PL\",\"@id\":\"https:\/\/mathriders.pl\/lodz-widzew\/#\/schema\/person\/image\/\",\"url\":\"https:\/\/secure.gravatar.com\/avatar\/fbef4d7ff7cbed084c7819d1f1335ee1d9212cf1defabd93c0802d1df3170fb3?s=96&d=mm&r=g\",\"contentUrl\":\"https:\/\/secure.gravatar.com\/avatar\/fbef4d7ff7cbed084c7819d1f1335ee1d9212cf1defabd93c0802d1df3170fb3?s=96&d=mm&r=g\",\"caption\":\"widzew\"},\"url\":\"https:\/\/mathriders.pl\/lodz-widzew\/aktualnosci\/author\/widzew\/\"}]}<\/script>\n<!-- \/ Yoast SEO plugin. -->","yoast_head_json":{"title":"Ferie z Puchaczem Piotrem! - \u0141\u00f3d\u017a Widzew","robots":{"index":"index","follow":"follow","max-snippet":"max-snippet:-1","max-image-preview":"max-image-preview:large","max-video-preview":"max-video-preview:-1"},"canonical":"https:\/\/mathriders.pl\/lodz-widzew\/aktualnosci\/ferie-z-puchaczem-piotrem\/","og_locale":"pl_PL","og_type":"article","og_title":"Ferie z Puchaczem Piotrem! - \u0141\u00f3d\u017a Widzew","og_description":"Drodzy Rodzice! Ju\u017c czas zapisa\u0107 swoje pociechy na zimowe warsztaty w MathRiders podczas ferii. Przygotowali\u015bmy dla Was 2 opcje:","og_url":"https:\/\/mathriders.pl\/lodz-widzew\/aktualnosci\/ferie-z-puchaczem-piotrem\/","og_site_name":"\u0141\u00f3d\u017a Widzew","article_published_time":"2024-01-08T13:53:20+00:00","article_modified_time":"2024-09-03T12:00:50+00:00","og_image":[{"width":1080,"height":1080,"url":"https:\/\/mathriders.pl\/lodz-widzew\/wp-content\/uploads\/sites\/10\/2024\/01\/ferie.png","type":"image\/png"}],"author":"widzew","twitter_card":"summary_large_image","twitter_misc":{"Napisane przez":"widzew","Szacowany czas czytania":"5 minut"},"schema":{"@context":"https:\/\/schema.org","@graph":[{"@type":"Article","@id":"https:\/\/mathriders.pl\/lodz-widzew\/aktualnosci\/ferie-z-puchaczem-piotrem\/#article","isPartOf":{"@id":"https:\/\/mathriders.pl\/lodz-widzew\/aktualnosci\/ferie-z-puchaczem-piotrem\/"},"author":{"name":"widzew","@id":"https:\/\/mathriders.pl\/lodz-widzew\/#\/schema\/person\/e7d0c5db3cb751071dc59b26566833f1"},"headline":"Ferie z Puchaczem Piotrem!","datePublished":"2024-01-08T13:53:20+00:00","dateModified":"2024-09-03T12:00:50+00:00","mainEntityOfPage":{"@id":"https:\/\/mathriders.pl\/lodz-widzew\/aktualnosci\/ferie-z-puchaczem-piotrem\/"},"wordCount":287,"commentCount":0,"publisher":{"@id":"https:\/\/mathriders.pl\/lodz-widzew\/#organization"},"image":{"@id":"https:\/\/mathriders.pl\/lodz-widzew\/aktualnosci\/ferie-z-puchaczem-piotrem\/#primaryimage"},"thumbnailUrl":"https:\/\/mathriders.pl\/lodz-widzew\/wp-content\/uploads\/sites\/10\/2024\/01\/ferie.png","keywords":["2024","b\u0105d\u017a kim chcesz","dinozaury","eko","ekologia","ferie","ferie 2024","ferie zimowe","kangurek","magia","przebiera\u0144ce","przygotowanie do kangurka","tabliczka mno\u017cenia","warsztaty zimowe"],"articleSection":["Aktualno\u015bci","Warsztaty"],"inLanguage":"pl-PL","potentialAction":[{"@type":"CommentAction","name":"Comment","target":["https:\/\/mathriders.pl\/lodz-widzew\/aktualnosci\/ferie-z-puchaczem-piotrem\/#respond"]}]},{"@type":"WebPage","@id":"https:\/\/mathriders.pl\/lodz-widzew\/aktualnosci\/ferie-z-puchaczem-piotrem\/","url":"https:\/\/mathriders.pl\/lodz-widzew\/aktualnosci\/ferie-z-puchaczem-piotrem\/","name":"Ferie z Puchaczem Piotrem! - \u0141\u00f3d\u017a Widzew","isPartOf":{"@id":"https:\/\/mathriders.pl\/lodz-widzew\/#website"},"primaryImageOfPage":{"@id":"https:\/\/mathriders.pl\/lodz-widzew\/aktualnosci\/ferie-z-puchaczem-piotrem\/#primaryimage"},"image":{"@id":"https:\/\/mathriders.pl\/lodz-widzew\/aktualnosci\/ferie-z-puchaczem-piotrem\/#primaryimage"},"thumbnailUrl":"https:\/\/mathriders.pl\/lodz-widzew\/wp-content\/uploads\/sites\/10\/2024\/01\/ferie.png","datePublished":"2024-01-08T13:53:20+00:00","dateModified":"2024-09-03T12:00:50+00:00","breadcrumb":{"@id":"https:\/\/mathriders.pl\/lodz-widzew\/aktualnosci\/ferie-z-puchaczem-piotrem\/#breadcrumb"},"inLanguage":"pl-PL","potentialAction":[{"@type":"ReadAction","target":["https:\/\/mathriders.pl\/lodz-widzew\/aktualnosci\/ferie-z-puchaczem-piotrem\/"]}]},{"@type":"ImageObject","inLanguage":"pl-PL","@id":"https:\/\/mathriders.pl\/lodz-widzew\/aktualnosci\/ferie-z-puchaczem-piotrem\/#primaryimage","url":"https:\/\/mathriders.pl\/lodz-widzew\/wp-content\/uploads\/sites\/10\/2024\/01\/ferie.png","contentUrl":"https:\/\/mathriders.pl\/lodz-widzew\/wp-content\/uploads\/sites\/10\/2024\/01\/ferie.png","width":1080,"height":1080,"caption":"Ferie z Puchaczem Piotrem!"},{"@type":"BreadcrumbList","@id":"https:\/\/mathriders.pl\/lodz-widzew\/aktualnosci\/ferie-z-puchaczem-piotrem\/#breadcrumb","itemListElement":[{"@type":"ListItem","position":1,"name":"Strona g\u0142\u00f3wna","item":"https:\/\/mathriders.pl\/lodz-widzew\/"},{"@type":"ListItem","position":2,"name":"Ferie z Puchaczem Piotrem!"}]},{"@type":"WebSite","@id":"https:\/\/mathriders.pl\/lodz-widzew\/#website","url":"https:\/\/mathriders.pl\/lodz-widzew\/","name":"\u0141\u00f3d\u017a Widzew","description":"","publisher":{"@id":"https:\/\/mathriders.pl\/lodz-widzew\/#organization"},"potentialAction":[{"@type":"SearchAction","target":{"@type":"EntryPoint","urlTemplate":"https:\/\/mathriders.pl\/lodz-widzew\/?s={search_term_string}"},"query-input":{"@type":"PropertyValueSpecification","valueRequired":true,"valueName":"search_term_string"}}],"inLanguage":"pl-PL"},{"@type":"Organization","@id":"https:\/\/mathriders.pl\/lodz-widzew\/#organization","name":"\u0141\u00f3d\u017a Widzew","url":"https:\/\/mathriders.pl\/lodz-widzew\/","logo":{"@type":"ImageObject","inLanguage":"pl-PL","@id":"https:\/\/mathriders.pl\/lodz-widzew\/#\/schema\/logo\/image\/","url":"https:\/\/mathriders.pl\/lodz-widzew\/wp-content\/uploads\/sites\/10\/2023\/11\/logo.webp","contentUrl":"https:\/\/mathriders.pl\/lodz-widzew\/wp-content\/uploads\/sites\/10\/2023\/11\/logo.webp","width":157,"height":82,"caption":"\u0141\u00f3d\u017a Widzew"},"image":{"@id":"https:\/\/mathriders.pl\/lodz-widzew\/#\/schema\/logo\/image\/"}},{"@type":"Person","@id":"https:\/\/mathriders.pl\/lodz-widzew\/#\/schema\/person\/e7d0c5db3cb751071dc59b26566833f1","name":"widzew","image":{"@type":"ImageObject","inLanguage":"pl-PL","@id":"https:\/\/mathriders.pl\/lodz-widzew\/#\/schema\/person\/image\/","url":"https:\/\/secure.gravatar.com\/avatar\/fbef4d7ff7cbed084c7819d1f1335ee1d9212cf1defabd93c0802d1df3170fb3?s=96&d=mm&r=g","contentUrl":"https:\/\/secure.gravatar.com\/avatar\/fbef4d7ff7cbed084c7819d1f1335ee1d9212cf1defabd93c0802d1df3170fb3?s=96&d=mm&r=g","caption":"widzew"},"url":"https:\/\/mathriders.pl\/lodz-widzew\/aktualnosci\/author\/widzew\/"}]}},"taxonomy_info":{"category":[{"value":1,"label":"Aktualno\u015bci"},{"value":31,"label":"Warsztaty"}],"post_tag":[{"value":26,"label":"2024"},{"value":67,"label":"b\u0105d\u017a kim chcesz"},{"value":66,"label":"dinozaury"},{"value":63,"label":"eko"},{"value":17,"label":"ekologia"},{"value":28,"label":"ferie"},{"value":61,"label":"ferie 2024"},{"value":27,"label":"ferie zimowe"},{"value":42,"label":"kangurek"},{"value":64,"label":"magia"},{"value":23,"label":"przebiera\u0144ce"},{"value":62,"label":"przygotowanie do kangurka"},{"value":41,"label":"tabliczka mno\u017cenia"},{"value":16,"label":"warsztaty zimowe"}]},"featured_image_src_large":["https:\/\/mathriders.pl\/lodz-widzew\/wp-content\/uploads\/sites\/10\/2024\/01\/ferie-1024x1024.png",1024,1024,true],"author_info":{"display_name":"widzew","author_link":"https:\/\/mathriders.pl\/lodz-widzew\/aktualnosci\/author\/widzew\/"},"comment_info":0,"category_info":[{"term_id":1,"name":"Aktualno\u015bci","slug":"aktualnosci","term_group":0,"term_taxonomy_id":1,"taxonomy":"category","description":"","parent":0,"count":73,"filter":"raw","cat_ID":1,"category_count":73,"category_description":"","cat_name":"Aktualno\u015bci","category_nicename":"aktualnosci","category_parent":0},{"term_id":31,"name":"Warsztaty","slug":"warsztaty","term_group":0,"term_taxonomy_id":31,"taxonomy":"category","description":"","parent":0,"count":29,"filter":"raw","cat_ID":31,"category_count":29,"category_description":"","cat_name":"Warsztaty","category_nicename":"warsztaty","category_parent":0}],"tag_info":[{"term_id":26,"name":"2024","slug":"2024","term_group":0,"term_taxonomy_id":26,"taxonomy":"post_tag","description":"","parent":0,"count":9,"filter":"raw"},{"term_id":67,"name":"b\u0105d\u017a kim chcesz","slug":"badz-kim-chcesz","term_group":0,"term_taxonomy_id":67,"taxonomy":"post_tag","description":"","parent":0,"count":1,"filter":"raw"},{"term_id":66,"name":"dinozaury","slug":"dinozaury","term_group":0,"term_taxonomy_id":66,"taxonomy":"post_tag","description":"","parent":0,"count":1,"filter":"raw"},{"term_id":63,"name":"eko","slug":"eko","term_group":0,"term_taxonomy_id":63,"taxonomy":"post_tag","description":"","parent":0,"count":1,"filter":"raw"},{"term_id":17,"name":"ekologia","slug":"ekologia","term_group":0,"term_taxonomy_id":17,"taxonomy":"post_tag","description":"","parent":0,"count":1,"filter":"raw"},{"term_id":28,"name":"ferie","slug":"ferie","term_group":0,"term_taxonomy_id":28,"taxonomy":"post_tag","description":"","parent":0,"count":4,"filter":"raw"},{"term_id":61,"name":"ferie 2024","slug":"ferie-2024","term_group":0,"term_taxonomy_id":61,"taxonomy":"post_tag","description":"","parent":0,"count":1,"filter":"raw"},{"term_id":27,"name":"ferie zimowe","slug":"ferie-zimowe","term_group":0,"term_taxonomy_id":27,"taxonomy":"post_tag","description":"","parent":0,"count":2,"filter":"raw"},{"term_id":42,"name":"kangurek","slug":"kangurek","term_group":0,"term_taxonomy_id":42,"taxonomy":"post_tag","description":"","parent":0,"count":3,"filter":"raw"},{"term_id":64,"name":"magia","slug":"magia","term_group":0,"term_taxonomy_id":64,"taxonomy":"post_tag","description":"","parent":0,"count":1,"filter":"raw"},{"term_id":23,"name":"przebiera\u0144ce","slug":"przebierance","term_group":0,"term_taxonomy_id":23,"taxonomy":"post_tag","description":"","parent":0,"count":2,"filter":"raw"},{"term_id":62,"name":"przygotowanie do kangurka","slug":"przygotowanie-do-kangurka","term_group":0,"term_taxonomy_id":62,"taxonomy":"post_tag","description":"","parent":0,"count":1,"filter":"raw"},{"term_id":41,"name":"tabliczka mno\u017cenia","slug":"tabliczka-mnozenia","term_group":0,"term_taxonomy_id":41,"taxonomy":"post_tag","description":"","parent":0,"count":4,"filter":"raw"},{"term_id":16,"name":"warsztaty zimowe","slug":"warsztaty-zimowe","term_group":0,"term_taxonomy_id":16,"taxonomy":"post_tag","description":"","parent":0,"count":5,"filter":"raw"}],"_links":{"self":[{"href":"https:\/\/mathriders.pl\/lodz-widzew\/wp-json\/wp\/v2\/posts\/500","targetHints":{"allow":["GET"]}}],"collection":[{"href":"https:\/\/mathriders.pl\/lodz-widzew\/wp-json\/wp\/v2\/posts"}],"about":[{"href":"https:\/\/mathriders.pl\/lodz-widzew\/wp-json\/wp\/v2\/types\/post"}],"author":[{"embeddable":true,"href":"https:\/\/mathriders.pl\/lodz-widzew\/wp-json\/wp\/v2\/users\/17"}],"replies":[{"embeddable":true,"href":"https:\/\/mathriders.pl\/lodz-widzew\/wp-json\/wp\/v2\/comments?post=500"}],"version-history":[{"count":3,"href":"https:\/\/mathriders.pl\/lodz-widzew\/wp-json\/wp\/v2\/posts\/500\/revisions"}],"predecessor-version":[{"id":1098,"href":"https:\/\/mathriders.pl\/lodz-widzew\/wp-json\/wp\/v2\/posts\/500\/revisions\/1098"}],"wp:featuredmedia":[{"embeddable":true,"href":"https:\/\/mathriders.pl\/lodz-widzew\/wp-json\/wp\/v2\/media\/504"}],"wp:attachment":[{"href":"https:\/\/mathriders.pl\/lodz-widzew\/wp-json\/wp\/v2\/media?parent=500"}],"wp:term":[{"taxonomy":"category","embeddable":true,"href":"https:\/\/mathriders.pl\/lodz-widzew\/wp-json\/wp\/v2\/categories?post=500"},{"taxonomy":"post_tag","embeddable":true,"href":"https:\/\/mathriders.pl\/lodz-widzew\/wp-json\/wp\/v2\/tags?post=500"}],"curies":[{"name":"wp","href":"https:\/\/api.w.org\/{rel}","templated":true}]}}