{"id":335,"date":"2023-06-22T09:38:00","date_gmt":"2023-06-22T07:38:00","guid":{"rendered":"https:\/\/mathriders.pl\/lodz-widzew\/?p=335"},"modified":"2023-11-30T09:39:40","modified_gmt":"2023-11-30T08:39:40","slug":"warsztaty-wakacyjne-21-25-08-2023","status":"publish","type":"post","link":"https:\/\/mathriders.pl\/lodz-widzew\/aktualnosci\/warsztaty-wakacyjne-21-25-08-2023\/","title":{"rendered":"Warsztaty wakacyjne 21-25.08.2023"},"content":{"rendered":"\n<p>Gotowi na lato? My tak \ud83d\ude42<\/p>\n\n\n\n<p>Trwaj\u0105 zapisy na Warsztaty wakacyjne w MathRiders \u0141\u00f3d\u017a Widzew ul. Milionowa 80, blok 3 \u0141\u00f3d\u017a.<\/p>\n\n\n\n<p>Zapisy: tel. 692-465-711 lub widzew@mathriders.pl<\/p>\n\n\n\n<p>Przez ca\u0142y tydzie\u0144 21.08-25.08.2023 ????w godzinach 9:30-13:30 na uczestnik\u00f3w czeka fantastyczna zabawa ???? ka\u017cdego dnia gwarantujemy:<\/p>\n\n\n\n<p>????godzin\u0119 matematycznych zabaw,<\/p>\n\n\n\n<p>????przeplatanych elementami kultury chi\u0144skiej,<\/p>\n\n\n\n<p>????wyzwania i zagadki logiczne,<\/p>\n\n\n\n<p>????warsztaty kulinarne,<\/p>\n\n\n\n<p>????warsztaty plastyczne,<\/p>\n\n\n\n<p>????muzyczne i taneczne akcenty,<\/p>\n\n\n\n<p>????zabawy animacyjne w terenie,<\/p>\n\n\n\n<p>W mi\u0119dzyczasie oczywi\u015bcie zapewniamy przek\u0105ski, owoce i napoje:)<\/p>\n\n\n\n<p>Zapraszamy wszystkie dzieci w wieku 6-9 lat do wsp\u00f3lnej wakacyjnej przygody.<\/p>\n\n\n\n<p>Cena: 389 z\u0142.<\/p>\n\n\n\n<p>Zapisy: tel. 692-465-711 lub widzew@mathriders.pl<\/p>\n","protected":false},"excerpt":{"rendered":"<p>Gotowi na lato? My tak \ud83d\ude42 Trwaj\u0105 zapisy na Warsztaty wakacyjne w MathRiders \u0141\u00f3d\u017a Widzew ul. Milionowa 80, blok 3 \u0141\u00f3d\u017a. Zapisy: tel. 692-465-711 lub widzew@mathriders.pl Przez ca\u0142y tydzie\u0144 21.08-25.08.2023 ????w godzinach 9:30-13:30 na uczestnik\u00f3w czeka fantastyczna zabawa ???? ka\u017cdego dnia gwarantujemy: ????godzin\u0119 matematycznych zabaw, ????przeplatanych elementami kultury chi\u0144skiej, ????wyzwania i zagadki logiczne, ????warsztaty kulinarne,&#8230;<\/p>\n","protected":false},"author":6,"featured_media":336,"comment_status":"open","ping_status":"closed","sticky":false,"template":"","format":"standard","meta":{"_acf_changed":false,"_kad_blocks_custom_css":"","_kad_blocks_head_custom_js":"","_kad_blocks_body_custom_js":"","_kad_blocks_footer_custom_js":"","_kad_post_transparent":"","_kad_post_title":"","_kad_post_layout":"","_kad_post_sidebar_id":"","_kad_post_content_style":"","_kad_post_vertical_padding":"","_kad_post_feature":"","_kad_post_feature_position":"","_kad_post_header":false,"_kad_post_footer":false,"_kad_post_classname":"","footnotes":""},"categories":[1],"tags":[],"class_list":["post-335","post","type-post","status-publish","format-standard","has-post-thumbnail","hentry","category-aktualnosci"],"acf":[],"yoast_head":"<!-- This site is optimized with the Yoast SEO plugin v27.0 - https:\/\/yoast.com\/product\/yoast-seo-wordpress\/ -->\n<title>Warsztaty wakacyjne 21-25.08.2023 - \u0141\u00f3d\u017a Widzew<\/title>\n<meta name=\"robots\" content=\"index, follow, max-snippet:-1, max-image-preview:large, max-video-preview:-1\" \/>\n<link rel=\"canonical\" href=\"https:\/\/mathriders.pl\/lodz-widzew\/aktualnosci\/warsztaty-wakacyjne-21-25-08-2023\/\" \/>\n<meta property=\"og:locale\" content=\"pl_PL\" \/>\n<meta property=\"og:type\" content=\"article\" \/>\n<meta property=\"og:title\" content=\"Warsztaty wakacyjne 21-25.08.2023 - \u0141\u00f3d\u017a Widzew\" \/>\n<meta property=\"og:description\" content=\"Gotowi na lato? My tak \ud83d\ude42 Trwaj\u0105 zapisy na Warsztaty wakacyjne w MathRiders \u0141\u00f3d\u017a Widzew ul. Milionowa 80, blok 3 \u0141\u00f3d\u017a. Zapisy: tel. 692-465-711 lub widzew@mathriders.pl Przez ca\u0142y tydzie\u0144 21.08-25.08.2023 ????w godzinach 9:30-13:30 na uczestnik\u00f3w czeka fantastyczna zabawa ???? ka\u017cdego dnia gwarantujemy: ????godzin\u0119 matematycznych zabaw, ????przeplatanych elementami kultury chi\u0144skiej, ????wyzwania i zagadki logiczne, ????warsztaty kulinarne,...\" \/>\n<meta property=\"og:url\" content=\"https:\/\/mathriders.pl\/lodz-widzew\/aktualnosci\/warsztaty-wakacyjne-21-25-08-2023\/\" \/>\n<meta property=\"og:site_name\" content=\"\u0141\u00f3d\u017a Widzew\" \/>\n<meta property=\"article:published_time\" content=\"2023-06-22T07:38:00+00:00\" \/>\n<meta property=\"article:modified_time\" content=\"2023-11-30T08:39:40+00:00\" \/>\n<meta property=\"og:image\" content=\"https:\/\/mathriders.pl\/lodz-widzew\/wp-content\/uploads\/sites\/10\/2023\/11\/warsztaty.webp\" \/>\n\t<meta property=\"og:image:width\" content=\"1530\" \/>\n\t<meta property=\"og:image:height\" content=\"652\" \/>\n\t<meta property=\"og:image:type\" content=\"image\/webp\" \/>\n<meta name=\"author\" content=\"sylwia\" \/>\n<meta name=\"twitter:card\" content=\"summary_large_image\" \/>\n<meta name=\"twitter:label1\" content=\"Napisane przez\" \/>\n\t<meta name=\"twitter:data1\" content=\"sylwia\" \/>\n\t<meta name=\"twitter:label2\" content=\"Szacowany czas czytania\" \/>\n\t<meta name=\"twitter:data2\" content=\"1 minuta\" \/>\n<script type=\"application\/ld+json\" class=\"yoast-schema-graph\">{\"@context\":\"https:\/\/schema.org\",\"@graph\":[{\"@type\":\"Article\",\"@id\":\"https:\/\/mathriders.pl\/lodz-widzew\/aktualnosci\/warsztaty-wakacyjne-21-25-08-2023\/#article\",\"isPartOf\":{\"@id\":\"https:\/\/mathriders.pl\/lodz-widzew\/aktualnosci\/warsztaty-wakacyjne-21-25-08-2023\/\"},\"author\":{\"name\":\"sylwia\",\"@id\":\"https:\/\/mathriders.pl\/lodz-widzew\/#\/schema\/person\/ed7d439fb9e99aa84b58ef252dd4f21f\"},\"headline\":\"Warsztaty wakacyjne 21-25.08.2023\",\"datePublished\":\"2023-06-22T07:38:00+00:00\",\"dateModified\":\"2023-11-30T08:39:40+00:00\",\"mainEntityOfPage\":{\"@id\":\"https:\/\/mathriders.pl\/lodz-widzew\/aktualnosci\/warsztaty-wakacyjne-21-25-08-2023\/\"},\"wordCount\":104,\"commentCount\":0,\"publisher\":{\"@id\":\"https:\/\/mathriders.pl\/lodz-widzew\/#organization\"},\"image\":{\"@id\":\"https:\/\/mathriders.pl\/lodz-widzew\/aktualnosci\/warsztaty-wakacyjne-21-25-08-2023\/#primaryimage\"},\"thumbnailUrl\":\"https:\/\/mathriders.pl\/lodz-widzew\/wp-content\/uploads\/sites\/10\/2023\/11\/warsztaty.webp\",\"articleSection\":[\"Aktualno\u015bci\"],\"inLanguage\":\"pl-PL\",\"potentialAction\":[{\"@type\":\"CommentAction\",\"name\":\"Comment\",\"target\":[\"https:\/\/mathriders.pl\/lodz-widzew\/aktualnosci\/warsztaty-wakacyjne-21-25-08-2023\/#respond\"]}]},{\"@type\":\"WebPage\",\"@id\":\"https:\/\/mathriders.pl\/lodz-widzew\/aktualnosci\/warsztaty-wakacyjne-21-25-08-2023\/\",\"url\":\"https:\/\/mathriders.pl\/lodz-widzew\/aktualnosci\/warsztaty-wakacyjne-21-25-08-2023\/\",\"name\":\"Warsztaty wakacyjne 21-25.08.2023 - \u0141\u00f3d\u017a Widzew\",\"isPartOf\":{\"@id\":\"https:\/\/mathriders.pl\/lodz-widzew\/#website\"},\"primaryImageOfPage\":{\"@id\":\"https:\/\/mathriders.pl\/lodz-widzew\/aktualnosci\/warsztaty-wakacyjne-21-25-08-2023\/#primaryimage\"},\"image\":{\"@id\":\"https:\/\/mathriders.pl\/lodz-widzew\/aktualnosci\/warsztaty-wakacyjne-21-25-08-2023\/#primaryimage\"},\"thumbnailUrl\":\"https:\/\/mathriders.pl\/lodz-widzew\/wp-content\/uploads\/sites\/10\/2023\/11\/warsztaty.webp\",\"datePublished\":\"2023-06-22T07:38:00+00:00\",\"dateModified\":\"2023-11-30T08:39:40+00:00\",\"breadcrumb\":{\"@id\":\"https:\/\/mathriders.pl\/lodz-widzew\/aktualnosci\/warsztaty-wakacyjne-21-25-08-2023\/#breadcrumb\"},\"inLanguage\":\"pl-PL\",\"potentialAction\":[{\"@type\":\"ReadAction\",\"target\":[\"https:\/\/mathriders.pl\/lodz-widzew\/aktualnosci\/warsztaty-wakacyjne-21-25-08-2023\/\"]}]},{\"@type\":\"ImageObject\",\"inLanguage\":\"pl-PL\",\"@id\":\"https:\/\/mathriders.pl\/lodz-widzew\/aktualnosci\/warsztaty-wakacyjne-21-25-08-2023\/#primaryimage\",\"url\":\"https:\/\/mathriders.pl\/lodz-widzew\/wp-content\/uploads\/sites\/10\/2023\/11\/warsztaty.webp\",\"contentUrl\":\"https:\/\/mathriders.pl\/lodz-widzew\/wp-content\/uploads\/sites\/10\/2023\/11\/warsztaty.webp\",\"width\":1530,\"height\":652,\"caption\":\"Warsztaty wakacyjne 21-25.08.2023\"},{\"@type\":\"BreadcrumbList\",\"@id\":\"https:\/\/mathriders.pl\/lodz-widzew\/aktualnosci\/warsztaty-wakacyjne-21-25-08-2023\/#breadcrumb\",\"itemListElement\":[{\"@type\":\"ListItem\",\"position\":1,\"name\":\"Strona g\u0142\u00f3wna\",\"item\":\"https:\/\/mathriders.pl\/lodz-widzew\/\"},{\"@type\":\"ListItem\",\"position\":2,\"name\":\"Warsztaty wakacyjne 21-25.08.2023\"}]},{\"@type\":\"WebSite\",\"@id\":\"https:\/\/mathriders.pl\/lodz-widzew\/#website\",\"url\":\"https:\/\/mathriders.pl\/lodz-widzew\/\",\"name\":\"\u0141\u00f3d\u017a Widzew\",\"description\":\"\",\"publisher\":{\"@id\":\"https:\/\/mathriders.pl\/lodz-widzew\/#organization\"},\"potentialAction\":[{\"@type\":\"SearchAction\",\"target\":{\"@type\":\"EntryPoint\",\"urlTemplate\":\"https:\/\/mathriders.pl\/lodz-widzew\/?s={search_term_string}\"},\"query-input\":{\"@type\":\"PropertyValueSpecification\",\"valueRequired\":true,\"valueName\":\"search_term_string\"}}],\"inLanguage\":\"pl-PL\"},{\"@type\":\"Organization\",\"@id\":\"https:\/\/mathriders.pl\/lodz-widzew\/#organization\",\"name\":\"\u0141\u00f3d\u017a Widzew\",\"url\":\"https:\/\/mathriders.pl\/lodz-widzew\/\",\"logo\":{\"@type\":\"ImageObject\",\"inLanguage\":\"pl-PL\",\"@id\":\"https:\/\/mathriders.pl\/lodz-widzew\/#\/schema\/logo\/image\/\",\"url\":\"https:\/\/mathriders.pl\/lodz-widzew\/wp-content\/uploads\/sites\/10\/2023\/11\/logo.webp\",\"contentUrl\":\"https:\/\/mathriders.pl\/lodz-widzew\/wp-content\/uploads\/sites\/10\/2023\/11\/logo.webp\",\"width\":157,\"height\":82,\"caption\":\"\u0141\u00f3d\u017a Widzew\"},\"image\":{\"@id\":\"https:\/\/mathriders.pl\/lodz-widzew\/#\/schema\/logo\/image\/\"}},{\"@type\":\"Person\",\"@id\":\"https:\/\/mathriders.pl\/lodz-widzew\/#\/schema\/person\/ed7d439fb9e99aa84b58ef252dd4f21f\",\"name\":\"sylwia\",\"image\":{\"@type\":\"ImageObject\",\"inLanguage\":\"pl-PL\",\"@id\":\"https:\/\/mathriders.pl\/lodz-widzew\/#\/schema\/person\/image\/\",\"url\":\"https:\/\/secure.gravatar.com\/avatar\/2024a5c60b6f7548acf2f26749cdf58bc85deefeac8fb99357abac40d3a120dc?s=96&d=mm&r=g\",\"contentUrl\":\"https:\/\/secure.gravatar.com\/avatar\/2024a5c60b6f7548acf2f26749cdf58bc85deefeac8fb99357abac40d3a120dc?s=96&d=mm&r=g\",\"caption\":\"sylwia\"},\"url\":\"https:\/\/mathriders.pl\/lodz-widzew\/aktualnosci\/author\/sylwia\/\"}]}<\/script>\n<!-- \/ Yoast SEO plugin. -->","yoast_head_json":{"title":"Warsztaty wakacyjne 21-25.08.2023 - \u0141\u00f3d\u017a Widzew","robots":{"index":"index","follow":"follow","max-snippet":"max-snippet:-1","max-image-preview":"max-image-preview:large","max-video-preview":"max-video-preview:-1"},"canonical":"https:\/\/mathriders.pl\/lodz-widzew\/aktualnosci\/warsztaty-wakacyjne-21-25-08-2023\/","og_locale":"pl_PL","og_type":"article","og_title":"Warsztaty wakacyjne 21-25.08.2023 - \u0141\u00f3d\u017a Widzew","og_description":"Gotowi na lato? My tak \ud83d\ude42 Trwaj\u0105 zapisy na Warsztaty wakacyjne w MathRiders \u0141\u00f3d\u017a Widzew ul. Milionowa 80, blok 3 \u0141\u00f3d\u017a. Zapisy: tel. 692-465-711 lub widzew@mathriders.pl Przez ca\u0142y tydzie\u0144 21.08-25.08.2023 ????w godzinach 9:30-13:30 na uczestnik\u00f3w czeka fantastyczna zabawa ???? ka\u017cdego dnia gwarantujemy: ????godzin\u0119 matematycznych zabaw, ????przeplatanych elementami kultury chi\u0144skiej, ????wyzwania i zagadki logiczne, ????warsztaty kulinarne,...","og_url":"https:\/\/mathriders.pl\/lodz-widzew\/aktualnosci\/warsztaty-wakacyjne-21-25-08-2023\/","og_site_name":"\u0141\u00f3d\u017a Widzew","article_published_time":"2023-06-22T07:38:00+00:00","article_modified_time":"2023-11-30T08:39:40+00:00","og_image":[{"width":1530,"height":652,"url":"https:\/\/mathriders.pl\/lodz-widzew\/wp-content\/uploads\/sites\/10\/2023\/11\/warsztaty.webp","type":"image\/webp"}],"author":"sylwia","twitter_card":"summary_large_image","twitter_misc":{"Napisane przez":"sylwia","Szacowany czas czytania":"1 minuta"},"schema":{"@context":"https:\/\/schema.org","@graph":[{"@type":"Article","@id":"https:\/\/mathriders.pl\/lodz-widzew\/aktualnosci\/warsztaty-wakacyjne-21-25-08-2023\/#article","isPartOf":{"@id":"https:\/\/mathriders.pl\/lodz-widzew\/aktualnosci\/warsztaty-wakacyjne-21-25-08-2023\/"},"author":{"name":"sylwia","@id":"https:\/\/mathriders.pl\/lodz-widzew\/#\/schema\/person\/ed7d439fb9e99aa84b58ef252dd4f21f"},"headline":"Warsztaty wakacyjne 21-25.08.2023","datePublished":"2023-06-22T07:38:00+00:00","dateModified":"2023-11-30T08:39:40+00:00","mainEntityOfPage":{"@id":"https:\/\/mathriders.pl\/lodz-widzew\/aktualnosci\/warsztaty-wakacyjne-21-25-08-2023\/"},"wordCount":104,"commentCount":0,"publisher":{"@id":"https:\/\/mathriders.pl\/lodz-widzew\/#organization"},"image":{"@id":"https:\/\/mathriders.pl\/lodz-widzew\/aktualnosci\/warsztaty-wakacyjne-21-25-08-2023\/#primaryimage"},"thumbnailUrl":"https:\/\/mathriders.pl\/lodz-widzew\/wp-content\/uploads\/sites\/10\/2023\/11\/warsztaty.webp","articleSection":["Aktualno\u015bci"],"inLanguage":"pl-PL","potentialAction":[{"@type":"CommentAction","name":"Comment","target":["https:\/\/mathriders.pl\/lodz-widzew\/aktualnosci\/warsztaty-wakacyjne-21-25-08-2023\/#respond"]}]},{"@type":"WebPage","@id":"https:\/\/mathriders.pl\/lodz-widzew\/aktualnosci\/warsztaty-wakacyjne-21-25-08-2023\/","url":"https:\/\/mathriders.pl\/lodz-widzew\/aktualnosci\/warsztaty-wakacyjne-21-25-08-2023\/","name":"Warsztaty wakacyjne 21-25.08.2023 - \u0141\u00f3d\u017a Widzew","isPartOf":{"@id":"https:\/\/mathriders.pl\/lodz-widzew\/#website"},"primaryImageOfPage":{"@id":"https:\/\/mathriders.pl\/lodz-widzew\/aktualnosci\/warsztaty-wakacyjne-21-25-08-2023\/#primaryimage"},"image":{"@id":"https:\/\/mathriders.pl\/lodz-widzew\/aktualnosci\/warsztaty-wakacyjne-21-25-08-2023\/#primaryimage"},"thumbnailUrl":"https:\/\/mathriders.pl\/lodz-widzew\/wp-content\/uploads\/sites\/10\/2023\/11\/warsztaty.webp","datePublished":"2023-06-22T07:38:00+00:00","dateModified":"2023-11-30T08:39:40+00:00","breadcrumb":{"@id":"https:\/\/mathriders.pl\/lodz-widzew\/aktualnosci\/warsztaty-wakacyjne-21-25-08-2023\/#breadcrumb"},"inLanguage":"pl-PL","potentialAction":[{"@type":"ReadAction","target":["https:\/\/mathriders.pl\/lodz-widzew\/aktualnosci\/warsztaty-wakacyjne-21-25-08-2023\/"]}]},{"@type":"ImageObject","inLanguage":"pl-PL","@id":"https:\/\/mathriders.pl\/lodz-widzew\/aktualnosci\/warsztaty-wakacyjne-21-25-08-2023\/#primaryimage","url":"https:\/\/mathriders.pl\/lodz-widzew\/wp-content\/uploads\/sites\/10\/2023\/11\/warsztaty.webp","contentUrl":"https:\/\/mathriders.pl\/lodz-widzew\/wp-content\/uploads\/sites\/10\/2023\/11\/warsztaty.webp","width":1530,"height":652,"caption":"Warsztaty wakacyjne 21-25.08.2023"},{"@type":"BreadcrumbList","@id":"https:\/\/mathriders.pl\/lodz-widzew\/aktualnosci\/warsztaty-wakacyjne-21-25-08-2023\/#breadcrumb","itemListElement":[{"@type":"ListItem","position":1,"name":"Strona g\u0142\u00f3wna","item":"https:\/\/mathriders.pl\/lodz-widzew\/"},{"@type":"ListItem","position":2,"name":"Warsztaty wakacyjne 21-25.08.2023"}]},{"@type":"WebSite","@id":"https:\/\/mathriders.pl\/lodz-widzew\/#website","url":"https:\/\/mathriders.pl\/lodz-widzew\/","name":"\u0141\u00f3d\u017a Widzew","description":"","publisher":{"@id":"https:\/\/mathriders.pl\/lodz-widzew\/#organization"},"potentialAction":[{"@type":"SearchAction","target":{"@type":"EntryPoint","urlTemplate":"https:\/\/mathriders.pl\/lodz-widzew\/?s={search_term_string}"},"query-input":{"@type":"PropertyValueSpecification","valueRequired":true,"valueName":"search_term_string"}}],"inLanguage":"pl-PL"},{"@type":"Organization","@id":"https:\/\/mathriders.pl\/lodz-widzew\/#organization","name":"\u0141\u00f3d\u017a Widzew","url":"https:\/\/mathriders.pl\/lodz-widzew\/","logo":{"@type":"ImageObject","inLanguage":"pl-PL","@id":"https:\/\/mathriders.pl\/lodz-widzew\/#\/schema\/logo\/image\/","url":"https:\/\/mathriders.pl\/lodz-widzew\/wp-content\/uploads\/sites\/10\/2023\/11\/logo.webp","contentUrl":"https:\/\/mathriders.pl\/lodz-widzew\/wp-content\/uploads\/sites\/10\/2023\/11\/logo.webp","width":157,"height":82,"caption":"\u0141\u00f3d\u017a Widzew"},"image":{"@id":"https:\/\/mathriders.pl\/lodz-widzew\/#\/schema\/logo\/image\/"}},{"@type":"Person","@id":"https:\/\/mathriders.pl\/lodz-widzew\/#\/schema\/person\/ed7d439fb9e99aa84b58ef252dd4f21f","name":"sylwia","image":{"@type":"ImageObject","inLanguage":"pl-PL","@id":"https:\/\/mathriders.pl\/lodz-widzew\/#\/schema\/person\/image\/","url":"https:\/\/secure.gravatar.com\/avatar\/2024a5c60b6f7548acf2f26749cdf58bc85deefeac8fb99357abac40d3a120dc?s=96&d=mm&r=g","contentUrl":"https:\/\/secure.gravatar.com\/avatar\/2024a5c60b6f7548acf2f26749cdf58bc85deefeac8fb99357abac40d3a120dc?s=96&d=mm&r=g","caption":"sylwia"},"url":"https:\/\/mathriders.pl\/lodz-widzew\/aktualnosci\/author\/sylwia\/"}]}},"taxonomy_info":{"category":[{"value":1,"label":"Aktualno\u015bci"}]},"featured_image_src_large":["https:\/\/mathriders.pl\/lodz-widzew\/wp-content\/uploads\/sites\/10\/2023\/11\/warsztaty-1024x436.webp",1024,436,true],"author_info":{"display_name":"sylwia","author_link":"https:\/\/mathriders.pl\/lodz-widzew\/aktualnosci\/author\/sylwia\/"},"comment_info":0,"category_info":[{"term_id":1,"name":"Aktualno\u015bci","slug":"aktualnosci","term_group":0,"term_taxonomy_id":1,"taxonomy":"category","description":"","parent":0,"count":73,"filter":"raw","cat_ID":1,"category_count":73,"category_description":"","cat_name":"Aktualno\u015bci","category_nicename":"aktualnosci","category_parent":0}],"tag_info":false,"_links":{"self":[{"href":"https:\/\/mathriders.pl\/lodz-widzew\/wp-json\/wp\/v2\/posts\/335","targetHints":{"allow":["GET"]}}],"collection":[{"href":"https:\/\/mathriders.pl\/lodz-widzew\/wp-json\/wp\/v2\/posts"}],"about":[{"href":"https:\/\/mathriders.pl\/lodz-widzew\/wp-json\/wp\/v2\/types\/post"}],"author":[{"embeddable":true,"href":"https:\/\/mathriders.pl\/lodz-widzew\/wp-json\/wp\/v2\/users\/6"}],"replies":[{"embeddable":true,"href":"https:\/\/mathriders.pl\/lodz-widzew\/wp-json\/wp\/v2\/comments?post=335"}],"version-history":[{"count":1,"href":"https:\/\/mathriders.pl\/lodz-widzew\/wp-json\/wp\/v2\/posts\/335\/revisions"}],"predecessor-version":[{"id":337,"href":"https:\/\/mathriders.pl\/lodz-widzew\/wp-json\/wp\/v2\/posts\/335\/revisions\/337"}],"wp:featuredmedia":[{"embeddable":true,"href":"https:\/\/mathriders.pl\/lodz-widzew\/wp-json\/wp\/v2\/media\/336"}],"wp:attachment":[{"href":"https:\/\/mathriders.pl\/lodz-widzew\/wp-json\/wp\/v2\/media?parent=335"}],"wp:term":[{"taxonomy":"category","embeddable":true,"href":"https:\/\/mathriders.pl\/lodz-widzew\/wp-json\/wp\/v2\/categories?post=335"},{"taxonomy":"post_tag","embeddable":true,"href":"https:\/\/mathriders.pl\/lodz-widzew\/wp-json\/wp\/v2\/tags?post=335"}],"curies":[{"name":"wp","href":"https:\/\/api.w.org\/{rel}","templated":true}]}}