{"id":701,"date":"2026-01-23T13:54:36","date_gmt":"2026-01-23T12:54:36","guid":{"rendered":"https:\/\/mathriders.pl\/lodz-baluty\/?p=701"},"modified":"2026-01-26T17:37:27","modified_gmt":"2026-01-26T16:37:27","slug":"ferie-zimowe","status":"publish","type":"post","link":"https:\/\/mathriders.pl\/lodz-baluty\/aktualnosci\/ferie-zimowe\/","title":{"rendered":"Ferie zimowe"},"content":{"rendered":"\n<p>\u2795\u2796 Uwaga, Rodzice! Ferie wchodz\u0105 do gry! \u2716\ufe0f\u2797<\/p>\n\n\n\n<p>Drodzy Rodzice,<br>informujemy, \u017ce w dniach 2\u201313 lutego na zaj\u0119ciach z matematyki obowi\u0105zuje specjalne dzia\u0142anie:<\/p>\n\n\n\n<p>MATEMATYKA \u2013 ZAJ\u0118CIA = FERIE \u2705<\/p>\n\n\n\n<p>W tym czasie:<br>\ud83d\udd22 zeszyty licz\u0105 na odpoczynek,<br>\ud83d\udcd0 linijki id\u0105 na urlop,<br>\ud83e\udde0 m\u00f3zgi uczni\u00f3w regeneruj\u0105 procesor.<\/p>\n\n\n\n<p>Zaj\u0119cia nie odbywaj\u0105 si\u0119, wi\u0119c nie trzeba sprawdza\u0107 plecak\u00f3w, nastawia\u0107 alarm\u00f3w ani pyta\u0107:<br>\u201eA dzi\u015b masz matm\u0119?\u201d \u2014 odpowied\u017a zawsze brzmi: NIE \ud83d\ude04<\/p>\n\n\n\n<p>Wracamy do liczenia, my\u015blenia i rozwi\u0105zywania zagadek 16 lutego, z now\u0105 energi\u0105 i g\u0142ow\u0105 gotow\u0105 na ka\u017cde r\u00f3wnanie!<\/p>\n\n\n\n<p>\u017byczymy udanych ferii i samych dodatnich emocji \u2795\ud83d\ude0a<\/p>\n\n\n\n<p>*Zaj\u0119\u0107 z tego okresu nie odrabiamy- zosta\u0142y uj\u0119te w harmonogramie kurs\u00f3w.<\/p>\n\n\n\n<figure class=\"wp-block-gallery has-nested-images columns-default is-cropped wp-block-gallery-1 is-layout-flex wp-block-gallery-is-layout-flex\">\n<figure class=\"wp-block-image size-large\"><img loading=\"lazy\" decoding=\"async\" width=\"940\" height=\"788\" data-id=\"726\" src=\"https:\/\/mathriders.pl\/lodz-baluty\/wp-content\/uploads\/sites\/61\/2026\/01\/ferie-3.png\" alt=\"\" class=\"wp-image-726\" srcset=\"https:\/\/mathriders.pl\/lodz-baluty\/wp-content\/uploads\/sites\/61\/2026\/01\/ferie-3.png 940w, https:\/\/mathriders.pl\/lodz-baluty\/wp-content\/uploads\/sites\/61\/2026\/01\/ferie-3-300x251.png 300w, https:\/\/mathriders.pl\/lodz-baluty\/wp-content\/uploads\/sites\/61\/2026\/01\/ferie-3-768x644.png 768w\" sizes=\"auto, (max-width: 940px) 100vw, 940px\" \/><\/figure>\n<\/figure>\n\n\n\n<p><\/p>\n","protected":false},"excerpt":{"rendered":"<p>\u2795\u2796 Uwaga, Rodzice! Ferie wchodz\u0105 do gry! \u2716\ufe0f\u2797 Drodzy Rodzice,informujemy, \u017ce w dniach 2\u201313 lutego na zaj\u0119ciach z matematyki obowi\u0105zuje specjalne dzia\u0142anie: MATEMATYKA \u2013 ZAJ\u0118CIA = FERIE \u2705 W tym czasie:\ud83d\udd22 zeszyty licz\u0105 na odpoczynek,\ud83d\udcd0 linijki id\u0105 na urlop,\ud83e\udde0 m\u00f3zgi uczni\u00f3w regeneruj\u0105 procesor. Zaj\u0119cia nie odbywaj\u0105 si\u0119, wi\u0119c nie trzeba sprawdza\u0107 plecak\u00f3w, nastawia\u0107 alarm\u00f3w ani&#8230;<\/p>\n","protected":false},"author":68,"featured_media":702,"comment_status":"open","ping_status":"closed","sticky":false,"template":"","format":"standard","meta":{"_acf_changed":false,"_kad_blocks_custom_css":"","_kad_blocks_head_custom_js":"","_kad_blocks_body_custom_js":"","_kad_blocks_footer_custom_js":"","_kad_post_transparent":"","_kad_post_title":"","_kad_post_layout":"","_kad_post_sidebar_id":"","_kad_post_content_style":"","_kad_post_vertical_padding":"","_kad_post_feature":"","_kad_post_feature_position":"","_kad_post_header":false,"_kad_post_footer":false,"_kad_post_classname":"","footnotes":""},"categories":[1],"tags":[],"class_list":["post-701","post","type-post","status-publish","format-standard","has-post-thumbnail","hentry","category-aktualnosci"],"acf":[],"yoast_head":"<!-- This site is optimized with the Yoast SEO plugin v27.0 - https:\/\/yoast.com\/product\/yoast-seo-wordpress\/ -->\n<title>Ferie zimowe - \u0141\u00f3d\u017a Ba\u0142uty<\/title>\n<meta name=\"robots\" content=\"index, follow, max-snippet:-1, max-image-preview:large, max-video-preview:-1\" \/>\n<link rel=\"canonical\" href=\"https:\/\/mathriders.pl\/lodz-baluty\/aktualnosci\/ferie-zimowe\/\" \/>\n<meta property=\"og:locale\" content=\"pl_PL\" \/>\n<meta property=\"og:type\" content=\"article\" \/>\n<meta property=\"og:title\" content=\"Ferie zimowe - \u0141\u00f3d\u017a Ba\u0142uty\" \/>\n<meta property=\"og:description\" content=\"\u2795\u2796 Uwaga, Rodzice! Ferie wchodz\u0105 do gry! \u2716\ufe0f\u2797 Drodzy Rodzice,informujemy, \u017ce w dniach 2\u201313 lutego na zaj\u0119ciach z matematyki obowi\u0105zuje specjalne dzia\u0142anie: MATEMATYKA \u2013 ZAJ\u0118CIA = FERIE \u2705 W tym czasie:\ud83d\udd22 zeszyty licz\u0105 na odpoczynek,\ud83d\udcd0 linijki id\u0105 na urlop,\ud83e\udde0 m\u00f3zgi uczni\u00f3w regeneruj\u0105 procesor. Zaj\u0119cia nie odbywaj\u0105 si\u0119, wi\u0119c nie trzeba sprawdza\u0107 plecak\u00f3w, nastawia\u0107 alarm\u00f3w ani...\" \/>\n<meta property=\"og:url\" content=\"https:\/\/mathriders.pl\/lodz-baluty\/aktualnosci\/ferie-zimowe\/\" \/>\n<meta property=\"og:site_name\" content=\"\u0141\u00f3d\u017a Ba\u0142uty\" \/>\n<meta property=\"article:published_time\" content=\"2026-01-23T12:54:36+00:00\" \/>\n<meta property=\"article:modified_time\" content=\"2026-01-26T16:37:27+00:00\" \/>\n<meta property=\"og:image\" content=\"https:\/\/mathriders.pl\/lodz-baluty\/wp-content\/uploads\/sites\/61\/2026\/01\/img_9203-scaled.jpg\" \/>\n\t<meta property=\"og:image:width\" content=\"1707\" \/>\n\t<meta property=\"og:image:height\" content=\"2560\" \/>\n\t<meta property=\"og:image:type\" content=\"image\/jpeg\" \/>\n<meta name=\"author\" content=\"lodzdoly\" \/>\n<meta name=\"twitter:card\" content=\"summary_large_image\" \/>\n<meta name=\"twitter:label1\" content=\"Napisane przez\" \/>\n\t<meta name=\"twitter:data1\" content=\"lodzdoly\" \/>\n\t<meta name=\"twitter:label2\" content=\"Szacowany czas czytania\" \/>\n\t<meta name=\"twitter:data2\" content=\"2 minuty\" \/>\n<script type=\"application\/ld+json\" class=\"yoast-schema-graph\">{\"@context\":\"https:\/\/schema.org\",\"@graph\":[{\"@type\":\"Article\",\"@id\":\"https:\/\/mathriders.pl\/lodz-baluty\/aktualnosci\/ferie-zimowe\/#article\",\"isPartOf\":{\"@id\":\"https:\/\/mathriders.pl\/lodz-baluty\/aktualnosci\/ferie-zimowe\/\"},\"author\":{\"name\":\"lodzdoly\",\"@id\":\"https:\/\/mathriders.pl\/lodz-baluty\/#\/schema\/person\/7aeea045dbed08da5d67c23ad8385ea0\"},\"headline\":\"Ferie zimowe\",\"datePublished\":\"2026-01-23T12:54:36+00:00\",\"dateModified\":\"2026-01-26T16:37:27+00:00\",\"mainEntityOfPage\":{\"@id\":\"https:\/\/mathriders.pl\/lodz-baluty\/aktualnosci\/ferie-zimowe\/\"},\"wordCount\":114,\"commentCount\":0,\"publisher\":{\"@id\":\"https:\/\/mathriders.pl\/lodz-baluty\/#organization\"},\"image\":{\"@id\":\"https:\/\/mathriders.pl\/lodz-baluty\/aktualnosci\/ferie-zimowe\/#primaryimage\"},\"thumbnailUrl\":\"https:\/\/mathriders.pl\/lodz-baluty\/wp-content\/uploads\/sites\/61\/2026\/01\/img_9203-scaled.jpg\",\"articleSection\":[\"Aktualno\u015bci\"],\"inLanguage\":\"pl-PL\",\"potentialAction\":[{\"@type\":\"CommentAction\",\"name\":\"Comment\",\"target\":[\"https:\/\/mathriders.pl\/lodz-baluty\/aktualnosci\/ferie-zimowe\/#respond\"]}]},{\"@type\":\"WebPage\",\"@id\":\"https:\/\/mathriders.pl\/lodz-baluty\/aktualnosci\/ferie-zimowe\/\",\"url\":\"https:\/\/mathriders.pl\/lodz-baluty\/aktualnosci\/ferie-zimowe\/\",\"name\":\"Ferie zimowe - \u0141\u00f3d\u017a Ba\u0142uty\",\"isPartOf\":{\"@id\":\"https:\/\/mathriders.pl\/lodz-baluty\/#website\"},\"primaryImageOfPage\":{\"@id\":\"https:\/\/mathriders.pl\/lodz-baluty\/aktualnosci\/ferie-zimowe\/#primaryimage\"},\"image\":{\"@id\":\"https:\/\/mathriders.pl\/lodz-baluty\/aktualnosci\/ferie-zimowe\/#primaryimage\"},\"thumbnailUrl\":\"https:\/\/mathriders.pl\/lodz-baluty\/wp-content\/uploads\/sites\/61\/2026\/01\/img_9203-scaled.jpg\",\"datePublished\":\"2026-01-23T12:54:36+00:00\",\"dateModified\":\"2026-01-26T16:37:27+00:00\",\"breadcrumb\":{\"@id\":\"https:\/\/mathriders.pl\/lodz-baluty\/aktualnosci\/ferie-zimowe\/#breadcrumb\"},\"inLanguage\":\"pl-PL\",\"potentialAction\":[{\"@type\":\"ReadAction\",\"target\":[\"https:\/\/mathriders.pl\/lodz-baluty\/aktualnosci\/ferie-zimowe\/\"]}]},{\"@type\":\"ImageObject\",\"inLanguage\":\"pl-PL\",\"@id\":\"https:\/\/mathriders.pl\/lodz-baluty\/aktualnosci\/ferie-zimowe\/#primaryimage\",\"url\":\"https:\/\/mathriders.pl\/lodz-baluty\/wp-content\/uploads\/sites\/61\/2026\/01\/img_9203-scaled.jpg\",\"contentUrl\":\"https:\/\/mathriders.pl\/lodz-baluty\/wp-content\/uploads\/sites\/61\/2026\/01\/img_9203-scaled.jpg\",\"width\":1707,\"height\":2560},{\"@type\":\"BreadcrumbList\",\"@id\":\"https:\/\/mathriders.pl\/lodz-baluty\/aktualnosci\/ferie-zimowe\/#breadcrumb\",\"itemListElement\":[{\"@type\":\"ListItem\",\"position\":1,\"name\":\"Strona g\u0142\u00f3wna\",\"item\":\"https:\/\/mathriders.pl\/lodz-baluty\/\"},{\"@type\":\"ListItem\",\"position\":2,\"name\":\"Ferie zimowe\"}]},{\"@type\":\"WebSite\",\"@id\":\"https:\/\/mathriders.pl\/lodz-baluty\/#website\",\"url\":\"https:\/\/mathriders.pl\/lodz-baluty\/\",\"name\":\"\u0141\u00f3d\u017a Ba\u0142uty\",\"description\":\"\",\"publisher\":{\"@id\":\"https:\/\/mathriders.pl\/lodz-baluty\/#organization\"},\"potentialAction\":[{\"@type\":\"SearchAction\",\"target\":{\"@type\":\"EntryPoint\",\"urlTemplate\":\"https:\/\/mathriders.pl\/lodz-baluty\/?s={search_term_string}\"},\"query-input\":{\"@type\":\"PropertyValueSpecification\",\"valueRequired\":true,\"valueName\":\"search_term_string\"}}],\"inLanguage\":\"pl-PL\"},{\"@type\":\"Organization\",\"@id\":\"https:\/\/mathriders.pl\/lodz-baluty\/#organization\",\"name\":\"\u0141\u00f3d\u017a Ba\u0142uty\",\"url\":\"https:\/\/mathriders.pl\/lodz-baluty\/\",\"logo\":{\"@type\":\"ImageObject\",\"inLanguage\":\"pl-PL\",\"@id\":\"https:\/\/mathriders.pl\/lodz-baluty\/#\/schema\/logo\/image\/\",\"url\":\"https:\/\/mathriders.pl\/lodz-baluty\/wp-content\/uploads\/sites\/61\/2023\/11\/logo.webp\",\"contentUrl\":\"https:\/\/mathriders.pl\/lodz-baluty\/wp-content\/uploads\/sites\/61\/2023\/11\/logo.webp\",\"width\":157,\"height\":82,\"caption\":\"\u0141\u00f3d\u017a Ba\u0142uty\"},\"image\":{\"@id\":\"https:\/\/mathriders.pl\/lodz-baluty\/#\/schema\/logo\/image\/\"}},{\"@type\":\"Person\",\"@id\":\"https:\/\/mathriders.pl\/lodz-baluty\/#\/schema\/person\/7aeea045dbed08da5d67c23ad8385ea0\",\"name\":\"lodzdoly\",\"image\":{\"@type\":\"ImageObject\",\"inLanguage\":\"pl-PL\",\"@id\":\"https:\/\/mathriders.pl\/lodz-baluty\/#\/schema\/person\/image\/\",\"url\":\"https:\/\/secure.gravatar.com\/avatar\/ee5b203a09231755716c952d12363f1974048d420ec7542a83e53459231e15ad?s=96&d=mm&r=g\",\"contentUrl\":\"https:\/\/secure.gravatar.com\/avatar\/ee5b203a09231755716c952d12363f1974048d420ec7542a83e53459231e15ad?s=96&d=mm&r=g\",\"caption\":\"lodzdoly\"},\"url\":\"https:\/\/mathriders.pl\/lodz-baluty\/aktualnosci\/author\/lodzdoly\/\"}]}<\/script>\n<!-- \/ Yoast SEO plugin. -->","yoast_head_json":{"title":"Ferie zimowe - \u0141\u00f3d\u017a Ba\u0142uty","robots":{"index":"index","follow":"follow","max-snippet":"max-snippet:-1","max-image-preview":"max-image-preview:large","max-video-preview":"max-video-preview:-1"},"canonical":"https:\/\/mathriders.pl\/lodz-baluty\/aktualnosci\/ferie-zimowe\/","og_locale":"pl_PL","og_type":"article","og_title":"Ferie zimowe - \u0141\u00f3d\u017a Ba\u0142uty","og_description":"\u2795\u2796 Uwaga, Rodzice! Ferie wchodz\u0105 do gry! \u2716\ufe0f\u2797 Drodzy Rodzice,informujemy, \u017ce w dniach 2\u201313 lutego na zaj\u0119ciach z matematyki obowi\u0105zuje specjalne dzia\u0142anie: MATEMATYKA \u2013 ZAJ\u0118CIA = FERIE \u2705 W tym czasie:\ud83d\udd22 zeszyty licz\u0105 na odpoczynek,\ud83d\udcd0 linijki id\u0105 na urlop,\ud83e\udde0 m\u00f3zgi uczni\u00f3w regeneruj\u0105 procesor. Zaj\u0119cia nie odbywaj\u0105 si\u0119, wi\u0119c nie trzeba sprawdza\u0107 plecak\u00f3w, nastawia\u0107 alarm\u00f3w ani...","og_url":"https:\/\/mathriders.pl\/lodz-baluty\/aktualnosci\/ferie-zimowe\/","og_site_name":"\u0141\u00f3d\u017a Ba\u0142uty","article_published_time":"2026-01-23T12:54:36+00:00","article_modified_time":"2026-01-26T16:37:27+00:00","og_image":[{"width":1707,"height":2560,"url":"https:\/\/mathriders.pl\/lodz-baluty\/wp-content\/uploads\/sites\/61\/2026\/01\/img_9203-scaled.jpg","type":"image\/jpeg"}],"author":"lodzdoly","twitter_card":"summary_large_image","twitter_misc":{"Napisane przez":"lodzdoly","Szacowany czas czytania":"2 minuty"},"schema":{"@context":"https:\/\/schema.org","@graph":[{"@type":"Article","@id":"https:\/\/mathriders.pl\/lodz-baluty\/aktualnosci\/ferie-zimowe\/#article","isPartOf":{"@id":"https:\/\/mathriders.pl\/lodz-baluty\/aktualnosci\/ferie-zimowe\/"},"author":{"name":"lodzdoly","@id":"https:\/\/mathriders.pl\/lodz-baluty\/#\/schema\/person\/7aeea045dbed08da5d67c23ad8385ea0"},"headline":"Ferie zimowe","datePublished":"2026-01-23T12:54:36+00:00","dateModified":"2026-01-26T16:37:27+00:00","mainEntityOfPage":{"@id":"https:\/\/mathriders.pl\/lodz-baluty\/aktualnosci\/ferie-zimowe\/"},"wordCount":114,"commentCount":0,"publisher":{"@id":"https:\/\/mathriders.pl\/lodz-baluty\/#organization"},"image":{"@id":"https:\/\/mathriders.pl\/lodz-baluty\/aktualnosci\/ferie-zimowe\/#primaryimage"},"thumbnailUrl":"https:\/\/mathriders.pl\/lodz-baluty\/wp-content\/uploads\/sites\/61\/2026\/01\/img_9203-scaled.jpg","articleSection":["Aktualno\u015bci"],"inLanguage":"pl-PL","potentialAction":[{"@type":"CommentAction","name":"Comment","target":["https:\/\/mathriders.pl\/lodz-baluty\/aktualnosci\/ferie-zimowe\/#respond"]}]},{"@type":"WebPage","@id":"https:\/\/mathriders.pl\/lodz-baluty\/aktualnosci\/ferie-zimowe\/","url":"https:\/\/mathriders.pl\/lodz-baluty\/aktualnosci\/ferie-zimowe\/","name":"Ferie zimowe - \u0141\u00f3d\u017a Ba\u0142uty","isPartOf":{"@id":"https:\/\/mathriders.pl\/lodz-baluty\/#website"},"primaryImageOfPage":{"@id":"https:\/\/mathriders.pl\/lodz-baluty\/aktualnosci\/ferie-zimowe\/#primaryimage"},"image":{"@id":"https:\/\/mathriders.pl\/lodz-baluty\/aktualnosci\/ferie-zimowe\/#primaryimage"},"thumbnailUrl":"https:\/\/mathriders.pl\/lodz-baluty\/wp-content\/uploads\/sites\/61\/2026\/01\/img_9203-scaled.jpg","datePublished":"2026-01-23T12:54:36+00:00","dateModified":"2026-01-26T16:37:27+00:00","breadcrumb":{"@id":"https:\/\/mathriders.pl\/lodz-baluty\/aktualnosci\/ferie-zimowe\/#breadcrumb"},"inLanguage":"pl-PL","potentialAction":[{"@type":"ReadAction","target":["https:\/\/mathriders.pl\/lodz-baluty\/aktualnosci\/ferie-zimowe\/"]}]},{"@type":"ImageObject","inLanguage":"pl-PL","@id":"https:\/\/mathriders.pl\/lodz-baluty\/aktualnosci\/ferie-zimowe\/#primaryimage","url":"https:\/\/mathriders.pl\/lodz-baluty\/wp-content\/uploads\/sites\/61\/2026\/01\/img_9203-scaled.jpg","contentUrl":"https:\/\/mathriders.pl\/lodz-baluty\/wp-content\/uploads\/sites\/61\/2026\/01\/img_9203-scaled.jpg","width":1707,"height":2560},{"@type":"BreadcrumbList","@id":"https:\/\/mathriders.pl\/lodz-baluty\/aktualnosci\/ferie-zimowe\/#breadcrumb","itemListElement":[{"@type":"ListItem","position":1,"name":"Strona g\u0142\u00f3wna","item":"https:\/\/mathriders.pl\/lodz-baluty\/"},{"@type":"ListItem","position":2,"name":"Ferie zimowe"}]},{"@type":"WebSite","@id":"https:\/\/mathriders.pl\/lodz-baluty\/#website","url":"https:\/\/mathriders.pl\/lodz-baluty\/","name":"\u0141\u00f3d\u017a Ba\u0142uty","description":"","publisher":{"@id":"https:\/\/mathriders.pl\/lodz-baluty\/#organization"},"potentialAction":[{"@type":"SearchAction","target":{"@type":"EntryPoint","urlTemplate":"https:\/\/mathriders.pl\/lodz-baluty\/?s={search_term_string}"},"query-input":{"@type":"PropertyValueSpecification","valueRequired":true,"valueName":"search_term_string"}}],"inLanguage":"pl-PL"},{"@type":"Organization","@id":"https:\/\/mathriders.pl\/lodz-baluty\/#organization","name":"\u0141\u00f3d\u017a Ba\u0142uty","url":"https:\/\/mathriders.pl\/lodz-baluty\/","logo":{"@type":"ImageObject","inLanguage":"pl-PL","@id":"https:\/\/mathriders.pl\/lodz-baluty\/#\/schema\/logo\/image\/","url":"https:\/\/mathriders.pl\/lodz-baluty\/wp-content\/uploads\/sites\/61\/2023\/11\/logo.webp","contentUrl":"https:\/\/mathriders.pl\/lodz-baluty\/wp-content\/uploads\/sites\/61\/2023\/11\/logo.webp","width":157,"height":82,"caption":"\u0141\u00f3d\u017a Ba\u0142uty"},"image":{"@id":"https:\/\/mathriders.pl\/lodz-baluty\/#\/schema\/logo\/image\/"}},{"@type":"Person","@id":"https:\/\/mathriders.pl\/lodz-baluty\/#\/schema\/person\/7aeea045dbed08da5d67c23ad8385ea0","name":"lodzdoly","image":{"@type":"ImageObject","inLanguage":"pl-PL","@id":"https:\/\/mathriders.pl\/lodz-baluty\/#\/schema\/person\/image\/","url":"https:\/\/secure.gravatar.com\/avatar\/ee5b203a09231755716c952d12363f1974048d420ec7542a83e53459231e15ad?s=96&d=mm&r=g","contentUrl":"https:\/\/secure.gravatar.com\/avatar\/ee5b203a09231755716c952d12363f1974048d420ec7542a83e53459231e15ad?s=96&d=mm&r=g","caption":"lodzdoly"},"url":"https:\/\/mathriders.pl\/lodz-baluty\/aktualnosci\/author\/lodzdoly\/"}]}},"taxonomy_info":{"category":[{"value":1,"label":"Aktualno\u015bci"}]},"featured_image_src_large":["https:\/\/mathriders.pl\/lodz-baluty\/wp-content\/uploads\/sites\/61\/2026\/01\/img_9203-683x1024.jpg",683,1024,true],"author_info":{"display_name":"lodzdoly","author_link":"https:\/\/mathriders.pl\/lodz-baluty\/aktualnosci\/author\/lodzdoly\/"},"comment_info":0,"category_info":[{"term_id":1,"name":"Aktualno\u015bci","slug":"aktualnosci","term_group":0,"term_taxonomy_id":1,"taxonomy":"category","description":"","parent":0,"count":8,"filter":"raw","cat_ID":1,"category_count":8,"category_description":"","cat_name":"Aktualno\u015bci","category_nicename":"aktualnosci","category_parent":0}],"tag_info":false,"_links":{"self":[{"href":"https:\/\/mathriders.pl\/lodz-baluty\/wp-json\/wp\/v2\/posts\/701","targetHints":{"allow":["GET"]}}],"collection":[{"href":"https:\/\/mathriders.pl\/lodz-baluty\/wp-json\/wp\/v2\/posts"}],"about":[{"href":"https:\/\/mathriders.pl\/lodz-baluty\/wp-json\/wp\/v2\/types\/post"}],"author":[{"embeddable":true,"href":"https:\/\/mathriders.pl\/lodz-baluty\/wp-json\/wp\/v2\/users\/68"}],"replies":[{"embeddable":true,"href":"https:\/\/mathriders.pl\/lodz-baluty\/wp-json\/wp\/v2\/comments?post=701"}],"version-history":[{"count":3,"href":"https:\/\/mathriders.pl\/lodz-baluty\/wp-json\/wp\/v2\/posts\/701\/revisions"}],"predecessor-version":[{"id":727,"href":"https:\/\/mathriders.pl\/lodz-baluty\/wp-json\/wp\/v2\/posts\/701\/revisions\/727"}],"wp:featuredmedia":[{"embeddable":true,"href":"https:\/\/mathriders.pl\/lodz-baluty\/wp-json\/wp\/v2\/media\/702"}],"wp:attachment":[{"href":"https:\/\/mathriders.pl\/lodz-baluty\/wp-json\/wp\/v2\/media?parent=701"}],"wp:term":[{"taxonomy":"category","embeddable":true,"href":"https:\/\/mathriders.pl\/lodz-baluty\/wp-json\/wp\/v2\/categories?post=701"},{"taxonomy":"post_tag","embeddable":true,"href":"https:\/\/mathriders.pl\/lodz-baluty\/wp-json\/wp\/v2\/tags?post=701"}],"curies":[{"name":"wp","href":"https:\/\/api.w.org\/{rel}","templated":true}]}}