{"id":622,"date":"2024-10-20T16:16:05","date_gmt":"2024-10-20T14:16:05","guid":{"rendered":"https:\/\/mathriders.pl\/lodz-baluty\/?p=622"},"modified":"2024-10-20T16:16:06","modified_gmt":"2024-10-20T14:16:06","slug":"ogolnopolska-konferencja-matematyczna-dla-nauczycieli-klas-1-3","status":"publish","type":"post","link":"https:\/\/mathriders.pl\/lodz-baluty\/aktualnosci\/ogolnopolska-konferencja-matematyczna-dla-nauczycieli-klas-1-3\/","title":{"rendered":"Og\u00f3lnopolska Konferencja Matematyczna dla Nauczycieli Klas 1-3"},"content":{"rendered":"\n<p>Zapraszamy 20 i\u00a022 listopada 2024 roku na\u00a0wyj\u0105tkowe wydarzenie, jakim jest<br><strong>III Edycja Konferencji Matematycznej MathRiders<\/strong>\u00a0<strong>\u2013 \u201ePuchacz Piotr mno\u017cy mo\u017cliwo\u015bci\u201d<\/strong>.<br>Do\u0142\u0105cz do\u00a0nas i\u00a0zapoznaj si\u0119 z\u00a0analiz\u0105 prac konkursowych oraz\u00a0poznaj sposoby, jak radzi\u0107 sobie z\u00a0trudno\u015bciami matematycznymi u\u00a0dzieci, korzystaj\u0105c z\u00a0naszych metod pracy.<\/p>\n\n\n\n<p>Konferencja zosta\u0142a stworzona z\u00a0my\u015bl\u0105 o\u00a0nauczycielach klas 1-3 szk\u00f3\u0142 podstawowych, kt\u00f3rych\u00a0uczniowie brali ju\u017c udzia\u0142 lub planuj\u0105 wzi\u0105\u0107 udzia\u0142 w\u00a0organizacji konkursu matematycznego \u201ePuchacz Piotr\u201d w\u00a0swojej szkole. Konkurs ten to\u00a0doskona\u0142a okazja do\u00a0rozwijania matematycznych umiej\u0119tno\u015bci uczni\u00f3w w\u00a0przyjaznej i\u00a0motywuj\u0105cej atmosferze, a\u00a0udzia\u0142 w\u00a0nim pozwala na\u00a0kszta\u0142towanie logicznego my\u015blenia, rozwi\u0105zywania problem\u00f3w i\u00a0czerpania rado\u015bci z\u00a0matematyki.<\/p>\n\n\n\n<p>20 listopada 2024&nbsp;r. w&nbsp;Warszawie<br>Godzina: 10:00-15:00<br>Centrum szkoleniowe Golden Floor Prosta<br>Prosta 69, 00-838 Warszawa<\/p>\n\n\n\n<p>oraz&nbsp;<\/p>\n\n\n\n<p>22 listopada 2024&nbsp;r. w&nbsp;Katowicach<br>Godzina: 10:00-15:00<br>Vienna House Easy by&nbsp;Wyndham Katowice<br>Sokolska 24, 40-086 Katowice<\/p>\n\n\n\n<p>Wi\u0119cej: <\/p>\n\n\n\n<figure class=\"wp-block-embed is-type-wp-embed is-provider-mathriders-pl wp-block-embed-mathriders-pl\"><div class=\"wp-block-embed__wrapper\">\n<blockquote class=\"wp-embedded-content\" data-secret=\"vwFDlKYX0T\"><a href=\"https:\/\/mathriders.pl\/aktualnosci\/ogolnopolska-konferencja-matematyczna-dla-nauczycieli-klas-1-3-2024\/\">Og\u00f3lnopolska Konferencja Matematyczna dla Nauczycieli Klas 1-3<\/a><\/blockquote><iframe loading=\"lazy\" class=\"wp-embedded-content\" sandbox=\"allow-scripts\" security=\"restricted\" style=\"position: absolute; visibility: hidden;\" title=\"&#8222;Og\u00f3lnopolska Konferencja Matematyczna dla Nauczycieli Klas 1-3&#8221; &#8212; mathriders.pl\" src=\"https:\/\/mathriders.pl\/aktualnosci\/ogolnopolska-konferencja-matematyczna-dla-nauczycieli-klas-1-3-2024\/embed\/#?secret=KUgKaQ9ak6#?secret=vwFDlKYX0T\" data-secret=\"vwFDlKYX0T\" width=\"600\" height=\"338\" frameborder=\"0\" marginwidth=\"0\" marginheight=\"0\" scrolling=\"no\"><\/iframe>\n<\/div><\/figure>\n","protected":false},"excerpt":{"rendered":"<p>Zapraszamy 20 i\u00a022 listopada 2024 roku na\u00a0wyj\u0105tkowe wydarzenie, jakim jestIII Edycja Konferencji Matematycznej MathRiders\u00a0\u2013 \u201ePuchacz Piotr mno\u017cy mo\u017cliwo\u015bci\u201d.Do\u0142\u0105cz do\u00a0nas i\u00a0zapoznaj si\u0119 z\u00a0analiz\u0105 prac konkursowych oraz\u00a0poznaj sposoby, jak radzi\u0107 sobie z\u00a0trudno\u015bciami matematycznymi u\u00a0dzieci, korzystaj\u0105c z\u00a0naszych metod pracy. Konferencja zosta\u0142a stworzona z\u00a0my\u015bl\u0105 o\u00a0nauczycielach klas 1-3 szk\u00f3\u0142 podstawowych, kt\u00f3rych\u00a0uczniowie brali ju\u017c udzia\u0142 lub planuj\u0105 wzi\u0105\u0107 udzia\u0142 w\u00a0organizacji konkursu&#8230;<\/p>\n","protected":false},"author":68,"featured_media":623,"comment_status":"open","ping_status":"closed","sticky":false,"template":"","format":"standard","meta":{"_acf_changed":false,"_kad_blocks_custom_css":"","_kad_blocks_head_custom_js":"","_kad_blocks_body_custom_js":"","_kad_blocks_footer_custom_js":"","_kad_post_transparent":"","_kad_post_title":"","_kad_post_layout":"","_kad_post_sidebar_id":"","_kad_post_content_style":"","_kad_post_vertical_padding":"","_kad_post_feature":"","_kad_post_feature_position":"","_kad_post_header":false,"_kad_post_footer":false,"_kad_post_classname":"","footnotes":""},"categories":[1],"tags":[],"class_list":["post-622","post","type-post","status-publish","format-standard","has-post-thumbnail","hentry","category-aktualnosci"],"acf":[],"yoast_head":"<!-- This site is optimized with the Yoast SEO plugin v27.0 - https:\/\/yoast.com\/product\/yoast-seo-wordpress\/ -->\n<title>Og\u00f3lnopolska Konferencja Matematyczna dla Nauczycieli Klas 1-3 - \u0141\u00f3d\u017a Ba\u0142uty<\/title>\n<meta name=\"robots\" content=\"index, follow, max-snippet:-1, max-image-preview:large, max-video-preview:-1\" \/>\n<link rel=\"canonical\" href=\"https:\/\/mathriders.pl\/lodz-baluty\/aktualnosci\/ogolnopolska-konferencja-matematyczna-dla-nauczycieli-klas-1-3\/\" \/>\n<meta property=\"og:locale\" content=\"pl_PL\" \/>\n<meta property=\"og:type\" content=\"article\" \/>\n<meta property=\"og:title\" content=\"Og\u00f3lnopolska Konferencja Matematyczna dla Nauczycieli Klas 1-3 - \u0141\u00f3d\u017a Ba\u0142uty\" \/>\n<meta property=\"og:description\" content=\"Zapraszamy 20 i\u00a022 listopada 2024 roku na\u00a0wyj\u0105tkowe wydarzenie, jakim jestIII Edycja Konferencji Matematycznej MathRiders\u00a0\u2013 \u201ePuchacz Piotr mno\u017cy mo\u017cliwo\u015bci\u201d.Do\u0142\u0105cz do\u00a0nas i\u00a0zapoznaj si\u0119 z\u00a0analiz\u0105 prac konkursowych oraz\u00a0poznaj sposoby, jak radzi\u0107 sobie z\u00a0trudno\u015bciami matematycznymi u\u00a0dzieci, korzystaj\u0105c z\u00a0naszych metod pracy. Konferencja zosta\u0142a stworzona z\u00a0my\u015bl\u0105 o\u00a0nauczycielach klas 1-3 szk\u00f3\u0142 podstawowych, kt\u00f3rych\u00a0uczniowie brali ju\u017c udzia\u0142 lub planuj\u0105 wzi\u0105\u0107 udzia\u0142 w\u00a0organizacji konkursu...\" \/>\n<meta property=\"og:url\" content=\"https:\/\/mathriders.pl\/lodz-baluty\/aktualnosci\/ogolnopolska-konferencja-matematyczna-dla-nauczycieli-klas-1-3\/\" \/>\n<meta property=\"og:site_name\" content=\"\u0141\u00f3d\u017a Ba\u0142uty\" \/>\n<meta property=\"article:published_time\" content=\"2024-10-20T14:16:05+00:00\" \/>\n<meta property=\"article:modified_time\" content=\"2024-10-20T14:16:06+00:00\" \/>\n<meta property=\"og:image\" content=\"https:\/\/mathriders.pl\/lodz-baluty\/wp-content\/uploads\/sites\/61\/2024\/10\/konferencja-mr.png\" \/>\n\t<meta property=\"og:image:width\" content=\"1500\" \/>\n\t<meta property=\"og:image:height\" content=\"900\" \/>\n\t<meta property=\"og:image:type\" content=\"image\/png\" \/>\n<meta name=\"author\" content=\"lodzdoly\" \/>\n<meta name=\"twitter:card\" content=\"summary_large_image\" \/>\n<meta name=\"twitter:label1\" content=\"Napisane przez\" \/>\n\t<meta name=\"twitter:data1\" content=\"lodzdoly\" \/>\n\t<meta name=\"twitter:label2\" content=\"Szacowany czas czytania\" \/>\n\t<meta name=\"twitter:data2\" content=\"2 minuty\" \/>\n<script type=\"application\/ld+json\" class=\"yoast-schema-graph\">{\"@context\":\"https:\/\/schema.org\",\"@graph\":[{\"@type\":\"Article\",\"@id\":\"https:\/\/mathriders.pl\/lodz-baluty\/aktualnosci\/ogolnopolska-konferencja-matematyczna-dla-nauczycieli-klas-1-3\/#article\",\"isPartOf\":{\"@id\":\"https:\/\/mathriders.pl\/lodz-baluty\/aktualnosci\/ogolnopolska-konferencja-matematyczna-dla-nauczycieli-klas-1-3\/\"},\"author\":{\"name\":\"lodzdoly\",\"@id\":\"https:\/\/mathriders.pl\/lodz-baluty\/#\/schema\/person\/7aeea045dbed08da5d67c23ad8385ea0\"},\"headline\":\"Og\u00f3lnopolska Konferencja Matematyczna dla Nauczycieli Klas 1-3\",\"datePublished\":\"2024-10-20T14:16:05+00:00\",\"dateModified\":\"2024-10-20T14:16:06+00:00\",\"mainEntityOfPage\":{\"@id\":\"https:\/\/mathriders.pl\/lodz-baluty\/aktualnosci\/ogolnopolska-konferencja-matematyczna-dla-nauczycieli-klas-1-3\/\"},\"wordCount\":191,\"commentCount\":0,\"publisher\":{\"@id\":\"https:\/\/mathriders.pl\/lodz-baluty\/#organization\"},\"image\":{\"@id\":\"https:\/\/mathriders.pl\/lodz-baluty\/aktualnosci\/ogolnopolska-konferencja-matematyczna-dla-nauczycieli-klas-1-3\/#primaryimage\"},\"thumbnailUrl\":\"https:\/\/mathriders.pl\/lodz-baluty\/wp-content\/uploads\/sites\/61\/2024\/10\/konferencja-mr.png\",\"articleSection\":[\"Aktualno\u015bci\"],\"inLanguage\":\"pl-PL\",\"potentialAction\":[{\"@type\":\"CommentAction\",\"name\":\"Comment\",\"target\":[\"https:\/\/mathriders.pl\/lodz-baluty\/aktualnosci\/ogolnopolska-konferencja-matematyczna-dla-nauczycieli-klas-1-3\/#respond\"]}]},{\"@type\":\"WebPage\",\"@id\":\"https:\/\/mathriders.pl\/lodz-baluty\/aktualnosci\/ogolnopolska-konferencja-matematyczna-dla-nauczycieli-klas-1-3\/\",\"url\":\"https:\/\/mathriders.pl\/lodz-baluty\/aktualnosci\/ogolnopolska-konferencja-matematyczna-dla-nauczycieli-klas-1-3\/\",\"name\":\"Og\u00f3lnopolska Konferencja Matematyczna dla Nauczycieli Klas 1-3 - \u0141\u00f3d\u017a Ba\u0142uty\",\"isPartOf\":{\"@id\":\"https:\/\/mathriders.pl\/lodz-baluty\/#website\"},\"primaryImageOfPage\":{\"@id\":\"https:\/\/mathriders.pl\/lodz-baluty\/aktualnosci\/ogolnopolska-konferencja-matematyczna-dla-nauczycieli-klas-1-3\/#primaryimage\"},\"image\":{\"@id\":\"https:\/\/mathriders.pl\/lodz-baluty\/aktualnosci\/ogolnopolska-konferencja-matematyczna-dla-nauczycieli-klas-1-3\/#primaryimage\"},\"thumbnailUrl\":\"https:\/\/mathriders.pl\/lodz-baluty\/wp-content\/uploads\/sites\/61\/2024\/10\/konferencja-mr.png\",\"datePublished\":\"2024-10-20T14:16:05+00:00\",\"dateModified\":\"2024-10-20T14:16:06+00:00\",\"breadcrumb\":{\"@id\":\"https:\/\/mathriders.pl\/lodz-baluty\/aktualnosci\/ogolnopolska-konferencja-matematyczna-dla-nauczycieli-klas-1-3\/#breadcrumb\"},\"inLanguage\":\"pl-PL\",\"potentialAction\":[{\"@type\":\"ReadAction\",\"target\":[\"https:\/\/mathriders.pl\/lodz-baluty\/aktualnosci\/ogolnopolska-konferencja-matematyczna-dla-nauczycieli-klas-1-3\/\"]}]},{\"@type\":\"ImageObject\",\"inLanguage\":\"pl-PL\",\"@id\":\"https:\/\/mathriders.pl\/lodz-baluty\/aktualnosci\/ogolnopolska-konferencja-matematyczna-dla-nauczycieli-klas-1-3\/#primaryimage\",\"url\":\"https:\/\/mathriders.pl\/lodz-baluty\/wp-content\/uploads\/sites\/61\/2024\/10\/konferencja-mr.png\",\"contentUrl\":\"https:\/\/mathriders.pl\/lodz-baluty\/wp-content\/uploads\/sites\/61\/2024\/10\/konferencja-mr.png\",\"width\":1500,\"height\":900,\"caption\":\"Konferencja dla nauczycieli matematyki klas 1, 2, 3 Mathriders, konkurs Puchacz Piotr\"},{\"@type\":\"BreadcrumbList\",\"@id\":\"https:\/\/mathriders.pl\/lodz-baluty\/aktualnosci\/ogolnopolska-konferencja-matematyczna-dla-nauczycieli-klas-1-3\/#breadcrumb\",\"itemListElement\":[{\"@type\":\"ListItem\",\"position\":1,\"name\":\"Strona g\u0142\u00f3wna\",\"item\":\"https:\/\/mathriders.pl\/lodz-baluty\/\"},{\"@type\":\"ListItem\",\"position\":2,\"name\":\"Og\u00f3lnopolska Konferencja Matematyczna dla Nauczycieli Klas 1-3\"}]},{\"@type\":\"WebSite\",\"@id\":\"https:\/\/mathriders.pl\/lodz-baluty\/#website\",\"url\":\"https:\/\/mathriders.pl\/lodz-baluty\/\",\"name\":\"\u0141\u00f3d\u017a Ba\u0142uty\",\"description\":\"\",\"publisher\":{\"@id\":\"https:\/\/mathriders.pl\/lodz-baluty\/#organization\"},\"potentialAction\":[{\"@type\":\"SearchAction\",\"target\":{\"@type\":\"EntryPoint\",\"urlTemplate\":\"https:\/\/mathriders.pl\/lodz-baluty\/?s={search_term_string}\"},\"query-input\":{\"@type\":\"PropertyValueSpecification\",\"valueRequired\":true,\"valueName\":\"search_term_string\"}}],\"inLanguage\":\"pl-PL\"},{\"@type\":\"Organization\",\"@id\":\"https:\/\/mathriders.pl\/lodz-baluty\/#organization\",\"name\":\"\u0141\u00f3d\u017a Ba\u0142uty\",\"url\":\"https:\/\/mathriders.pl\/lodz-baluty\/\",\"logo\":{\"@type\":\"ImageObject\",\"inLanguage\":\"pl-PL\",\"@id\":\"https:\/\/mathriders.pl\/lodz-baluty\/#\/schema\/logo\/image\/\",\"url\":\"https:\/\/mathriders.pl\/lodz-baluty\/wp-content\/uploads\/sites\/61\/2023\/11\/logo.webp\",\"contentUrl\":\"https:\/\/mathriders.pl\/lodz-baluty\/wp-content\/uploads\/sites\/61\/2023\/11\/logo.webp\",\"width\":157,\"height\":82,\"caption\":\"\u0141\u00f3d\u017a Ba\u0142uty\"},\"image\":{\"@id\":\"https:\/\/mathriders.pl\/lodz-baluty\/#\/schema\/logo\/image\/\"}},{\"@type\":\"Person\",\"@id\":\"https:\/\/mathriders.pl\/lodz-baluty\/#\/schema\/person\/7aeea045dbed08da5d67c23ad8385ea0\",\"name\":\"lodzdoly\",\"image\":{\"@type\":\"ImageObject\",\"inLanguage\":\"pl-PL\",\"@id\":\"https:\/\/mathriders.pl\/lodz-baluty\/#\/schema\/person\/image\/\",\"url\":\"https:\/\/secure.gravatar.com\/avatar\/ee5b203a09231755716c952d12363f1974048d420ec7542a83e53459231e15ad?s=96&d=mm&r=g\",\"contentUrl\":\"https:\/\/secure.gravatar.com\/avatar\/ee5b203a09231755716c952d12363f1974048d420ec7542a83e53459231e15ad?s=96&d=mm&r=g\",\"caption\":\"lodzdoly\"},\"url\":\"https:\/\/mathriders.pl\/lodz-baluty\/aktualnosci\/author\/lodzdoly\/\"}]}<\/script>\n<!-- \/ Yoast SEO plugin. -->","yoast_head_json":{"title":"Og\u00f3lnopolska Konferencja Matematyczna dla Nauczycieli Klas 1-3 - \u0141\u00f3d\u017a Ba\u0142uty","robots":{"index":"index","follow":"follow","max-snippet":"max-snippet:-1","max-image-preview":"max-image-preview:large","max-video-preview":"max-video-preview:-1"},"canonical":"https:\/\/mathriders.pl\/lodz-baluty\/aktualnosci\/ogolnopolska-konferencja-matematyczna-dla-nauczycieli-klas-1-3\/","og_locale":"pl_PL","og_type":"article","og_title":"Og\u00f3lnopolska Konferencja Matematyczna dla Nauczycieli Klas 1-3 - \u0141\u00f3d\u017a Ba\u0142uty","og_description":"Zapraszamy 20 i\u00a022 listopada 2024 roku na\u00a0wyj\u0105tkowe wydarzenie, jakim jestIII Edycja Konferencji Matematycznej MathRiders\u00a0\u2013 \u201ePuchacz Piotr mno\u017cy mo\u017cliwo\u015bci\u201d.Do\u0142\u0105cz do\u00a0nas i\u00a0zapoznaj si\u0119 z\u00a0analiz\u0105 prac konkursowych oraz\u00a0poznaj sposoby, jak radzi\u0107 sobie z\u00a0trudno\u015bciami matematycznymi u\u00a0dzieci, korzystaj\u0105c z\u00a0naszych metod pracy. Konferencja zosta\u0142a stworzona z\u00a0my\u015bl\u0105 o\u00a0nauczycielach klas 1-3 szk\u00f3\u0142 podstawowych, kt\u00f3rych\u00a0uczniowie brali ju\u017c udzia\u0142 lub planuj\u0105 wzi\u0105\u0107 udzia\u0142 w\u00a0organizacji konkursu...","og_url":"https:\/\/mathriders.pl\/lodz-baluty\/aktualnosci\/ogolnopolska-konferencja-matematyczna-dla-nauczycieli-klas-1-3\/","og_site_name":"\u0141\u00f3d\u017a Ba\u0142uty","article_published_time":"2024-10-20T14:16:05+00:00","article_modified_time":"2024-10-20T14:16:06+00:00","og_image":[{"width":1500,"height":900,"url":"https:\/\/mathriders.pl\/lodz-baluty\/wp-content\/uploads\/sites\/61\/2024\/10\/konferencja-mr.png","type":"image\/png"}],"author":"lodzdoly","twitter_card":"summary_large_image","twitter_misc":{"Napisane przez":"lodzdoly","Szacowany czas czytania":"2 minuty"},"schema":{"@context":"https:\/\/schema.org","@graph":[{"@type":"Article","@id":"https:\/\/mathriders.pl\/lodz-baluty\/aktualnosci\/ogolnopolska-konferencja-matematyczna-dla-nauczycieli-klas-1-3\/#article","isPartOf":{"@id":"https:\/\/mathriders.pl\/lodz-baluty\/aktualnosci\/ogolnopolska-konferencja-matematyczna-dla-nauczycieli-klas-1-3\/"},"author":{"name":"lodzdoly","@id":"https:\/\/mathriders.pl\/lodz-baluty\/#\/schema\/person\/7aeea045dbed08da5d67c23ad8385ea0"},"headline":"Og\u00f3lnopolska Konferencja Matematyczna dla Nauczycieli Klas 1-3","datePublished":"2024-10-20T14:16:05+00:00","dateModified":"2024-10-20T14:16:06+00:00","mainEntityOfPage":{"@id":"https:\/\/mathriders.pl\/lodz-baluty\/aktualnosci\/ogolnopolska-konferencja-matematyczna-dla-nauczycieli-klas-1-3\/"},"wordCount":191,"commentCount":0,"publisher":{"@id":"https:\/\/mathriders.pl\/lodz-baluty\/#organization"},"image":{"@id":"https:\/\/mathriders.pl\/lodz-baluty\/aktualnosci\/ogolnopolska-konferencja-matematyczna-dla-nauczycieli-klas-1-3\/#primaryimage"},"thumbnailUrl":"https:\/\/mathriders.pl\/lodz-baluty\/wp-content\/uploads\/sites\/61\/2024\/10\/konferencja-mr.png","articleSection":["Aktualno\u015bci"],"inLanguage":"pl-PL","potentialAction":[{"@type":"CommentAction","name":"Comment","target":["https:\/\/mathriders.pl\/lodz-baluty\/aktualnosci\/ogolnopolska-konferencja-matematyczna-dla-nauczycieli-klas-1-3\/#respond"]}]},{"@type":"WebPage","@id":"https:\/\/mathriders.pl\/lodz-baluty\/aktualnosci\/ogolnopolska-konferencja-matematyczna-dla-nauczycieli-klas-1-3\/","url":"https:\/\/mathriders.pl\/lodz-baluty\/aktualnosci\/ogolnopolska-konferencja-matematyczna-dla-nauczycieli-klas-1-3\/","name":"Og\u00f3lnopolska Konferencja Matematyczna dla Nauczycieli Klas 1-3 - \u0141\u00f3d\u017a Ba\u0142uty","isPartOf":{"@id":"https:\/\/mathriders.pl\/lodz-baluty\/#website"},"primaryImageOfPage":{"@id":"https:\/\/mathriders.pl\/lodz-baluty\/aktualnosci\/ogolnopolska-konferencja-matematyczna-dla-nauczycieli-klas-1-3\/#primaryimage"},"image":{"@id":"https:\/\/mathriders.pl\/lodz-baluty\/aktualnosci\/ogolnopolska-konferencja-matematyczna-dla-nauczycieli-klas-1-3\/#primaryimage"},"thumbnailUrl":"https:\/\/mathriders.pl\/lodz-baluty\/wp-content\/uploads\/sites\/61\/2024\/10\/konferencja-mr.png","datePublished":"2024-10-20T14:16:05+00:00","dateModified":"2024-10-20T14:16:06+00:00","breadcrumb":{"@id":"https:\/\/mathriders.pl\/lodz-baluty\/aktualnosci\/ogolnopolska-konferencja-matematyczna-dla-nauczycieli-klas-1-3\/#breadcrumb"},"inLanguage":"pl-PL","potentialAction":[{"@type":"ReadAction","target":["https:\/\/mathriders.pl\/lodz-baluty\/aktualnosci\/ogolnopolska-konferencja-matematyczna-dla-nauczycieli-klas-1-3\/"]}]},{"@type":"ImageObject","inLanguage":"pl-PL","@id":"https:\/\/mathriders.pl\/lodz-baluty\/aktualnosci\/ogolnopolska-konferencja-matematyczna-dla-nauczycieli-klas-1-3\/#primaryimage","url":"https:\/\/mathriders.pl\/lodz-baluty\/wp-content\/uploads\/sites\/61\/2024\/10\/konferencja-mr.png","contentUrl":"https:\/\/mathriders.pl\/lodz-baluty\/wp-content\/uploads\/sites\/61\/2024\/10\/konferencja-mr.png","width":1500,"height":900,"caption":"Konferencja dla nauczycieli matematyki klas 1, 2, 3 Mathriders, konkurs Puchacz Piotr"},{"@type":"BreadcrumbList","@id":"https:\/\/mathriders.pl\/lodz-baluty\/aktualnosci\/ogolnopolska-konferencja-matematyczna-dla-nauczycieli-klas-1-3\/#breadcrumb","itemListElement":[{"@type":"ListItem","position":1,"name":"Strona g\u0142\u00f3wna","item":"https:\/\/mathriders.pl\/lodz-baluty\/"},{"@type":"ListItem","position":2,"name":"Og\u00f3lnopolska Konferencja Matematyczna dla Nauczycieli Klas 1-3"}]},{"@type":"WebSite","@id":"https:\/\/mathriders.pl\/lodz-baluty\/#website","url":"https:\/\/mathriders.pl\/lodz-baluty\/","name":"\u0141\u00f3d\u017a Ba\u0142uty","description":"","publisher":{"@id":"https:\/\/mathriders.pl\/lodz-baluty\/#organization"},"potentialAction":[{"@type":"SearchAction","target":{"@type":"EntryPoint","urlTemplate":"https:\/\/mathriders.pl\/lodz-baluty\/?s={search_term_string}"},"query-input":{"@type":"PropertyValueSpecification","valueRequired":true,"valueName":"search_term_string"}}],"inLanguage":"pl-PL"},{"@type":"Organization","@id":"https:\/\/mathriders.pl\/lodz-baluty\/#organization","name":"\u0141\u00f3d\u017a Ba\u0142uty","url":"https:\/\/mathriders.pl\/lodz-baluty\/","logo":{"@type":"ImageObject","inLanguage":"pl-PL","@id":"https:\/\/mathriders.pl\/lodz-baluty\/#\/schema\/logo\/image\/","url":"https:\/\/mathriders.pl\/lodz-baluty\/wp-content\/uploads\/sites\/61\/2023\/11\/logo.webp","contentUrl":"https:\/\/mathriders.pl\/lodz-baluty\/wp-content\/uploads\/sites\/61\/2023\/11\/logo.webp","width":157,"height":82,"caption":"\u0141\u00f3d\u017a Ba\u0142uty"},"image":{"@id":"https:\/\/mathriders.pl\/lodz-baluty\/#\/schema\/logo\/image\/"}},{"@type":"Person","@id":"https:\/\/mathriders.pl\/lodz-baluty\/#\/schema\/person\/7aeea045dbed08da5d67c23ad8385ea0","name":"lodzdoly","image":{"@type":"ImageObject","inLanguage":"pl-PL","@id":"https:\/\/mathriders.pl\/lodz-baluty\/#\/schema\/person\/image\/","url":"https:\/\/secure.gravatar.com\/avatar\/ee5b203a09231755716c952d12363f1974048d420ec7542a83e53459231e15ad?s=96&d=mm&r=g","contentUrl":"https:\/\/secure.gravatar.com\/avatar\/ee5b203a09231755716c952d12363f1974048d420ec7542a83e53459231e15ad?s=96&d=mm&r=g","caption":"lodzdoly"},"url":"https:\/\/mathriders.pl\/lodz-baluty\/aktualnosci\/author\/lodzdoly\/"}]}},"taxonomy_info":{"category":[{"value":1,"label":"Aktualno\u015bci"}]},"featured_image_src_large":["https:\/\/mathriders.pl\/lodz-baluty\/wp-content\/uploads\/sites\/61\/2024\/10\/konferencja-mr-1024x614.png",1024,614,true],"author_info":{"display_name":"lodzdoly","author_link":"https:\/\/mathriders.pl\/lodz-baluty\/aktualnosci\/author\/lodzdoly\/"},"comment_info":0,"category_info":[{"term_id":1,"name":"Aktualno\u015bci","slug":"aktualnosci","term_group":0,"term_taxonomy_id":1,"taxonomy":"category","description":"","parent":0,"count":8,"filter":"raw","cat_ID":1,"category_count":8,"category_description":"","cat_name":"Aktualno\u015bci","category_nicename":"aktualnosci","category_parent":0}],"tag_info":false,"_links":{"self":[{"href":"https:\/\/mathriders.pl\/lodz-baluty\/wp-json\/wp\/v2\/posts\/622","targetHints":{"allow":["GET"]}}],"collection":[{"href":"https:\/\/mathriders.pl\/lodz-baluty\/wp-json\/wp\/v2\/posts"}],"about":[{"href":"https:\/\/mathriders.pl\/lodz-baluty\/wp-json\/wp\/v2\/types\/post"}],"author":[{"embeddable":true,"href":"https:\/\/mathriders.pl\/lodz-baluty\/wp-json\/wp\/v2\/users\/68"}],"replies":[{"embeddable":true,"href":"https:\/\/mathriders.pl\/lodz-baluty\/wp-json\/wp\/v2\/comments?post=622"}],"version-history":[{"count":1,"href":"https:\/\/mathriders.pl\/lodz-baluty\/wp-json\/wp\/v2\/posts\/622\/revisions"}],"predecessor-version":[{"id":624,"href":"https:\/\/mathriders.pl\/lodz-baluty\/wp-json\/wp\/v2\/posts\/622\/revisions\/624"}],"wp:featuredmedia":[{"embeddable":true,"href":"https:\/\/mathriders.pl\/lodz-baluty\/wp-json\/wp\/v2\/media\/623"}],"wp:attachment":[{"href":"https:\/\/mathriders.pl\/lodz-baluty\/wp-json\/wp\/v2\/media?parent=622"}],"wp:term":[{"taxonomy":"category","embeddable":true,"href":"https:\/\/mathriders.pl\/lodz-baluty\/wp-json\/wp\/v2\/categories?post=622"},{"taxonomy":"post_tag","embeddable":true,"href":"https:\/\/mathriders.pl\/lodz-baluty\/wp-json\/wp\/v2\/tags?post=622"}],"curies":[{"name":"wp","href":"https:\/\/api.w.org\/{rel}","templated":true}]}}